{"id":20708,"date":"2023-12-24T08:35:32","date_gmt":"2023-12-24T11:35:32","guid":{"rendered":"https:\/\/www.jornalcontato.com.br\/home\/?p=20708"},"modified":"2023-12-24T08:35:32","modified_gmt":"2023-12-24T11:35:32","slug":"2023-o-ano-que-poderia-nao-ter-sido-jc-sebe-bom-meihy","status":"publish","type":"post","link":"https:\/\/www.jornalcontato.com.br\/home\/index.php\/2023-o-ano-que-poderia-nao-ter-sido-jc-sebe-bom-meihy\/","title":{"rendered":"2023, O ANO QUE PODERIA N\u00c3O TER SIDO (JC Sebe Bom Meihy)"},"content":{"rendered":"<p>Outubro \u00e9 um m\u00eas complicado e de tal maneira perturbador que alguns especialistas apontam estrat\u00e9gias para seu enfrentamento. Sob o sugestivo t\u00edtulo \u201c<em>Gerenciando a \u2018Outubrite\u2019: um guia completo para voc\u00ea enfrentar a tens\u00e3o<\/em>\u201d, artigo estampado no Estado de Minas, Flavio de Castro, analista de Educa\u00e7\u00e3o, elenca dicas para a supera\u00e7\u00e3o das tens\u00f5es: consci\u00eancia dos problemas, pausa reflex\u00f5es sobre alternativas, diminui\u00e7\u00e3o das atribui\u00e7\u00f5es complementares. Dimensiona o d\u00e9cimo m\u00eas do calend\u00e1rio como uma dobra fatal onde o cansa\u00e7o, as decep\u00e7\u00f5es, a ansiedade e desencantos dos planos inconclusos se soldam frente olhar medido do fim do ano. E acresce-se que 2023 foi per\u00edodo de elei\u00e7\u00f5es arrastadas, tensas, fracionadoras de posi\u00e7\u00f5es pol\u00edticas com efeitos estendidos. E como tem do\u00eddo a tritura\u00e7\u00e3o de amigos, parentes e pessoal de conv\u00edvio! N\u00e3o bastasse, a guerra da Ucr\u00e2nia iniciada logo em fevereiro, se junta a outra, ocorrida em novembro, provocando o dram\u00e1tico confronto da Palestina e Israel. Isso sem contar outras que n\u00e3o comp\u00f5em considera\u00e7\u00f5es jornal\u00edsticas como as do I\u00eamen, Sud\u00e3o, Burkina Faso, Eti\u00f3pia. E agora at\u00e9 a prec\u00e1ria vizinha Venezuela se arvora b\u00e9lica amea\u00e7ando a paz continental.<\/p>\n<p><a href=\"https:\/\/jornalcontato.com.br\/home\/wp-content\/uploads\/2023\/12\/Burkina-Faso.jpg\"><img loading=\"lazy\" decoding=\"async\" class=\"aligncenter size-large wp-image-20709\" src=\"https:\/\/jornalcontato.com.br\/home\/wp-content\/uploads\/2023\/12\/Burkina-Faso-450x253.jpg\" alt=\"\" width=\"450\" height=\"253\" srcset=\"https:\/\/jornalcontato.com.br\/home\/wp-content\/uploads\/2023\/12\/Burkina-Faso-450x253.jpg 450w, https:\/\/jornalcontato.com.br\/home\/wp-content\/uploads\/2023\/12\/Burkina-Faso-300x169.jpg 300w, https:\/\/jornalcontato.com.br\/home\/wp-content\/uploads\/2023\/12\/Burkina-Faso.jpg 640w\" sizes=\"auto, (max-width: 450px) 100vw, 450px\" \/><\/a><\/p>\n<p style=\"text-align: center;\"><em><strong>Trag\u00e9dia de Burkina Faso fora do foco da grande imprensa<\/strong><\/em><\/p>\n<p>E pensar que tudo come\u00e7ou, no primeiro de janeiro, com uma festa que prometia realinhamento do pa\u00eds, mas que com 8 dias passados manchou o l\u00edmpido e democr\u00e1tico sonho de quantos supunham uma caminhada conciliadora. Ali\u00e1s, a essas decep\u00e7\u00f5es pol\u00edticas outras se somaram machucando a sensibilidade coletiva. E foram mortes ic\u00f4nicas que nos arranharam sobremaneira: Gloria Maria, Aracy Balabanian, Juca Chaves, Rita Lee, a simp\u00e1tica Palmirinha; no futebol perdemos Roberto Dinamite e nas letras Cleonice Berardinelli, entre tantos outros talentos que afinal nos soldavam. N\u00e3o bastasse, atravessamos o ano mais quente dos \u00faltimos 125 anos e n\u00e3o faltaram secas inclementes, chuvas torrenciais, fen\u00f4menos nunca vistos em escala t\u00e3o expressiva.<\/p>\n<p>Qualquer invent\u00e1rio sobre os fatos ocorridos traz enredos apavorantes. Mas \u00e9 ano que se finda e de algum lugar temos que tirar for\u00e7as para remo\u00e7ar esperan\u00e7as. Fica claro que n\u00e3o ser\u00e1 f\u00e1cil virar o jogo, dar sustento \u00e0 m\u00e1gica mudan\u00e7a do contexto. Exatamente por isso, creio, h\u00e1 uma chance que merece destaque: a consci\u00eancia do reencontro pessoal, de n\u00f3s com nosso interior. Sem cair no chav\u00e3o que inventa um \u201cnovo tempo\u201d, me animo pensar que o melhor do ano \u00e9 constatar que com ele amadurecemos na certeza da realiza\u00e7\u00e3o de um caminho de volta a n\u00f3s mesmos. Falo especificamente do direito ao recolhimento, \u00e0 intimidade reflexiva. Como se fosse um balan\u00e7o existencial. Tudo isso, por\u00e9m, sem cair em exclusivismos ego\u00edstas ou aliena\u00e7\u00f5es. Pelo reverso, com o aprimoramento pessoal sup\u00f5em-se crescimento comunit\u00e1rio.<\/p>\n<p>Sem esquecer do mundo, longe de alheamentos, o verbo contemplar pode ser bom aliado contra a cole\u00e7\u00e3o de amea\u00e7as externas. E vale ressuscitar a pr\u00e1tica dos projetos de ano novo, mas de maneira comedida e de alcance pessoal e imediato. No meu caso, com certeza, buscarei dar menos opini\u00e3o e ouvir muito mais, ser\u00e1 animador admitir minha pequenez frente a quest\u00f5es que se agigantaram no contexto da globaliza\u00e7\u00e3o. E olhe que n\u00e3o se trata de alguma resigna\u00e7\u00e3o ou aceita\u00e7\u00e3o passiva. Pelo avesso, nutro supostos em ensinamento velhos, no caso derivados das li\u00e7\u00f5es de S\u00f3crates no famoso \u201cconhece-te a ti mesmo\u201d. E o apelo filos\u00f3fico leva a divis\u00e3o clara do que Epicteto chamou de \u201cesfera interna da vontade X esfera externa da vontade\u201d. E lembro que S\u00eaneca, tamb\u00e9m estoico, deixou marcada em suas \u201c<em>Cartas ao disc\u00edpulo Luc\u00edlio<\/em>\u201d a responsabilidade de enfrentar os desafios pessoais n\u00e3o resolvidos, cultivar conhecimento e cuidar de novas conex\u00f5es com o alheio.<\/p>\n<p><a href=\"https:\/\/jornalcontato.com.br\/home\/wp-content\/uploads\/2023\/12\/Epicteto.png\"><img loading=\"lazy\" decoding=\"async\" class=\"aligncenter size-large wp-image-20710\" src=\"https:\/\/jornalcontato.com.br\/home\/wp-content\/uploads\/2023\/12\/Epicteto-450x224.png\" alt=\"\" width=\"450\" height=\"224\" srcset=\"https:\/\/jornalcontato.com.br\/home\/wp-content\/uploads\/2023\/12\/Epicteto-450x224.png 450w, https:\/\/jornalcontato.com.br\/home\/wp-content\/uploads\/2023\/12\/Epicteto-300x149.png 300w, https:\/\/jornalcontato.com.br\/home\/wp-content\/uploads\/2023\/12\/Epicteto-768x382.png 768w, https:\/\/jornalcontato.com.br\/home\/wp-content\/uploads\/2023\/12\/Epicteto.png 1024w\" sizes=\"auto, (max-width: 450px) 100vw, 450px\" \/><\/a><\/p>\n<p style=\"text-align: center;\"><em><strong>Epicteto, de escravo a requisitado fil\u00f3sofo<\/strong><\/em><\/p>\n<p>As li\u00e7\u00f5es do passado ganham roupagem nova quando se reconhece no s\u00e9culo XX a for\u00e7a individual expressa na liberdade de escolhas inscrita na busca de significados existenciais no mundo ca\u00f3tico. Com aprofundamento em quest\u00f5es \u00e9ticas, o auto olhar proposto por fil\u00f3sofos como Sartre e Camus convoca a discuss\u00e3o sobre o dilema vivencial repartido entre a \u201cn\u00e1usea do mundo\u201d e o alcance individual capaz de acionar a\u00e7\u00f5es explicativas do limite pessoal que s\u00f3 se plenifica frente a consci\u00eancia de nossa finitude. M\u00e9rito da postura existencialista o reconhecimento da complexidade individual que se bem nutrida pode ser agente capaz de promover a felicidade pessoal independentemente do n\u00edvel de tens\u00e3o ambiental.<\/p>\n<p>M\u00e9rito da constata\u00e7\u00e3o de nossos limites na solu\u00e7\u00e3o de dramas sociais, a possibilidade de volta a si mesmo ganha foros de ant\u00eddoto para o ano novo. Que 2024 venha com a carga que vier, e que tenhamos for\u00e7a, coragem e preparo para reverter o peso negativo inerente aos pret\u00e9ritos recentes. E que o dia 1 de janeiro deste ano seja a chave que abra nossa porta pessoal, condi\u00e7\u00e3o \u00fanica do que pode nos ressignificar no mundo.<\/p>\n","protected":false},"excerpt":{"rendered":"<p>Outubro \u00e9 um m\u00eas complicado e de tal maneira perturbador que alguns especialistas apontam estrat\u00e9gias para seu enfrentamento. Sob o sugestivo t\u00edtulo \u201cGerenciando a \u2018Outubrite\u2019: &#8230;<\/p>\n","protected":false},"author":1,"featured_media":20711,"comment_status":"open","ping_status":"open","sticky":false,"template":"","format":"standard","meta":{"footnotes":""},"categories":[1],"tags":[],"class_list":["post-20708","post","type-post","status-publish","format-standard","has-post-thumbnail","hentry","category-nacional"],"_links":{"self":[{"href":"https:\/\/www.jornalcontato.com.br\/home\/index.php\/wp-json\/wp\/v2\/posts\/20708","targetHints":{"allow":["GET"]}}],"collection":[{"href":"https:\/\/www.jornalcontato.com.br\/home\/index.php\/wp-json\/wp\/v2\/posts"}],"about":[{"href":"https:\/\/www.jornalcontato.com.br\/home\/index.php\/wp-json\/wp\/v2\/types\/post"}],"author":[{"embeddable":true,"href":"https:\/\/www.jornalcontato.com.br\/home\/index.php\/wp-json\/wp\/v2\/users\/1"}],"replies":[{"embeddable":true,"href":"https:\/\/www.jornalcontato.com.br\/home\/index.php\/wp-json\/wp\/v2\/comments?post=20708"}],"version-history":[{"count":1,"href":"https:\/\/www.jornalcontato.com.br\/home\/index.php\/wp-json\/wp\/v2\/posts\/20708\/revisions"}],"predecessor-version":[{"id":20712,"href":"https:\/\/www.jornalcontato.com.br\/home\/index.php\/wp-json\/wp\/v2\/posts\/20708\/revisions\/20712"}],"wp:featuredmedia":[{"embeddable":true,"href":"https:\/\/www.jornalcontato.com.br\/home\/index.php\/wp-json\/wp\/v2\/media\/20711"}],"wp:attachment":[{"href":"https:\/\/www.jornalcontato.com.br\/home\/index.php\/wp-json\/wp\/v2\/media?parent=20708"}],"wp:term":[{"taxonomy":"category","embeddable":true,"href":"https:\/\/www.jornalcontato.com.br\/home\/index.php\/wp-json\/wp\/v2\/categories?post=20708"},{"taxonomy":"post_tag","embeddable":true,"href":"https:\/\/www.jornalcontato.com.br\/home\/index.php\/wp-json\/wp\/v2\/tags?post=20708"}],"curies":[{"name":"wp","href":"https:\/\/api.w.org\/{rel}","templated":true}]}}