{"id":20703,"date":"2023-12-21T12:05:00","date_gmt":"2023-12-21T15:05:00","guid":{"rendered":"https:\/\/www.jornalcontato.com.br\/home\/?p=20703"},"modified":"2023-12-21T12:05:00","modified_gmt":"2023-12-21T15:05:00","slug":"esse-merece-seu-voto-mouzar-benedito","status":"publish","type":"post","link":"https:\/\/www.jornalcontato.com.br\/home\/index.php\/esse-merece-seu-voto-mouzar-benedito\/","title":{"rendered":"ESSE MERECE SEU VOTO (MOUZAR BENEDITO)"},"content":{"rendered":"<p>No pr\u00f3ximo ano tem elei\u00e7\u00e3o para prefeitos e vereadores. Falta muito tempo, mas me lembrei de um vereador do passado que eu votaria com gosto, o jornalista e humorista Apar\u00edcio Torelly, que usava o pseud\u00f4nimo Bar\u00e3o de Itarar\u00e9. Era ga\u00facho, mas morava no Rio de Janeiro quando resolveu se candidatar a vereador pelo Partido Comunista, em 1947.<\/p>\n<p>Era um tempo que tinha muita falta d\u2019\u00e1gua e de leite no Rio, e diziam que os vendedores misturavam \u00e1gua no leite. Como grande gozador, o Bar\u00e3o tinha um lema: \u201cMais \u00e1gua e mais leite, mas menos \u00e1gua no leite\u201d.<\/p>\n<p>Foi eleito com uma boa vota\u00e7\u00e3o e se revelou um vereador dos mais combativos, defensor de causas populares, como o voto para os analfabetos; e denunciou a situa\u00e7\u00e3o dos \u00edndios, que eram roubados, usurpados de suas terras.<\/p>\n<p>Mas n\u00e3o era careta. Seus discursos eram sempre cheios de humor.<\/p>\n<p><a href=\"https:\/\/jornalcontato.com.br\/home\/wp-content\/uploads\/2023\/12\/Barao-de-Itarare.png\"><img loading=\"lazy\" decoding=\"async\" class=\"aligncenter size-full wp-image-20704\" src=\"https:\/\/jornalcontato.com.br\/home\/wp-content\/uploads\/2023\/12\/Barao-de-Itarare.png\" alt=\"\" width=\"400\" height=\"400\" srcset=\"https:\/\/jornalcontato.com.br\/home\/wp-content\/uploads\/2023\/12\/Barao-de-Itarare.png 400w, https:\/\/jornalcontato.com.br\/home\/wp-content\/uploads\/2023\/12\/Barao-de-Itarare-300x300.png 300w, https:\/\/jornalcontato.com.br\/home\/wp-content\/uploads\/2023\/12\/Barao-de-Itarare-150x150.png 150w, https:\/\/jornalcontato.com.br\/home\/wp-content\/uploads\/2023\/12\/Barao-de-Itarare-80x80.png 80w, https:\/\/jornalcontato.com.br\/home\/wp-content\/uploads\/2023\/12\/Barao-de-Itarare-360x360.png 360w\" sizes=\"auto, (max-width: 400px) 100vw, 400px\" \/><\/a><\/p>\n<p>As sess\u00f5es da C\u00e2mara Municipal eram transmitidas ao vivo por uma emissora de r\u00e1dio. E quando o Bar\u00e3o discursava, todo mundo parava para ouvir. Lavadeiras paravam seu trabalho, pedreiros tamb\u00e9m&#8230;<\/p>\n<p>Segundo Luiz Carlos Prestes, at\u00e9 moradoras de favelas paravam de ouvir novelas de r\u00e1dio para ouvir o Bar\u00e3o. Era uma divers\u00e3o ouvir os discursos dele, que gozavam os vereadores ruins, como muitos direitistas bestas que vemos n\u00e3o s\u00f3 nas c\u00e2maras municipais. At\u00e9 hoje tem muitos vereadores assim, e at\u00e9 mais. E tamb\u00e9m deputados estaduais e federais e senadores bestas mais graduados.<\/p>\n<p>Numa discuss\u00e3o da C\u00e2mara de Vereadores sobre a pol\u00edtica econ\u00f4mica, um dos parlamentares perguntou se algu\u00e9m sabia qual era a posi\u00e7\u00e3o do senador governista Filinto M\u00fcller, que foi chefe de pol\u00edcia dos mais sangrentos na ditadura getulista, e era muito influente no governo Dutra. O Bar\u00e3o lhe informou:<\/p>\n<p>\u201cEu sei, \u00e9 tr\u00eas dedos abaixo do rabo do cachorro\u201d.<\/p>\n<p>Acontece que o presidente Dutra era submisso aos Estados Unidos e, com uma base parlamentar direitista, cancelou o registro do Partido Comunista. Assim, todos os parlamentares desse partido foram cassados, perderam seus mandatos. Entre eles, o Bar\u00e3o de Itarar\u00e9, que discursou pela \u00faltima vez na tribuna da C\u00e2mara:<\/p>\n<p>\u201cSaio da vida p\u00fablica para entrar na privada\u201d.<\/p>\n<p>Segundo consta, ele fez isso mesmo: saiu da tribuna e foi direto para o banheiro. Depois, saiu gritando frases gozadoras e pegou tr\u00eas meses de cadeia.<\/p>\n","protected":false},"excerpt":{"rendered":"<p>No pr\u00f3ximo ano tem elei\u00e7\u00e3o para prefeitos e vereadores. Falta muito tempo, mas me lembrei de um vereador do passado que eu votaria com gosto, &#8230;<\/p>\n","protected":false},"author":1,"featured_media":20705,"comment_status":"open","ping_status":"open","sticky":false,"template":"","format":"standard","meta":{"footnotes":""},"categories":[1],"tags":[],"class_list":["post-20703","post","type-post","status-publish","format-standard","has-post-thumbnail","hentry","category-nacional"],"_links":{"self":[{"href":"https:\/\/www.jornalcontato.com.br\/home\/index.php\/wp-json\/wp\/v2\/posts\/20703","targetHints":{"allow":["GET"]}}],"collection":[{"href":"https:\/\/www.jornalcontato.com.br\/home\/index.php\/wp-json\/wp\/v2\/posts"}],"about":[{"href":"https:\/\/www.jornalcontato.com.br\/home\/index.php\/wp-json\/wp\/v2\/types\/post"}],"author":[{"embeddable":true,"href":"https:\/\/www.jornalcontato.com.br\/home\/index.php\/wp-json\/wp\/v2\/users\/1"}],"replies":[{"embeddable":true,"href":"https:\/\/www.jornalcontato.com.br\/home\/index.php\/wp-json\/wp\/v2\/comments?post=20703"}],"version-history":[{"count":1,"href":"https:\/\/www.jornalcontato.com.br\/home\/index.php\/wp-json\/wp\/v2\/posts\/20703\/revisions"}],"predecessor-version":[{"id":20706,"href":"https:\/\/www.jornalcontato.com.br\/home\/index.php\/wp-json\/wp\/v2\/posts\/20703\/revisions\/20706"}],"wp:featuredmedia":[{"embeddable":true,"href":"https:\/\/www.jornalcontato.com.br\/home\/index.php\/wp-json\/wp\/v2\/media\/20705"}],"wp:attachment":[{"href":"https:\/\/www.jornalcontato.com.br\/home\/index.php\/wp-json\/wp\/v2\/media?parent=20703"}],"wp:term":[{"taxonomy":"category","embeddable":true,"href":"https:\/\/www.jornalcontato.com.br\/home\/index.php\/wp-json\/wp\/v2\/categories?post=20703"},{"taxonomy":"post_tag","embeddable":true,"href":"https:\/\/www.jornalcontato.com.br\/home\/index.php\/wp-json\/wp\/v2\/tags?post=20703"}],"curies":[{"name":"wp","href":"https:\/\/api.w.org\/{rel}","templated":true}]}}