{"id":20688,"date":"2023-12-15T10:55:20","date_gmt":"2023-12-15T13:55:20","guid":{"rendered":"https:\/\/www.jornalcontato.com.br\/home\/?p=20688"},"modified":"2023-12-15T11:28:51","modified_gmt":"2023-12-15T14:28:51","slug":"dino-divide-bolsonaristas-paulo-de-tarso","status":"publish","type":"post","link":"https:\/\/www.jornalcontato.com.br\/home\/index.php\/dino-divide-bolsonaristas-paulo-de-tarso\/","title":{"rendered":"Dino divide bolsonaristas (Paulo de Tarso)"},"content":{"rendered":"<p>Nem Olavo de Carvalho conseguiu amansar a ira da extrema direita com a indica\u00e7\u00e3o de Fl\u00e1vio Dino para o STF. Senador Eduardo Gir\u00e3o abriu a sess\u00e3o de besteirol de 13 de dezembro: \u201cTem uma coincid\u00eancia a\u00ed grande. N\u00e3o apenas \u00e9 o n\u00famero do PT, mas tamb\u00e9m o anivers\u00e1rio do Ministro Alexandre de Moraes. Essas coincid\u00eancias, n\u00e3o \u00e9?\u201d. Mas se esqueceu da edi\u00e7\u00e3o do AI-5 que ele e seus correligion\u00e1rios cultuam.<\/p>\n<p>Em seguida, entra em cena o senador Marcos do Val. Que se apresenta como instrutor da SWAT: \u201cO senhor vai seguir a cartilha de Lenin?\u201d. A fila continuou: \u201cTenho medo da influ\u00eancia da ideologia comunista nas suas decis\u00f5es\u201d, (pastora Damares Alves); \u201cA urna n\u00e3o \u00e9 audit\u00e1vel\u201d, (senador Izalci Lucas); \u201cAnistia aos patriotas de 8 de janeiro para distensionar o pa\u00eds\u201d, (senador Carlos Portinho).<\/p>\n<p><a href=\"https:\/\/jornalcontato.com.br\/home\/wp-content\/uploads\/2023\/12\/Mourao-e-Dino.webp\"><img loading=\"lazy\" decoding=\"async\" class=\"aligncenter size-large wp-image-20690\" src=\"https:\/\/jornalcontato.com.br\/home\/wp-content\/uploads\/2023\/12\/Mourao-e-Dino-450x300.webp\" alt=\"\" width=\"450\" height=\"300\" srcset=\"https:\/\/jornalcontato.com.br\/home\/wp-content\/uploads\/2023\/12\/Mourao-e-Dino-450x300.webp 450w, https:\/\/jornalcontato.com.br\/home\/wp-content\/uploads\/2023\/12\/Mourao-e-Dino-300x200.webp 300w, https:\/\/jornalcontato.com.br\/home\/wp-content\/uploads\/2023\/12\/Mourao-e-Dino.webp 750w\" sizes=\"auto, (max-width: 450px) 100vw, 450px\" \/><\/a><\/p>\n<p style=\"text-align: center;\"><em><strong>Mour\u00e3o e Dino: Companheiros nacional estatistas no Senado dia 12<\/strong><\/em><\/p>\n<p>Deputado Gilvan Aguiar Costa, do PL, claro, preferiu gravar um v\u00eddeo enrolado na bandeira nacional, postado no Taubatherium pelo seu correligion\u00e1rio Ney \u201csentado na ponte\u201d para destilar seu \u00f3dio e frustra\u00e7\u00e3o. \u00d3dio pela aprova\u00e7\u00e3o de Dino e frustra\u00e7\u00e3o com seus senadores como os senadores S\u00e9rgio Moro e Hamilton Mour\u00e3o que fizeram quest\u00e3o de, alegres e sorridentes, beijar a m\u00e3o de Dino. Confira a postagem de Ney que replico abaixo.<\/p>\n<p><a href=\"https:\/\/jornalcontato.com.br\/home\/wp-content\/uploads\/2023\/12\/Deputado-Gilvan.jpg\"><img loading=\"lazy\" decoding=\"async\" class=\"aligncenter size-large wp-image-20692\" src=\"https:\/\/jornalcontato.com.br\/home\/wp-content\/uploads\/2023\/12\/Deputado-Gilvan-450x338.jpg\" alt=\"\" width=\"450\" height=\"338\" srcset=\"https:\/\/jornalcontato.com.br\/home\/wp-content\/uploads\/2023\/12\/Deputado-Gilvan-450x338.jpg 450w, https:\/\/jornalcontato.com.br\/home\/wp-content\/uploads\/2023\/12\/Deputado-Gilvan-300x225.jpg 300w, https:\/\/jornalcontato.com.br\/home\/wp-content\/uploads\/2023\/12\/Deputado-Gilvan.jpg 640w\" sizes=\"auto, (max-width: 450px) 100vw, 450px\" \/><\/a><\/p>\n<p style=\"text-align: center;\"><em><strong>Deputado Gilvan (PL) lamentando a trai\u00e7\u00e3o sofrida<\/strong><\/em><\/p>\n<p>E a confiss\u00e3o do senador Fl\u00e1vio Bolsonaro, filho do capit\u00e3o ex-presidente? Nn\u00e3o lembra? Ele revelou nessa sess\u00e3o do senado que havia recusado o convite de seu pai para assumir uma vaga no Supremo.<\/p>\n<p>Nada como um pai exemplar!!<\/p>\n","protected":false},"excerpt":{"rendered":"<p>Nem Olavo de Carvalho conseguiu amansar a ira da extrema direita com a indica\u00e7\u00e3o de Fl\u00e1vio Dino para o STF. Senador Eduardo Gir\u00e3o abriu a &#8230;<\/p>\n","protected":false},"author":1,"featured_media":20693,"comment_status":"open","ping_status":"open","sticky":false,"template":"","format":"standard","meta":{"footnotes":""},"categories":[1],"tags":[],"class_list":["post-20688","post","type-post","status-publish","format-standard","has-post-thumbnail","hentry","category-nacional"],"_links":{"self":[{"href":"https:\/\/www.jornalcontato.com.br\/home\/index.php\/wp-json\/wp\/v2\/posts\/20688","targetHints":{"allow":["GET"]}}],"collection":[{"href":"https:\/\/www.jornalcontato.com.br\/home\/index.php\/wp-json\/wp\/v2\/posts"}],"about":[{"href":"https:\/\/www.jornalcontato.com.br\/home\/index.php\/wp-json\/wp\/v2\/types\/post"}],"author":[{"embeddable":true,"href":"https:\/\/www.jornalcontato.com.br\/home\/index.php\/wp-json\/wp\/v2\/users\/1"}],"replies":[{"embeddable":true,"href":"https:\/\/www.jornalcontato.com.br\/home\/index.php\/wp-json\/wp\/v2\/comments?post=20688"}],"version-history":[{"count":3,"href":"https:\/\/www.jornalcontato.com.br\/home\/index.php\/wp-json\/wp\/v2\/posts\/20688\/revisions"}],"predecessor-version":[{"id":20697,"href":"https:\/\/www.jornalcontato.com.br\/home\/index.php\/wp-json\/wp\/v2\/posts\/20688\/revisions\/20697"}],"wp:featuredmedia":[{"embeddable":true,"href":"https:\/\/www.jornalcontato.com.br\/home\/index.php\/wp-json\/wp\/v2\/media\/20693"}],"wp:attachment":[{"href":"https:\/\/www.jornalcontato.com.br\/home\/index.php\/wp-json\/wp\/v2\/media?parent=20688"}],"wp:term":[{"taxonomy":"category","embeddable":true,"href":"https:\/\/www.jornalcontato.com.br\/home\/index.php\/wp-json\/wp\/v2\/categories?post=20688"},{"taxonomy":"post_tag","embeddable":true,"href":"https:\/\/www.jornalcontato.com.br\/home\/index.php\/wp-json\/wp\/v2\/tags?post=20688"}],"curies":[{"name":"wp","href":"https:\/\/api.w.org\/{rel}","templated":true}]}}