{"id":20682,"date":"2023-12-10T12:25:52","date_gmt":"2023-12-10T15:25:52","guid":{"rendered":"https:\/\/www.jornalcontato.com.br\/home\/?p=20682"},"modified":"2023-12-10T12:25:52","modified_gmt":"2023-12-10T15:25:52","slug":"flores-no-masculino-jc-sebe-bom-meihy","status":"publish","type":"post","link":"https:\/\/www.jornalcontato.com.br\/home\/index.php\/flores-no-masculino-jc-sebe-bom-meihy\/","title":{"rendered":"FLORES NO MASCULINO (JC Sebe Bom Meihy)"},"content":{"rendered":"<p style=\"text-align: right;\"><em><strong>Para Ivan Leite<\/strong><\/em><\/p>\n<p>Eu gosto e muito. Muit\u00edssimo, diria. Sempre gostei de flores, mas houve um tempo (confesso at\u00e9 meio envergonhado) que nutria pudor em ostentar. Escondido, mo\u00e7o com necessidade de exibir a masculinidade internada em minha timidez, cultivava uma pequena variedade no quintal de casa. E era uma explos\u00e3o de alegria a cada rebento: rosas, violetas, cravos e mais: cravinas, margaridas, amor-perfeito. Beijinhos se fartavam e presidia especial cuidado para com as orqu\u00eddeas (pedantes e parcimoniosas). Havia certo tempero com beterrabas, cenouras, chuchu (que exageravam ocupando espa\u00e7os limitados). E nem faltavam lim\u00f5es, abacates, mangas. Diria que era um jardineiro rec\u00f4ndito, mas em festa, uma esp\u00e9cie de dono de um Jardinzinho de um Eden interiorano. Nossa, era feliz e sabia disso!&#8230;<\/p>\n<p>O tempo se cumpriu, mudei de casa para apartamentos e, em espa\u00e7os a cada vez menores, fui dando um jeito de me amoldar, adaptando as flores e folhagem: cactos, rosinhas, vasos tempor\u00e1rios se juntavam a outros permanentes. Mantive os eternos ant\u00farios de minha saudos\u00edssima m\u00e3e e dela tamb\u00e9m cuidei de preservar as espadas-de-S\u00e3o Jorge, samambaias e avencas: heran\u00e7a aben\u00e7oada. Ah, mantenho o velho comigo-ningu\u00e9m-pode e a costela-de-Ad\u00e3o, recorda\u00e7\u00f5es fertilizadas pelo cora\u00e7\u00e3o interiorano que insiste bater em meu peito.<\/p>\n<p><a href=\"https:\/\/jornalcontato.com.br\/home\/wp-content\/uploads\/2023\/12\/flores-para-presentear-ideias.jpg\"><img loading=\"lazy\" decoding=\"async\" class=\"aligncenter size-large wp-image-20684\" src=\"https:\/\/jornalcontato.com.br\/home\/wp-content\/uploads\/2023\/12\/flores-para-presentear-ideias-450x301.jpg\" alt=\"\" width=\"450\" height=\"301\" srcset=\"https:\/\/jornalcontato.com.br\/home\/wp-content\/uploads\/2023\/12\/flores-para-presentear-ideias-450x301.jpg 450w, https:\/\/jornalcontato.com.br\/home\/wp-content\/uploads\/2023\/12\/flores-para-presentear-ideias-300x201.jpg 300w, https:\/\/jornalcontato.com.br\/home\/wp-content\/uploads\/2023\/12\/flores-para-presentear-ideias-768x514.jpg 768w, https:\/\/jornalcontato.com.br\/home\/wp-content\/uploads\/2023\/12\/flores-para-presentear-ideias.jpg 1200w\" sizes=\"auto, (max-width: 450px) 100vw, 450px\" \/><\/a><\/p>\n<p>N\u00e3o. N\u00e3o deixo flores de pl\u00e1stico entrar em minha casa. Bonsai jamais, pois morro de agonia s\u00f3 em pensar em comprimir as ra\u00edzes que de outro jeito seriam \u201cnormais\u201d, coitadinhas. Tamb\u00e9m n\u00e3o gosto de \u201cterr\u00e1rios florais\u201d, pr\u00e1tica esdruxula de colocar as pobrezinhas dentro de recipientes de vidro transparente. Credo&#8230; Se critico de peixinhos nos aqu\u00e1rios, que diria de plantas&#8230;<\/p>\n<p>Confesso que uma vez n\u00e3o consegui agradecer um ramalhete de flores secas, ali\u00e1s, acho que fui grosseiro com a vizinha que queria me agradar. Da mesma forma, fui r\u00edspido com um amigo que me presenteou com livros sobre flores para medita\u00e7\u00e3o. Sabe, sou naturalista desbragado, gosto de flores livres, livres de verdade, mesmo que acanhadas em espa\u00e7os apertados ou em vasos. E converso muito com elas&#8230; Tem uma, que leva o nome de minha amada, com quem confidencio tudo, tudo. Pode?<\/p>\n<p>Tenho notado mudan\u00e7as culturais e exalto meu entusiasmo ao reconhecer que mais homens come\u00e7am a exibir preferencias floreiras. H\u00e1 mesmo um gozo vingativo em saber que at\u00e9 mach\u00f5es assumidos mostram-se felizes recebendo flores e que passam a compor listas de agradecimentos p\u00fablicos. Alguns, ali\u00e1s, at\u00e9 demonstram gestos de cortesia amistosa e retribuem com mais flores. Vale lembrar que tal liberta\u00e7\u00e3o \u00e9 conquista permitida pelo movimento feminista. Ave, pois, mulheres florescidas que legaram exemplos! Eu mesmo lembro-me de certa ocasi\u00e3o &#8211; era meu anivers\u00e1rio &#8211; e estando em aula na faculdade, fui surpreendido por algu\u00e9m que, sabedora de minha paix\u00e3o por rosas amarelas, caprichou num arranjo atrevido, recebido sob aplausos calorosos dos alunos.<\/p>\n<p>Mas em mim tanto cresceu o tema das prefer\u00eancias de flores que dia destes me surpreendi listando frases sobre o tema, e eis algumas (poucas):<\/p>\n<p>\u201cSou entre flor e nuvem. Por que havemos de ser unicamente humanos?\u201d\u00a0<a href=\"https:\/\/www.pensador.com\/autor\/cecilia_meireles\/\">Cec\u00edlia Meireles<\/a>.<\/p>\n<p>\u201cVoc\u00ea vai rir se lhe disser que estou cheio de flor e passarinhos&#8230; Que nada do que amei na vida se acabou: e mal consigo andar tanto isso pesa\u201d. <a href=\"https:\/\/www.pensador.com\/autor\/ferreira_gullar\/\">Ferreira Gullar<\/a><\/p>\n<p>\u201c\u00c9 de m\u00e1gica que eu dobro a vida em flor&#8230;\u201d\u00a0<a href=\"https:\/\/www.pensador.com\/autor\/los_hermanos\/\">Los Hermanos<\/a><\/p>\n<p><a href=\"https:\/\/jornalcontato.com.br\/home\/wp-content\/uploads\/2023\/12\/Rosas-amarelas.webp\"><img loading=\"lazy\" decoding=\"async\" class=\"aligncenter size-full wp-image-20685\" src=\"https:\/\/jornalcontato.com.br\/home\/wp-content\/uploads\/2023\/12\/Rosas-amarelas.webp\" alt=\"\" width=\"405\" height=\"405\" srcset=\"https:\/\/jornalcontato.com.br\/home\/wp-content\/uploads\/2023\/12\/Rosas-amarelas.webp 405w, https:\/\/jornalcontato.com.br\/home\/wp-content\/uploads\/2023\/12\/Rosas-amarelas-300x300.webp 300w, https:\/\/jornalcontato.com.br\/home\/wp-content\/uploads\/2023\/12\/Rosas-amarelas-150x150.webp 150w, https:\/\/jornalcontato.com.br\/home\/wp-content\/uploads\/2023\/12\/Rosas-amarelas-80x80.webp 80w, https:\/\/jornalcontato.com.br\/home\/wp-content\/uploads\/2023\/12\/Rosas-amarelas-360x360.webp 360w\" sizes=\"auto, (max-width: 405px) 100vw, 405px\" \/><\/a><\/p>\n<p>\u201cQuando voc\u00ea gosta de uma flor, voc\u00ea a arranca. Quando voc\u00ea ama uma flor, voc\u00ea a cultiva\u201d.\u00a0<a href=\"https:\/\/www.pensador.com\/autor\/buda\/\">Buda<\/a><\/p>\n<p>\u201cSinto urg\u00eancia em ser feliz e por isso quero o dom de agarrar a tristeza e trans(FLOR)m\u00e1-la em can\u00e7\u00e3o\u201d.\u00a0<a href=\"https:\/\/www.pensador.com\/autor\/wanderly_frota\/\">Wanderly Frota<\/a><\/p>\n<p>\u201cFez-se uma pausa no tempo, cessou todo meu pensamento e como acontece uma flor tamb\u00e9m acontece o amor&#8230; Assim, sucedeu e foi t\u00e3o de repente que a cabe\u00e7a da gente vira s\u00f3 cora\u00e7\u00e3o\u201d.\u00a0<a href=\"https:\/\/www.pensador.com\/autor\/tom_jobim\/\">Tom Jobim<\/a><\/p>\n<p>\u201cUma flor nasceu na rua!&#8230; \u00c9 feia. Mas \u00e9 flor. Furou o asfalto, o t\u00e9dio, o nojo e o \u00f3dio\u201d.\u00a0<a href=\"https:\/\/www.pensador.com\/autor\/carlos_drummond_de_andrade\/\">Carlos Drummond de Andrade<\/a><\/p>\n<p>\u201cPaci\u00eancia: \u00e9 o intervalo entre a semente e a flor\u201d.\u00a0\u00a0\u00a0\u00a0\u00a0\u00a0\u00a0\u00a0\u00a0\u00a0\u00a0\u00a0\u00a0 <a href=\"https:\/\/www.pensador.com\/autor\/ana_jacomo\/\">Ana J\u00e1como<\/a><\/p>\n<p>\u201cFiz a escalada da montanha da vida removendo pedras e plantando flores\u201d.\u00a0<a href=\"https:\/\/www.pensador.com\/autor\/cora_coralina\/\">Cora Coralina<\/a><\/p>\n<p>Pois, \u00e9, eu teria um canteiro completo de men\u00e7\u00f5es floreiras; vale dizer mais: teria um bosque, uma floresta mesmo com outras tantas frases, poemas, can\u00e7\u00f5es, mas resumo elogios com a indica\u00e7\u00e3o da mudan\u00e7a cultural provocada, depois de s\u00e9culos, pelo gosto masculino pelas flores. Parece que a delicadeza e o reconhecimento da beleza conseguiram fertilizar o g\u00eanero que antes, e no m\u00e1ximo, apenas ofertava. E sa\u00fado o novo homem que renasce em nova caminhada, com flores nas m\u00e3os, na cabe\u00e7a, no cora\u00e7\u00e3o e nas estradas da vida.<\/p>\n","protected":false},"excerpt":{"rendered":"<p>Para Ivan Leite Eu gosto e muito. Muit\u00edssimo, diria. Sempre gostei de flores, mas houve um tempo (confesso at\u00e9 meio envergonhado) que nutria pudor em &#8230;<\/p>\n","protected":false},"author":1,"featured_media":20683,"comment_status":"open","ping_status":"open","sticky":false,"template":"","format":"standard","meta":{"footnotes":""},"categories":[1],"tags":[],"class_list":["post-20682","post","type-post","status-publish","format-standard","has-post-thumbnail","hentry","category-nacional"],"_links":{"self":[{"href":"https:\/\/www.jornalcontato.com.br\/home\/index.php\/wp-json\/wp\/v2\/posts\/20682","targetHints":{"allow":["GET"]}}],"collection":[{"href":"https:\/\/www.jornalcontato.com.br\/home\/index.php\/wp-json\/wp\/v2\/posts"}],"about":[{"href":"https:\/\/www.jornalcontato.com.br\/home\/index.php\/wp-json\/wp\/v2\/types\/post"}],"author":[{"embeddable":true,"href":"https:\/\/www.jornalcontato.com.br\/home\/index.php\/wp-json\/wp\/v2\/users\/1"}],"replies":[{"embeddable":true,"href":"https:\/\/www.jornalcontato.com.br\/home\/index.php\/wp-json\/wp\/v2\/comments?post=20682"}],"version-history":[{"count":1,"href":"https:\/\/www.jornalcontato.com.br\/home\/index.php\/wp-json\/wp\/v2\/posts\/20682\/revisions"}],"predecessor-version":[{"id":20686,"href":"https:\/\/www.jornalcontato.com.br\/home\/index.php\/wp-json\/wp\/v2\/posts\/20682\/revisions\/20686"}],"wp:featuredmedia":[{"embeddable":true,"href":"https:\/\/www.jornalcontato.com.br\/home\/index.php\/wp-json\/wp\/v2\/media\/20683"}],"wp:attachment":[{"href":"https:\/\/www.jornalcontato.com.br\/home\/index.php\/wp-json\/wp\/v2\/media?parent=20682"}],"wp:term":[{"taxonomy":"category","embeddable":true,"href":"https:\/\/www.jornalcontato.com.br\/home\/index.php\/wp-json\/wp\/v2\/categories?post=20682"},{"taxonomy":"post_tag","embeddable":true,"href":"https:\/\/www.jornalcontato.com.br\/home\/index.php\/wp-json\/wp\/v2\/tags?post=20682"}],"curies":[{"name":"wp","href":"https:\/\/api.w.org\/{rel}","templated":true}]}}