{"id":20659,"date":"2023-11-26T08:15:31","date_gmt":"2023-11-26T11:15:31","guid":{"rendered":"https:\/\/www.jornalcontato.com.br\/home\/?p=20659"},"modified":"2023-11-26T08:16:42","modified_gmt":"2023-11-26T11:16:42","slug":"em-busca-de-causas-perdidas-jc-sebe-bom-meihy","status":"publish","type":"post","link":"https:\/\/www.jornalcontato.com.br\/home\/index.php\/em-busca-de-causas-perdidas-jc-sebe-bom-meihy\/","title":{"rendered":"EM BUSCA DE CAUSAS PERDIDAS (JC Sebe Bom Meihy)"},"content":{"rendered":"<p style=\"text-align: center;\"><em><strong>A GEST\u00c3O CORRUPTA DE COLLOR DE MELLO COLOCOU OS CARAS-PINTADAS NAS RUAS EM 1992<\/strong><\/em><\/p>\n<p>Juntei tudo sob um s\u00f3 denominador comum: o diagn\u00f3stico de nosso tempo. Comecei pelo stress que tem comparecido em todas os balan\u00e7os sobre a vida nesses dias guerreiros. Repararam como at\u00e9 quando o mec\u00e2nico \u201cvou bem\u201d \u00e9 retrucado no avan\u00e7o da conversa\u00e7\u00e3o as pessoas emendam \u201cando cansado\/a demais\u201d. E ent\u00e3o listei situa\u00e7\u00f5es que implicam o esgotamento coletivo: ressaca da pandemia; \u00f3dio pol\u00edtico exacerbado; medo de assalto; negacionismos variados \u2013 al\u00e9m de cient\u00edfico, cultural; custo de vida; inseguran\u00e7a alimentar; polariza\u00e7\u00e3o de classes sociais; depend\u00eancia de redes sociais; aquecimento global; abuso de \u00e1lcool e drogas daninhas; competitividade profissional, pressa, CPis, pol\u00edtica partid\u00e1ria. Pronto, est\u00e1 nuan\u00e7ado o diagn\u00f3stico para tanto abatimento.<\/p>\n<p>Dei uma dimens\u00e3o de tempo e avaliei que h\u00e1 poucas d\u00e9cadas os problemas se agravaram de maneira a produzir uma gera\u00e7\u00e3o sem causas definidas, sem objetivos comunit\u00e1rios ou preocupa\u00e7\u00e3o com o social. Ousei pensar que o \u00faltimo movimento que deu forma a uma raz\u00e3o coletiva entre nossos jovens foi o \u201ccaras-pintadas\u201d que juntou mo\u00e7os e mo\u00e7as, estudantes, em 1992. Tal esfor\u00e7o era resposta aos esquemas de corrup\u00e7\u00e3o implicando o ent\u00e3o rec\u00e9m-eleito presidente da Rep\u00fablica, Fernando Collor de Mello. Com o fito de motivar o impeachment do mandat\u00e1rio escolhido depois de 21 anos de ditadura marcada por censura, repress\u00e3o, tortura, mortes e banimento de opositores mais expressivos, jovens indignados lotaram ruas e pra\u00e7as e empunharam exitosas bandeiras de protesto. Pintando os pr\u00f3prios rostos como se fossem a um ritual ind\u00edgena de guerra, foi esse o grito mais expressivo para a deposi\u00e7\u00e3o do corrupto. \u00c9 verdade que em 2013, novamente jovens sa\u00edram \u00e0s ruas contra o aumento das tarifas de \u00f4nibus, mas sem a mesma organiza\u00e7\u00e3o e afinidade de propostas. Desde ent\u00e3o&#8230;<\/p>\n<p><a href=\"https:\/\/jornalcontato.com.br\/home\/wp-content\/uploads\/2023\/11\/Contra-aumento-de-tarifas-2013.jpg\"><img loading=\"lazy\" decoding=\"async\" class=\"aligncenter size-large wp-image-20660\" src=\"https:\/\/jornalcontato.com.br\/home\/wp-content\/uploads\/2023\/11\/Contra-aumento-de-tarifas-2013-450x299.jpg\" alt=\"\" width=\"450\" height=\"299\" srcset=\"https:\/\/jornalcontato.com.br\/home\/wp-content\/uploads\/2023\/11\/Contra-aumento-de-tarifas-2013-450x299.jpg 450w, https:\/\/jornalcontato.com.br\/home\/wp-content\/uploads\/2023\/11\/Contra-aumento-de-tarifas-2013-300x200.jpg 300w, https:\/\/jornalcontato.com.br\/home\/wp-content\/uploads\/2023\/11\/Contra-aumento-de-tarifas-2013-768x511.jpg 768w, https:\/\/jornalcontato.com.br\/home\/wp-content\/uploads\/2023\/11\/Contra-aumento-de-tarifas-2013.jpg 800w\" sizes=\"auto, (max-width: 450px) 100vw, 450px\" \/><\/a><\/p>\n<p style=\"text-align: center;\"><em><strong>Aumento da passagem de \u00f4nibus foi o estopim das manifesta\u00e7\u00f5es em 2013<\/strong><\/em><\/p>\n<p>A soma desses argumentos me fez pensar nas plataformas de gera\u00e7\u00f5es, ou seja, nos ide\u00e1rios de grupos de pessoas que vivendo o mesmo per\u00edodo hist\u00f3rico padeceram conjunturas similares e foram educados sob os mesmos ensinamentos e\u00a0 princ\u00edpios gerais, recebendo est\u00edmulos socioculturais comuns. Como resultado deste tipo de educa\u00e7\u00e3o, comportamentos e atitudes comuns marcam suas experi\u00eancias vivenciais. Ainda que os estudos liter\u00e1rios saibam se aproveitar melhor do conceito, \u00e9 justo invoc\u00e1-lo para a vida coletiva e \u00e9 exatamente neste campo que se detecta a falta de causas comuns. Mesmo sem preparo espec\u00edfico para diagn\u00f3sticos socio patol\u00f3gicos fica imediato associar isso ao surto de transtornos mentais t\u00e3o comuns em nossos ambientes.<\/p>\n<p>N\u00e3o \u00e9 preciso ser especialista para notar a dissemina\u00e7\u00e3o de antidepressivos, ansiol\u00edticos e tranquilizantes vendidos em farm\u00e1cias e online, com ou sem receitas. O individualismo desmedido se manifesta em todos os campos da atividade humana, mas se expressa de maneira mais gritante em face do suic\u00eddio. E os n\u00fameros n\u00e3o mentem, pelo contr\u00e1rio, denunciam o fracasso de campanhas bem-intencionadas, mas incapazes de indicar sa\u00eddas. Dados da Organiza\u00e7\u00e3o Mundial da Sa\u00fade (OMS) revelam que as mortes autoprovocadas no ano de 2019 foram recordes, superando inclusive o n\u00famero fatal de casos de c\u00e2ncer. Nesta rela\u00e7\u00e3o t\u00e9trica, o Brasil ocupa o preocupante oitavo lugar com cerca de 40 casos por dia.<\/p>\n<p>Atento ao andamento hist\u00f3rico, me preocupo em relacionar situa\u00e7\u00f5es: a perda de causas coletivas, de situa\u00e7\u00f5es que levam ao comprometimento pol\u00edtico social, com o crescimento indiscriminado de personalismos individualistas. Talvez o apelo excessivo ao consumismo ajude a explicar a mudan\u00e7a de eixos participativos. E do consumismo para o capitalismo selvagem \u00e9 um pulo s\u00f3. E nem se fala apenas de capitalismo no sentido mal do conceito. A inescap\u00e1vel liga\u00e7\u00e3o entre democracia e capitalismo exige revis\u00f5es que podem atenuar dist\u00e2ncias que se extremam.<\/p>\n<p><a href=\"https:\/\/jornalcontato.com.br\/home\/wp-content\/uploads\/2023\/11\/Jose-e-seus-irmaos.jpg\"><img loading=\"lazy\" decoding=\"async\" class=\"aligncenter size-large wp-image-20661\" src=\"https:\/\/jornalcontato.com.br\/home\/wp-content\/uploads\/2023\/11\/Jose-e-seus-irmaos-316x450.jpg\" alt=\"\" width=\"316\" height=\"450\" srcset=\"https:\/\/jornalcontato.com.br\/home\/wp-content\/uploads\/2023\/11\/Jose-e-seus-irmaos-316x450.jpg 316w, https:\/\/jornalcontato.com.br\/home\/wp-content\/uploads\/2023\/11\/Jose-e-seus-irmaos-211x300.jpg 211w, https:\/\/jornalcontato.com.br\/home\/wp-content\/uploads\/2023\/11\/Jose-e-seus-irmaos.jpg 500w\" sizes=\"auto, (max-width: 316px) 100vw, 316px\" \/><\/a><\/p>\n<p style=\"text-align: center;\"><em><strong>N\u00e3o seria muito fundo o po\u00e7o do passado?<\/strong><\/em><\/p>\n<p>Termos cultivados desde o s\u00e9culo XVIII como \u201cfraternidade\u201d, \u201cigualdade\u201d. \u201cliberdade\u201d e acrescente-se \u201csolidariedade\u201d, \u201cbem-estar social\u201d sugerem que o individualismo ampliado \u00e9 o respons\u00e1vel pelo que a OMS chama de \u201cmal do s\u00e9culo 21\u201d e que abrange 10% da popula\u00e7\u00e3o mundial. Acostumados a analisar fatos isolados, muitas vezes ao falarmos da realidade pungente de duas guerras sanguin\u00e1rias, perdemos a no\u00e7\u00e3o de conjunto. Mais do que nunca, faz-se preciso uma revis\u00e3o no conceito de progresso. Vivemos sob a \u00e9gide da evolu\u00e7\u00e3o, como se tudo caminhasse para aperfei\u00e7oamentos. \u00c9 exatamente nesse ponto que perdemos de vista o efeito perverso do excesso de consumo. A mercadoriza\u00e7\u00e3o de tudo, o barateamento de emo\u00e7\u00f5es e a car\u00eancia de for\u00e7as capazes de requalificar os valores essenciais ao conv\u00edvio est\u00e3o a\u00ed para provar que sem o surgimento de causas comunit\u00e1rias nada ser\u00e1 conseguido.<\/p>\n<p>Sim, \u00e9 verdade que \u00e9 mais f\u00e1cil achar causas que elaborar solu\u00e7\u00f5es, mas quem sabe a soma de desgra\u00e7as n\u00e3o \u00e9 um caminho para dar um basta. Lembro-me de Thomas Mann no cl\u00e1ssico \u201cJos\u00e9 e seus irm\u00e3os\u201d onde questiona \u201cn\u00e3o \u00e9 muito fundo o po\u00e7o do passado? Seria sem fundo esse po\u00e7o\u201d e ouso dizer que sim, h\u00e1 limites, mas qualquer movimento tem que levar em conta o pacto coletivo. E quem est\u00e1 disposto a faz\u00ea-lo?&#8230;<\/p>\n","protected":false},"excerpt":{"rendered":"<p>A GEST\u00c3O CORRUPTA DE COLLOR DE MELLO COLOCOU OS CARAS-PINTADAS NAS RUAS EM 1992 Juntei tudo sob um s\u00f3 denominador comum: o diagn\u00f3stico de nosso &#8230;<\/p>\n","protected":false},"author":1,"featured_media":20662,"comment_status":"open","ping_status":"open","sticky":false,"template":"","format":"standard","meta":{"footnotes":""},"categories":[1],"tags":[],"class_list":["post-20659","post","type-post","status-publish","format-standard","has-post-thumbnail","hentry","category-nacional"],"_links":{"self":[{"href":"https:\/\/www.jornalcontato.com.br\/home\/index.php\/wp-json\/wp\/v2\/posts\/20659","targetHints":{"allow":["GET"]}}],"collection":[{"href":"https:\/\/www.jornalcontato.com.br\/home\/index.php\/wp-json\/wp\/v2\/posts"}],"about":[{"href":"https:\/\/www.jornalcontato.com.br\/home\/index.php\/wp-json\/wp\/v2\/types\/post"}],"author":[{"embeddable":true,"href":"https:\/\/www.jornalcontato.com.br\/home\/index.php\/wp-json\/wp\/v2\/users\/1"}],"replies":[{"embeddable":true,"href":"https:\/\/www.jornalcontato.com.br\/home\/index.php\/wp-json\/wp\/v2\/comments?post=20659"}],"version-history":[{"count":2,"href":"https:\/\/www.jornalcontato.com.br\/home\/index.php\/wp-json\/wp\/v2\/posts\/20659\/revisions"}],"predecessor-version":[{"id":20664,"href":"https:\/\/www.jornalcontato.com.br\/home\/index.php\/wp-json\/wp\/v2\/posts\/20659\/revisions\/20664"}],"wp:featuredmedia":[{"embeddable":true,"href":"https:\/\/www.jornalcontato.com.br\/home\/index.php\/wp-json\/wp\/v2\/media\/20662"}],"wp:attachment":[{"href":"https:\/\/www.jornalcontato.com.br\/home\/index.php\/wp-json\/wp\/v2\/media?parent=20659"}],"wp:term":[{"taxonomy":"category","embeddable":true,"href":"https:\/\/www.jornalcontato.com.br\/home\/index.php\/wp-json\/wp\/v2\/categories?post=20659"},{"taxonomy":"post_tag","embeddable":true,"href":"https:\/\/www.jornalcontato.com.br\/home\/index.php\/wp-json\/wp\/v2\/tags?post=20659"}],"curies":[{"name":"wp","href":"https:\/\/api.w.org\/{rel}","templated":true}]}}