{"id":20656,"date":"2023-11-24T10:11:41","date_gmt":"2023-11-24T13:11:41","guid":{"rendered":"https:\/\/www.jornalcontato.com.br\/home\/?p=20656"},"modified":"2023-11-24T10:11:41","modified_gmt":"2023-11-24T13:11:41","slug":"so-vista-grossa-de-lula-mantem-juscelino-filho-no-governo-bernardo-mello-franco-oglobo","status":"publish","type":"post","link":"https:\/\/www.jornalcontato.com.br\/home\/index.php\/so-vista-grossa-de-lula-mantem-juscelino-filho-no-governo-bernardo-mello-franco-oglobo\/","title":{"rendered":"S\u00f3 vista grossa de Lula mant\u00e9m Juscelino Filho no governo (Bernardo Mello Franco &#8211; OGlobo)"},"content":{"rendered":"<p style=\"text-align: center;\"><em><strong>O presidente Lula d\u00e1 posse ao ministro das Comunica\u00e7\u00f5es, Juscelino Filho \u2014 Foto: Ricardo Stuckert\/PR<\/strong><\/em><\/p>\n<p>O governo mal havia come\u00e7ado quando o ministro das Comunica\u00e7\u00f5es foi acusado de usar dinheiro p\u00fablico com fins privados. Questionado, Lula imp\u00f4s uma condi\u00e7\u00e3o para n\u00e3o demitir o auxiliar: \u201cSe ele for inocente, ficar\u00e1 no governo. Se for culpado, sair\u00e1 do governo\u201d.<\/p>\n<p>Os meses correram, as suspeitas se avolumaram, e a Pol\u00edcia Federal concluiu que Juscelino Filho manteve \u201crela\u00e7\u00f5es criminosas\u201d com um empreiteiro. O presidente n\u00e3o tocou mais no assunto, e o ministro segue no cargo como se nada tivesse acontecido.<\/p>\n<p>No primeiro cap\u00edtulo do esc\u00e2ndalo, Juscelino foi acusado de direcionar emendas parlamentares para beneficiar sua pr\u00f3pria fazenda. A verba bancou a recupera\u00e7\u00e3o e o asfaltamento da estrada que liga a propriedade a Vitorino Freire. A prefeita da cidade, que tocou a obra suspeita, vem a ser irm\u00e3 do ministro. Uma coincid\u00eancia t\u00edpica da velha pol\u00edtica maranhense.<\/p>\n<p>A imprensa encontrou outras curiosidades na ficha de Juscelino. Ele ocultou da Justi\u00e7a Eleitoral um patrim\u00f4nio de ao menos R$ 2,2 milh\u00f5es, investido em cavalos de ra\u00e7a. Amante dos animais, usou jatinho da FAB para assistir a um leil\u00e3o de equinos no interior de S\u00e3o Paulo.<\/p>\n<p>Quando Lula garantiu a sobrevida do ministro, que \u00e9 filiado ao Uni\u00e3o Brasil, as suspeitas ocupavam a gaveta do patrimonialismo. Agora foram promovidas \u00e0 prateleira da corrup\u00e7\u00e3o.<\/p>\n<p>A PF sustenta que Juscelino \u00e9 o verdadeiro dono da Arco Constru\u00e7\u00f5es, que recebeu R$ 2,5 milh\u00f5es para recuperar a estrada que vai at\u00e9 a fazenda. Outros R$ 7,5 milh\u00f5es foram destinados \u00e0 Construservice, que teria um amigo do ministro como s\u00f3cio oculto. Em mensagens de celular, os dois tratam de cifras com intimidade. \u201cResta cristalina a rela\u00e7\u00e3o criminosa\u201d, afirma a pol\u00edcia.<\/p>\n<p>A defesa diz que as suspeitas s\u00e3o \u201cila\u00e7\u00f5es absurdas\u201d. Acrescenta que querem \u201ccriminalizar\u201d as emendas parlamentares. Conclui que \u201cn\u00e3o h\u00e1 absolutamente nada que desabone\u201d a inoc\u00eancia de Juscelino. Nessa linha, s\u00f3 falta exigir que a PF pe\u00e7a desculpas por investig\u00e1-lo.<\/p>\n<p>Em setembro, o Supremo afastou a prefeita do cargo. A fazenda, os cavalos e a estrada continuam no mesmo lugar. O ministro tamb\u00e9m, protegido pela vista grossa do chefe.<\/p>\n","protected":false},"excerpt":{"rendered":"<p>O presidente Lula d\u00e1 posse ao ministro das Comunica\u00e7\u00f5es, Juscelino Filho \u2014 Foto: Ricardo Stuckert\/PR O governo mal havia come\u00e7ado quando o ministro das Comunica\u00e7\u00f5es &#8230;<\/p>\n","protected":false},"author":1,"featured_media":20657,"comment_status":"open","ping_status":"open","sticky":false,"template":"","format":"standard","meta":{"footnotes":""},"categories":[1],"tags":[],"class_list":["post-20656","post","type-post","status-publish","format-standard","has-post-thumbnail","hentry","category-nacional"],"_links":{"self":[{"href":"https:\/\/www.jornalcontato.com.br\/home\/index.php\/wp-json\/wp\/v2\/posts\/20656","targetHints":{"allow":["GET"]}}],"collection":[{"href":"https:\/\/www.jornalcontato.com.br\/home\/index.php\/wp-json\/wp\/v2\/posts"}],"about":[{"href":"https:\/\/www.jornalcontato.com.br\/home\/index.php\/wp-json\/wp\/v2\/types\/post"}],"author":[{"embeddable":true,"href":"https:\/\/www.jornalcontato.com.br\/home\/index.php\/wp-json\/wp\/v2\/users\/1"}],"replies":[{"embeddable":true,"href":"https:\/\/www.jornalcontato.com.br\/home\/index.php\/wp-json\/wp\/v2\/comments?post=20656"}],"version-history":[{"count":1,"href":"https:\/\/www.jornalcontato.com.br\/home\/index.php\/wp-json\/wp\/v2\/posts\/20656\/revisions"}],"predecessor-version":[{"id":20658,"href":"https:\/\/www.jornalcontato.com.br\/home\/index.php\/wp-json\/wp\/v2\/posts\/20656\/revisions\/20658"}],"wp:featuredmedia":[{"embeddable":true,"href":"https:\/\/www.jornalcontato.com.br\/home\/index.php\/wp-json\/wp\/v2\/media\/20657"}],"wp:attachment":[{"href":"https:\/\/www.jornalcontato.com.br\/home\/index.php\/wp-json\/wp\/v2\/media?parent=20656"}],"wp:term":[{"taxonomy":"category","embeddable":true,"href":"https:\/\/www.jornalcontato.com.br\/home\/index.php\/wp-json\/wp\/v2\/categories?post=20656"},{"taxonomy":"post_tag","embeddable":true,"href":"https:\/\/www.jornalcontato.com.br\/home\/index.php\/wp-json\/wp\/v2\/tags?post=20656"}],"curies":[{"name":"wp","href":"https:\/\/api.w.org\/{rel}","templated":true}]}}