{"id":20613,"date":"2023-11-01T14:33:49","date_gmt":"2023-11-01T17:33:49","guid":{"rendered":"https:\/\/www.jornalcontato.com.br\/home\/?p=20613"},"modified":"2023-11-01T15:24:14","modified_gmt":"2023-11-01T18:24:14","slug":"aos-amigos-os-favores-aos-inimigos-a-lei-maquiavel-paulo-de-tarso","status":"publish","type":"post","link":"https:\/\/www.jornalcontato.com.br\/home\/index.php\/aos-amigos-os-favores-aos-inimigos-a-lei-maquiavel-paulo-de-tarso\/","title":{"rendered":"\u201cAos amigos os favores, aos inimigos a lei\u201d (Maquiavel) \u2013 Paulo de Tarso"},"content":{"rendered":"<p style=\"text-align: center;\"><strong><em>A vers\u00e3o mais conhecida dessa frase \u00e9 aos amigos tudo, aos inimigos os rigores da lei. A vers\u00e3o Lula 03 est\u00e1 cada vez mais parecido com as vers\u00f5es anteriores.<\/em><\/strong><\/p>\n<p>O que me chamou a aten\u00e7\u00e3o foi a coluna da jornalista Malu Gaspar em seu blog no site de O Globo com o t\u00edtulo \u201cPetrobras nomeia gerente demitido por corrup\u00e7\u00e3o como interino para driblar compliance\u201d acompanhado com a chamada: \u201cBancado por Jean Paul Prates, o ex-funcion\u00e1rio Lu\u00eds Fernando Nery j\u00e1 despachava desde junho como assessor da presid\u00eancia\u201d.<\/p>\n<p>A situa\u00e7\u00e3o constrangedora em que Lula colocou seu ministro da Fazenda no \u00faltimo epis\u00f3dio a respeito de d\u00e9ficit zero em 2024 refor\u00e7a a imagem de um presidente que n\u00e3o deve suportar olhar para um espelho porque sua imagem tem a ousadia de ser semelhante ao pr\u00f3prio quando deveria estar alguns degraus abaixo.<\/p>\n<p>Vou me limitar \u00e0 Petrobr\u00e1s. E sugiro a leitura da coluna de Malu Gaspar (ler <a href=\"https:\/\/www.jornalcontato.com.br\/home\/index.php\/petrobras-nomeia-gerente-demitido-por-corrupcao-como-interino-para-driblar-compliance-malu-gaspar-e-johanns-eller\/\">AQUI<\/a>). Ali est\u00e3o contemplados as digitais e DNA desse presidente que n\u00e3o consegue sair de seus limites sindicais de outros tempos.<\/p>\n<p><a href=\"https:\/\/jornalcontato.com.br\/home\/wp-content\/uploads\/2023\/11\/15078522.jpeg\"><img loading=\"lazy\" decoding=\"async\" class=\"aligncenter size-large wp-image-20623\" src=\"https:\/\/jornalcontato.com.br\/home\/wp-content\/uploads\/2023\/11\/15078522-450x320.jpeg\" alt=\"\" width=\"450\" height=\"320\" srcset=\"https:\/\/jornalcontato.com.br\/home\/wp-content\/uploads\/2023\/11\/15078522-450x320.jpeg 450w, https:\/\/jornalcontato.com.br\/home\/wp-content\/uploads\/2023\/11\/15078522-300x213.jpeg 300w, https:\/\/jornalcontato.com.br\/home\/wp-content\/uploads\/2023\/11\/15078522.jpeg 635w\" sizes=\"auto, (max-width: 450px) 100vw, 450px\" \/><\/a><\/p>\n<p style=\"text-align: center;\"><em><strong>Santarosa, sindicalista de Paul\u00ednia, assumiu a ger\u00eancia de Comunica\u00e7\u00e3o em 2003 at\u00e9 se aposentar em 2015<\/strong><\/em><\/p>\n<p>Esclarecendo. A gest\u00e3o da Petrobras nas vers\u00f5es Lula 01 e 02 foi e em parte do per\u00edodo Dilma Roussef foi marcada por pr\u00e1ticas t\u00e3o conden\u00e1veis que transformaram em lei um conjunto de regras informais para que um neg\u00f3cio opere legalmente, com os padr\u00f5es, leis, regulamentos e conduta \u00e9tica espec\u00edficos do setor.<\/p>\n<p>O caso Petrobras \u00e9 emblem\u00e1tico porque ele existe desde que a empresa p\u00fablica foi criada por Get\u00falio h\u00e1 70 anos. O ouro preto como \u00e9 chamado o petr\u00f3leo j\u00e1 provocou e continua provocando o outro lado do progresso: corrup\u00e7\u00e3o, crimes, golpes de estado, revolu\u00e7\u00f5es e at\u00e9 genoc\u00eddios. Por que n\u00e3o? As guerras no Oriente M\u00e9dio que o digam. O mais recente \u00e9 a conflito Israel X Hamas que poder\u00e1 se transformar no estopim de uma 3\u00aa Guerra Mundial.<\/p>\n<p>A Petrobras opera em 14 pa\u00edses, tem um valor de mercado estimado em US$70,5 bi, um ativo avaliado em quase 1 trilh\u00e3o de reais e lucro de R$190 bi segundo o balan\u00e7o de 2022. Trata-se de um estado dentro do estado brasileiro. Uma fonte permanente de cobi\u00e7a e corrup\u00e7\u00e3o apesar da complience devidamente legalizada e vigente.<\/p>\n<p>O movimento sindical petroleiro sempre soube do que peso e do significado da Petrobras. Foram muitos os dirigentes sindicais que participaram e ainda participam do governo Lula em todas as suas vers\u00f5es. Assim como participaram e participam de governos petistas antes mesmo do partido assumir a presid\u00eancia em 2003.<\/p>\n<p>A prefeitura de Campinas foi governada de 1989\/1992 por Jac\u00f3 Bittar, um dos l\u00edderes dos sindicalistas petroleiros de Paul\u00ednia onde opera uma grande refinaria da Petrobras. Bittar convocou muitos companheiros para a sua administra\u00e7\u00e3o municipal. Inclusive Wilson Santarosa que 10 anos depois assumiria a ger\u00eancia de comunica\u00e7\u00e3o da empresa e seria um dos protagonistas na gest\u00e3o da Petrobr\u00e1s no governos Lula 01 e 02 e at\u00e9 2015 do governo Dilma; e este ano lan\u00e7ou um livro de mem\u00f3rias \u201cN\u00f3s criamos a identidade da Petrobr\u00e1s\u201d.<\/p>\n<p>Sem levar em considera\u00e7\u00e3o esses enormes pequenos meandros fica muito dif\u00edcil para um cidad\u00e3o normal, cumpridor de seus deveres entender epis\u00f3dios como o relatado pela jornalista Malu Gaspar.<\/p>\n","protected":false},"excerpt":{"rendered":"<p>A vers\u00e3o mais conhecida dessa frase \u00e9 aos amigos tudo, aos inimigos os rigores da lei. A vers\u00e3o Lula 03 est\u00e1 cada vez mais parecido &#8230;<\/p>\n","protected":false},"author":1,"featured_media":20624,"comment_status":"open","ping_status":"open","sticky":false,"template":"","format":"standard","meta":{"footnotes":""},"categories":[1],"tags":[],"class_list":["post-20613","post","type-post","status-publish","format-standard","has-post-thumbnail","hentry","category-nacional"],"_links":{"self":[{"href":"https:\/\/www.jornalcontato.com.br\/home\/index.php\/wp-json\/wp\/v2\/posts\/20613","targetHints":{"allow":["GET"]}}],"collection":[{"href":"https:\/\/www.jornalcontato.com.br\/home\/index.php\/wp-json\/wp\/v2\/posts"}],"about":[{"href":"https:\/\/www.jornalcontato.com.br\/home\/index.php\/wp-json\/wp\/v2\/types\/post"}],"author":[{"embeddable":true,"href":"https:\/\/www.jornalcontato.com.br\/home\/index.php\/wp-json\/wp\/v2\/users\/1"}],"replies":[{"embeddable":true,"href":"https:\/\/www.jornalcontato.com.br\/home\/index.php\/wp-json\/wp\/v2\/comments?post=20613"}],"version-history":[{"count":4,"href":"https:\/\/www.jornalcontato.com.br\/home\/index.php\/wp-json\/wp\/v2\/posts\/20613\/revisions"}],"predecessor-version":[{"id":20625,"href":"https:\/\/www.jornalcontato.com.br\/home\/index.php\/wp-json\/wp\/v2\/posts\/20613\/revisions\/20625"}],"wp:featuredmedia":[{"embeddable":true,"href":"https:\/\/www.jornalcontato.com.br\/home\/index.php\/wp-json\/wp\/v2\/media\/20624"}],"wp:attachment":[{"href":"https:\/\/www.jornalcontato.com.br\/home\/index.php\/wp-json\/wp\/v2\/media?parent=20613"}],"wp:term":[{"taxonomy":"category","embeddable":true,"href":"https:\/\/www.jornalcontato.com.br\/home\/index.php\/wp-json\/wp\/v2\/categories?post=20613"},{"taxonomy":"post_tag","embeddable":true,"href":"https:\/\/www.jornalcontato.com.br\/home\/index.php\/wp-json\/wp\/v2\/tags?post=20613"}],"curies":[{"name":"wp","href":"https:\/\/api.w.org\/{rel}","templated":true}]}}