{"id":20529,"date":"2023-09-10T10:08:57","date_gmt":"2023-09-10T13:08:57","guid":{"rendered":"https:\/\/www.jornalcontato.com.br\/home\/?p=20529"},"modified":"2023-09-10T10:09:39","modified_gmt":"2023-09-10T13:09:39","slug":"a-moderna-morte-do-cisne-parque-guinle-rio-de-janeiro-jc-sebe-bom-meihy","status":"publish","type":"post","link":"https:\/\/www.jornalcontato.com.br\/home\/index.php\/a-moderna-morte-do-cisne-parque-guinle-rio-de-janeiro-jc-sebe-bom-meihy\/","title":{"rendered":"A MODERNA MORTE DO CISNE: PARQUE GUINLE, RIO DE JANEIRO (JC Sebe Bom Meihy)"},"content":{"rendered":"<p style=\"text-align: center;\"><em><strong>Romeu e Julieta, um casal perfeito de cisnes, abatidos por v\u00e2ndalos<\/strong><\/em><\/p>\n<p>Com certeza, os cisnes est\u00e3o entre os animais mais celebrados da Hist\u00f3ria. Em todos os tempos e quadrantes, figuram como s\u00edmbolos de beleza e altivez. O porte elegante e os movimentos delicados dimensionam a soberania expressa em grifes de roupas, marcas de perfumes, selos de lugares finos. E o que dizer da insistente presen\u00e7a em prosa e versos, em can\u00e7\u00f5es rom\u00e2nticas e at\u00e9 militares, na pintura, escultura, em objetos de adornos dom\u00e9sticos? A parceria harm\u00f4nica certamente \u00e9 atributo que os qualificam como emblema de amores est\u00e1veis. N\u00e3o \u00e9 sem raz\u00e3o que os longos pesco\u00e7os entrela\u00e7ados atestam almas g\u00eameas a ponto de serem considerados nobres, dignos de morar em castelos ou lugares apraz\u00edveis, perfeitamente compat\u00edveis com cen\u00e1rios dos contos de fadas.<\/p>\n<p>Curiosamente, dizem os paleont\u00f3logos que os cisnes s\u00e3o antiqu\u00edssimos, compondo uma linhagem de mais de 130 milh\u00f5es de anos, que se afinou em muta\u00e7\u00f5es das quais resultaram seis esp\u00e9cies. Uma das refer\u00eancias \u00e0 soberba ave remete ao trato dado pela mitologia grega onde Leda, a linda mulher do rei de Esparta, por quem Zeus se apaixonou encantando-se, para seduzi-la, em um bel\u00edssimo cisne. Desde o Renascimento italiano, a exaltada lenda cl\u00e1ssica se demudou em tema cativante com exemplos singulares na hist\u00f3ria da pintura, sendo que uma das mais intrigantes remete ao \u00fanico nu de Leonardo Da Vinci, representado em tela desaparecida. De tal forma, como motivo, Leda e o cisne t\u00eam sido apreciados que mais tarde Ulpiano Checa, Salvador Dali e Paul C\u00e9zanne, entre outros, produziram suas vers\u00f5es.<\/p>\n<p><a href=\"https:\/\/jornalcontato.com.br\/home\/wp-content\/uploads\/2023\/09\/Leda-e-o-Cisne-da-Vinci.jpeg\"><img loading=\"lazy\" decoding=\"async\" class=\"aligncenter wp-image-20530\" src=\"https:\/\/jornalcontato.com.br\/home\/wp-content\/uploads\/2023\/09\/Leda-e-o-Cisne-da-Vinci.jpeg\" alt=\"\" width=\"269\" height=\"315\" \/><\/a><\/p>\n<p style=\"text-align: center;\"><em><strong>Leda com o cisne, pintada por Leonardo da Vinci<\/strong><\/em><\/p>\n<p>A Literatura em diferentes n\u00edveis festeja os cisnes presentes em obras para crian\u00e7as como \u201cO patinho feio\u201d de Andersen, \u201cos seis cisnes\u201d dos irm\u00e3os Grimm, at\u00e9 o Patrono da s\u00e9rie Harry Potter. Nas Letras tudo se potencializou a partir do \u201cCavaleiro dos cisnes\u201d, conto medieval relativo ao um sedutor her\u00f3i que, para proteger a amada, exigia que seu nome jamais fosse pronunciado &#8211; mais tarde tal enredo inspirou, em 1848, Wagner na \u00f3pera Lohengrin. A m\u00fasica ali\u00e1s se tornou um dos mais prestigiados ve\u00edculos de divulga\u00e7\u00e3o da \u201cmitologia c\u00edsnica\u201d, conjunto de tramas baseadas na met\u00e1fora do esfor\u00e7o de algu\u00e9m para derradeiro ato grandioso. Segundo lend\u00e1rio universal, a frase \u201ccanto do cisne\u201d foi proferida por S\u00f3crates em 399 a. C. que antes de ingerir cicuta teria dito \u201cquando sentem a hora da morte se aproximar, essas aves, que durante a vida pouco cantavam, exibem ent\u00e3o o canto mais espl\u00eandido, mais belo; eles est\u00e3o felizes de ir ao encontro do deus do qual s\u00e3o servidores\u201d.<\/p>\n<p>As varia\u00e7\u00f5es sobre s\u00edmbolos permitidos pelos cisnes s\u00e3o assombrosas, uma delas foi popularizada gra\u00e7as a matriz eslava manifestada em dan\u00e7a que conta do feiti\u00e7o de uma princesa transformada em cisne negro que, para livrar-se da maldi\u00e7\u00e3o, precisava ser purificada a fim de viver um grande amor. Coreografada para Anna Pavlova \u2013 uma das mais importantes bailarinas de todos os tempos \u2013 e devido a recep\u00e7\u00e3o do solo da composi\u00e7\u00e3o de Camille Saint-Saens, o bal\u00e9 se tornou um dos espet\u00e1culos mais cultuados do s\u00e9culo XX, musicado por Tchaikovsky em 1876.<\/p>\n<p><a href=\"https:\/\/jornalcontato.com.br\/home\/wp-content\/uploads\/2023\/09\/Julieta-com-sua-ninhada.jpg\"><img loading=\"lazy\" decoding=\"async\" class=\"aligncenter size-full wp-image-20531\" src=\"https:\/\/jornalcontato.com.br\/home\/wp-content\/uploads\/2023\/09\/Julieta-com-sua-ninhada.jpg\" alt=\"\" width=\"448\" height=\"442\" srcset=\"https:\/\/jornalcontato.com.br\/home\/wp-content\/uploads\/2023\/09\/Julieta-com-sua-ninhada.jpg 448w, https:\/\/jornalcontato.com.br\/home\/wp-content\/uploads\/2023\/09\/Julieta-com-sua-ninhada-300x296.jpg 300w, https:\/\/jornalcontato.com.br\/home\/wp-content\/uploads\/2023\/09\/Julieta-com-sua-ninhada-80x80.jpg 80w\" sizes=\"auto, (max-width: 448px) 100vw, 448px\" \/><\/a><\/p>\n<p style=\"text-align: center;\"><em><strong>Julieta com sua ninhada no Parque Guinle, na Cidade Maravilhosa<\/strong><\/em><\/p>\n<p>Uma avalanche de flashes me veio \u00e0 lembran\u00e7a ao ler sobre o arrepiante evento ocorrido no Rio de Janeiro, no Parque Guinle, no \u00faltimo domingo de agosto deste 2023. Em um dos recantos residenciais mais apraz\u00edveis da Cidade Maravilhosa, num simp\u00e1tico lago, cisnes enfeitavam a paisagem. Noticiaram os jornais do dia seguinte que um macho sobrevivente de viuvez precoce, motivada por crime ocorrido em 2019, tamb\u00e9m havia se tornado v\u00edtima fatal de outro delito. O conjunto de informa\u00e7\u00f5es sobre o triste epis\u00f3dio permite digress\u00f5es que extrapolam os limites da sensibilidade est\u00e9tica. Pior, dilatam possibilidades de se considerar a desumaniza\u00e7\u00e3o de quantos perdem o senso do bem coletivo e banalizam a vida social.<\/p>\n<p>H\u00e1 lances queimantes no triste fato. Evocando Shakespeare, os dois cisnes matrizes tornaram-se conhecidos como \u201cRomeo e Julieta\u201d \u2013 reza o fabul\u00e1rio que chegaram no Dia dos Namorados de 2015 \u2013 e, vida imitando a arte, com intervalo respeit\u00e1vel, replicaram o fim tr\u00e1gico do casal veron\u00eas. H\u00e1 quatro anos, a f\u00eamea foi atacada por um c\u00e3o e, ante a valente defesa dos rebentos, a m\u00e3e Julieta teve o pesco\u00e7o cortado. Como entre os cisnes n\u00e3o h\u00e1 incesto, o vi\u00favo teve filhotes com uma de suas crias, Goiabinha, com quem vivia familiarmente. Pois bem, no fat\u00eddico domingo, um delinquente cruelmente apunhalou Romeu. Visto, logo denunciado e preso, a como\u00e7\u00e3o tomou conta de quantos choraram a hist\u00f3ria que sugere moderna atualiza\u00e7\u00e3o do lend\u00e1rio: a quebra da \u00e9tica rom\u00e2ntica em favor do enfraquecimento da sensibilidade p\u00fablica. Seria bom n\u00e3o deixar o caso morrer tamb\u00e9m, pelo menos respeitar\u00edamos significados que permitem pensar em lugares para os filhos de Romeus e Julietas, em parques e jardins onde ainda os contos, lendas, tradi\u00e7\u00f5es sejam permitidos.<\/p>\n","protected":false},"excerpt":{"rendered":"<p>Romeu e Julieta, um casal perfeito de cisnes, abatidos por v\u00e2ndalos Com certeza, os cisnes est\u00e3o entre os animais mais celebrados da Hist\u00f3ria. Em todos &#8230;<\/p>\n","protected":false},"author":1,"featured_media":20532,"comment_status":"open","ping_status":"open","sticky":false,"template":"","format":"standard","meta":{"footnotes":""},"categories":[1],"tags":[],"class_list":["post-20529","post","type-post","status-publish","format-standard","has-post-thumbnail","hentry","category-nacional"],"_links":{"self":[{"href":"https:\/\/www.jornalcontato.com.br\/home\/index.php\/wp-json\/wp\/v2\/posts\/20529","targetHints":{"allow":["GET"]}}],"collection":[{"href":"https:\/\/www.jornalcontato.com.br\/home\/index.php\/wp-json\/wp\/v2\/posts"}],"about":[{"href":"https:\/\/www.jornalcontato.com.br\/home\/index.php\/wp-json\/wp\/v2\/types\/post"}],"author":[{"embeddable":true,"href":"https:\/\/www.jornalcontato.com.br\/home\/index.php\/wp-json\/wp\/v2\/users\/1"}],"replies":[{"embeddable":true,"href":"https:\/\/www.jornalcontato.com.br\/home\/index.php\/wp-json\/wp\/v2\/comments?post=20529"}],"version-history":[{"count":2,"href":"https:\/\/www.jornalcontato.com.br\/home\/index.php\/wp-json\/wp\/v2\/posts\/20529\/revisions"}],"predecessor-version":[{"id":20534,"href":"https:\/\/www.jornalcontato.com.br\/home\/index.php\/wp-json\/wp\/v2\/posts\/20529\/revisions\/20534"}],"wp:featuredmedia":[{"embeddable":true,"href":"https:\/\/www.jornalcontato.com.br\/home\/index.php\/wp-json\/wp\/v2\/media\/20532"}],"wp:attachment":[{"href":"https:\/\/www.jornalcontato.com.br\/home\/index.php\/wp-json\/wp\/v2\/media?parent=20529"}],"wp:term":[{"taxonomy":"category","embeddable":true,"href":"https:\/\/www.jornalcontato.com.br\/home\/index.php\/wp-json\/wp\/v2\/categories?post=20529"},{"taxonomy":"post_tag","embeddable":true,"href":"https:\/\/www.jornalcontato.com.br\/home\/index.php\/wp-json\/wp\/v2\/tags?post=20529"}],"curies":[{"name":"wp","href":"https:\/\/api.w.org\/{rel}","templated":true}]}}