{"id":20525,"date":"2023-09-08T09:23:48","date_gmt":"2023-09-08T12:23:48","guid":{"rendered":"https:\/\/www.jornalcontato.com.br\/home\/?p=20525"},"modified":"2023-09-08T09:23:48","modified_gmt":"2023-09-08T12:23:48","slug":"lula-e-centrao-celebram-casamento-de-inconveniencia-bernardo-mello-franco-oglobo","status":"publish","type":"post","link":"https:\/\/www.jornalcontato.com.br\/home\/index.php\/lula-e-centrao-celebram-casamento-de-inconveniencia-bernardo-mello-franco-oglobo\/","title":{"rendered":"Lula e Centr\u00e3o celebram casamento de inconveni\u00eancia (Bernardo Mello Franco &#8211; OGlobo)"},"content":{"rendered":"<p style=\"text-align: center;\"><strong><em>Lula fugiu dos novos ministros &#8211; Fufuca e S\u00edlvio Costa F\u00ba com o ministro Padilha &#8211; e foi chupar jabuticaba<\/em><\/strong><\/p>\n<p>Depois de dois meses de namoro, Lula e o Centr\u00e3o oficializaram o casamento. O acordo nupcial foi selado com a entrega de dois minist\u00e9rios. Mas os noivos n\u00e3o parecem muito felizes com o enlace.<\/p>\n<p>O PP emplacou Andr\u00e9 Fufuca no Esporte. Com pinta de atleta de videogame, o deputado surrupiou a cadeira da medalhista ol\u00edmpica Ana Moser. Ainda assim, seu partido fez pouco-caso da troca.<\/p>\n<p>O presidente da sigla, Ciro Nogueira, passou o Dia da Independ\u00eancia avacalhando o governo. Disse que Lula \u201cdesfilou para ningu\u00e9m\u201d e definiu o p\u00fablico que foi \u00e0 Esplanada como \u201ccompanheirada de aluguel\u201d.<\/p>\n<p>Em outra provoca\u00e7\u00e3o, o senador afirmou que \u201c7 de Setembro sem Jair Bolsonaro \u00e9 como F\u00f3rmula 1 sem Ayrton Senna\u201d. Uma descortesia com o bolsonarista Nelson Piquet, que chegou a dirigir o Rolls-Royce presidencial para bajular o capit\u00e3o.<\/p>\n<p>Respons\u00e1vel pela indica\u00e7\u00e3o de Fufuca, Arthur Lira esnobou o convite para assistir \u00e0 parada militar em Bras\u00edlia. O chef\u00e3o da C\u00e2mara preferiu passar o feriado em Alagoas. Para quem o conhece, a aus\u00eancia foi um recado de que ele ainda n\u00e3o levou tudo o que queria.<\/p>\n<p><a href=\"https:\/\/jornalcontato.com.br\/home\/wp-content\/uploads\/2023\/09\/Jabuticaba-pos-desfile.webp\"><img loading=\"lazy\" decoding=\"async\" class=\"aligncenter size-large wp-image-20526\" src=\"https:\/\/jornalcontato.com.br\/home\/wp-content\/uploads\/2023\/09\/Jabuticaba-pos-desfile-450x254.webp\" alt=\"\" width=\"450\" height=\"254\" srcset=\"https:\/\/jornalcontato.com.br\/home\/wp-content\/uploads\/2023\/09\/Jabuticaba-pos-desfile-450x254.webp 450w, https:\/\/jornalcontato.com.br\/home\/wp-content\/uploads\/2023\/09\/Jabuticaba-pos-desfile-300x169.webp 300w, https:\/\/jornalcontato.com.br\/home\/wp-content\/uploads\/2023\/09\/Jabuticaba-pos-desfile-768x433.webp 768w, https:\/\/jornalcontato.com.br\/home\/wp-content\/uploads\/2023\/09\/Jabuticaba-pos-desfile.webp 820w\" sizes=\"auto, (max-width: 450px) 100vw, 450px\" \/><\/a><\/p>\n<p style=\"text-align: center;\"><em><strong>Lula fugiu da foto com os &#8220;noivos&#8221; e foi comer jabuticaba<\/strong><\/em><\/p>\n<p>A nomea\u00e7\u00e3o de Silvio Costa Filho deveria ser menos embara\u00e7osa. O novo ministro votou em Lula e cultiva amizades no PT. Seu pai ficou com Dilma Rousseff at\u00e9 o fim, enquanto Fufuca votou a favor do impeachment embrulhado na bandeira do Maranh\u00e3o.<\/p>\n<p>Mesmo assim, o Republicanos fez quest\u00e3o de se desvincular da escolha. Em nota, a sigla disse ontem que \u201cn\u00e3o far\u00e1 parte da base do governo e seguir\u00e1 atuando de forma independente\u201d. O ministro foi obrigado a se licenciar da dire\u00e7\u00e3o partid\u00e1ria.<\/p>\n<p>Os bispos que mandam na sigla topam negociar com Lula, mas n\u00e3o querem romper com Bolsonaro. Em outro 7 de Setembro, h\u00e1 quatro anos, Edir Macedo circulou como presen\u00e7a VIP do camarote presidencial.<\/p>\n<p>Apesar dos constrangimentos, o governo considera que a reforma ampliar\u00e1 sua base na C\u00e2mara. Pode ser, mas Lula n\u00e3o disfar\u00e7a o inc\u00f4modo com as novas companhias. Depois de postergar as nomea\u00e7\u00f5es at\u00e9 o limite, o presidente driblou a foto protocolar com os futuros ministros. Preferiu terceirizar a tarefa para o petista Alexandre Padilha.<\/p>\n","protected":false},"excerpt":{"rendered":"<p>Lula fugiu dos novos ministros &#8211; Fufuca e S\u00edlvio Costa F\u00ba com o ministro Padilha &#8211; e foi chupar jabuticaba Depois de dois meses de &#8230;<\/p>\n","protected":false},"author":1,"featured_media":20527,"comment_status":"open","ping_status":"open","sticky":false,"template":"","format":"standard","meta":{"footnotes":""},"categories":[1],"tags":[],"class_list":["post-20525","post","type-post","status-publish","format-standard","has-post-thumbnail","hentry","category-nacional"],"_links":{"self":[{"href":"https:\/\/www.jornalcontato.com.br\/home\/index.php\/wp-json\/wp\/v2\/posts\/20525","targetHints":{"allow":["GET"]}}],"collection":[{"href":"https:\/\/www.jornalcontato.com.br\/home\/index.php\/wp-json\/wp\/v2\/posts"}],"about":[{"href":"https:\/\/www.jornalcontato.com.br\/home\/index.php\/wp-json\/wp\/v2\/types\/post"}],"author":[{"embeddable":true,"href":"https:\/\/www.jornalcontato.com.br\/home\/index.php\/wp-json\/wp\/v2\/users\/1"}],"replies":[{"embeddable":true,"href":"https:\/\/www.jornalcontato.com.br\/home\/index.php\/wp-json\/wp\/v2\/comments?post=20525"}],"version-history":[{"count":1,"href":"https:\/\/www.jornalcontato.com.br\/home\/index.php\/wp-json\/wp\/v2\/posts\/20525\/revisions"}],"predecessor-version":[{"id":20528,"href":"https:\/\/www.jornalcontato.com.br\/home\/index.php\/wp-json\/wp\/v2\/posts\/20525\/revisions\/20528"}],"wp:featuredmedia":[{"embeddable":true,"href":"https:\/\/www.jornalcontato.com.br\/home\/index.php\/wp-json\/wp\/v2\/media\/20527"}],"wp:attachment":[{"href":"https:\/\/www.jornalcontato.com.br\/home\/index.php\/wp-json\/wp\/v2\/media?parent=20525"}],"wp:term":[{"taxonomy":"category","embeddable":true,"href":"https:\/\/www.jornalcontato.com.br\/home\/index.php\/wp-json\/wp\/v2\/categories?post=20525"},{"taxonomy":"post_tag","embeddable":true,"href":"https:\/\/www.jornalcontato.com.br\/home\/index.php\/wp-json\/wp\/v2\/tags?post=20525"}],"curies":[{"name":"wp","href":"https:\/\/api.w.org\/{rel}","templated":true}]}}