{"id":20516,"date":"2023-09-07T11:06:08","date_gmt":"2023-09-07T14:06:08","guid":{"rendered":"https:\/\/www.jornalcontato.com.br\/home\/?p=20516"},"modified":"2023-09-07T11:07:16","modified_gmt":"2023-09-07T14:07:16","slug":"toffoli-busca-perdao-de-lula-ao-anular-provas-do-acordo-da-odebrecht-malu-gaspar-globo","status":"publish","type":"post","link":"https:\/\/www.jornalcontato.com.br\/home\/index.php\/toffoli-busca-perdao-de-lula-ao-anular-provas-do-acordo-da-odebrecht-malu-gaspar-globo\/","title":{"rendered":"Toffoli busca perd\u00e3o de Lula ao anular provas do acordo da Odebrecht (Malu Gaspar &#8211; (Globo)"},"content":{"rendered":"<p>Pode-se dizer que a decis\u00e3o do ministro do Supremo\u00a0<a href=\"http:\/\/oglobo.globo.com\/tudo-sobre\/personalidade\/dias-toffoli\/\"><strong>Dias Toffoli<\/strong><\/a>\u00a0que\u00a0<a href=\"https:\/\/oglobo.globo.com\/blogs\/malu-gaspar\/post\/2023\/09\/decisao-de-toffoli-ignorou-sindicancia-da-pgr-de-aras-que-isentou-lava-jato.ghtml\"><strong>anulou as provas do acordo de leni\u00eancia da Odebrecht<\/strong><\/a>\u00a0tem origem em janeiro de 2019, quando Luiz In\u00e1cio\u00a0<a href=\"https:\/\/oglobo.globo.com\/tudo-sobre\/politico\/luiz-inacio-lula-da-silva\"><strong>Lula<\/strong><\/a>\u00a0da Silva, preso em Curitiba, pediu autoriza\u00e7\u00e3o para ir a S\u00e3o Bernardo enterrar o irm\u00e3o Vav\u00e1. Toffoli, a quem cabia decidir, passou longas horas em sil\u00eancio.<\/p>\n<p>S\u00f3 quando o caix\u00e3o j\u00e1 era levado para a cova o ministro permitiu que o ex-presidente se encontrasse com os familiares num quartel pr\u00f3ximo. J\u00e1 era tarde. Lula\u00a0<a href=\"https:\/\/oglobo.globo.com\/politica\/corpo-de-irmao-de-lula-enterrado-antes-de-cumprimento-da-decisao-de-toffoli-23413820\"><strong>desistiu da viagem<\/strong><\/a>\u00a0e nunca perdoou Toffoli \u2014 a quem ele mesmo havia nomeado para o Supremo em 2009.<\/p>\n<p><a href=\"https:\/\/jornalcontato.com.br\/home\/wp-content\/uploads\/2023\/09\/Vava\u0301-e-Lula.jpg\"><img loading=\"lazy\" decoding=\"async\" class=\"size-large wp-image-20518 aligncenter\" src=\"https:\/\/jornalcontato.com.br\/home\/wp-content\/uploads\/2023\/09\/Vava\u0301-e-Lula-450x338.jpg\" alt=\"\" width=\"450\" height=\"338\" srcset=\"https:\/\/jornalcontato.com.br\/home\/wp-content\/uploads\/2023\/09\/Vava\u0301-e-Lula-450x338.jpg 450w, https:\/\/jornalcontato.com.br\/home\/wp-content\/uploads\/2023\/09\/Vava\u0301-e-Lula-300x225.jpg 300w, https:\/\/jornalcontato.com.br\/home\/wp-content\/uploads\/2023\/09\/Vava\u0301-e-Lula-768x576.jpg 768w, https:\/\/jornalcontato.com.br\/home\/wp-content\/uploads\/2023\/09\/Vava\u0301-e-Lula.jpg 1440w\" sizes=\"auto, (max-width: 450px) 100vw, 450px\" \/><\/a><\/p>\n<p style=\"text-align: center;\"><em><strong>Toffoli impediu que Lula velasse seu irm\u00e3o Vav\u00e1, v\u00edtima de c\u00e2ncer\u00a0<\/strong><\/em><\/p>\n<p>Tempos depois, a condena\u00e7\u00e3o de Lula foi anulada pelo pr\u00f3prio Supremo, e o petista tornou-se favorito na corrida eleitoral de 2022. Desde ent\u00e3o, Toffoli tenta se reaproximar em busca de perd\u00e3o, mas Lula n\u00e3o quer conversa.<\/p>\n<p>Toffoli, por\u00e9m, \u00e9 incans\u00e1vel. Em sua decis\u00e3o, ele afirma que a pris\u00e3o de Lula foi um dos \u201cmaiores erros judici\u00e1rios da Hist\u00f3ria do Brasil\u201d, uma \u201carma\u00e7\u00e3o\u201d, \u201cfruto de um projeto de poder de determinados agentes p\u00fablicos\u201d.<\/p>\n<p>N\u00e3o \u00e9 um discurso novo, e talvez por isso o ministro tenha julgado necess\u00e1rio caprichar um pouco mais. Chamou a Lava-Jato de \u201cPAU DE ARARA DO S\u00c9CULO XXI\u201d, assim mesmo, em mai\u00fasculas, e disse que ela promoveu uma \u201cverdadeira tortura psicol\u00f3gica\u201d para obter \u201cprovas\u201d contra inocentes.<\/p>\n<p><a href=\"https:\/\/jornalcontato.com.br\/home\/wp-content\/uploads\/2023\/09\/Lula-e-Emilio-Odebrecht.webp\"><img loading=\"lazy\" decoding=\"async\" class=\"aligncenter size-large wp-image-20519\" src=\"https:\/\/jornalcontato.com.br\/home\/wp-content\/uploads\/2023\/09\/Lula-e-Emilio-Odebrecht-450x298.webp\" alt=\"\" width=\"450\" height=\"298\" srcset=\"https:\/\/jornalcontato.com.br\/home\/wp-content\/uploads\/2023\/09\/Lula-e-Emilio-Odebrecht-450x298.webp 450w, https:\/\/jornalcontato.com.br\/home\/wp-content\/uploads\/2023\/09\/Lula-e-Emilio-Odebrecht-300x199.webp 300w, https:\/\/jornalcontato.com.br\/home\/wp-content\/uploads\/2023\/09\/Lula-e-Emilio-Odebrecht.webp 650w\" sizes=\"auto, (max-width: 450px) 100vw, 450px\" \/><\/a><\/p>\n<p style=\"text-align: center;\"><em><strong>Em\u00edlio Odebrecht, considerava Lula seu amigo<\/strong><\/em><\/p>\n<p>Quem assistiu aos v\u00eddeos da dela\u00e7\u00e3o premiada de Em\u00edlio Odebrecht dificilmente conseguir\u00e1 notar sinais de tortura no sorriso maroto com que o empreiteiro diz que os petistas estavam com \u201cboca de crocodilo\u201d ou ao contar que esteve com Lula no Pal\u00e1cio do Planalto para comunicar que a reforma do s\u00edtio de Atibaia seria entregue no prazo prometido.<\/p>\n<p>Em\u00edlio tamb\u00e9m n\u00e3o parecia estar sofrendo ao dizer que ordenou uma \u201cajuda\u201d de R$ 2,1 milh\u00f5es para um filho de Lula montar seu campeonato de futebol americano, porque precisava que o ex-presidente ajudasse Marcelo Odebrecht a melhorar a rela\u00e7\u00e3o com\u00a0<a href=\"https:\/\/oglobo.globo.com\/tudo-sobre\/politico\/dilma-vana-rousseff\"><strong>Dilma Rousseff<\/strong><\/a>. Nos registros agora anulados, ali\u00e1s, Lula foi batizado de \u201camigo\u201d por Marcelo. Toffoli era o \u201camigo do amigo de meu pai\u201d.<\/p>\n<p>Nada disso impede, obviamente, que se questionem as provas usadas no acordo da Odebrecht. S\u00f3 que o argumento do ministro n\u00e3o para de p\u00e9. Toffoli diz que a Lava-Jato deveria ter feito um pedido de coopera\u00e7\u00e3o internacional para validar as provas \u2014 especialmente os softwares de propina com a contabilidade dos mais de R$ 10,6 bilh\u00f5es distribu\u00eddos em 12 pa\u00edses, incluindo o Brasil.<\/p>\n<p>Mas a explica\u00e7\u00e3o do pr\u00f3prio Minist\u00e9rio da\u00a0<a href=\"https:\/\/oglobo.globo.com\/tudo-sobre\/assunto\/justica\"><strong>Justi\u00e7a<\/strong><\/a>\u00a0inclu\u00edda na decis\u00e3o diz que, quando o acordo se d\u00e1 entre \u201cpartes investigadas e autoridades competentes\u201d, com entrega de provas, a coopera\u00e7\u00e3o n\u00e3o \u00e9 necess\u00e1ria. Foi a Odebrecht quem enviou seus advogados \u00e0\u00a0<a href=\"https:\/\/oglobo.globo.com\/tudo-sobre\/pais\/suecia\"><strong>Su\u00e9cia<\/strong><\/a>\u00a0e \u00e0\u00a0<a href=\"https:\/\/oglobo.globo.com\/tudo-sobre\/pais\/suica\"><strong>Su\u00ed\u00e7a<\/strong><\/a>\u00a0para recuperar os dados e entregar \u00e0 Lava-Jato.<\/p>\n<p><a href=\"https:\/\/jornalcontato.com.br\/home\/wp-content\/uploads\/2023\/09\/Bilhete-p-Lula.jpg\"><img loading=\"lazy\" decoding=\"async\" class=\"aligncenter size-large wp-image-20517\" src=\"https:\/\/jornalcontato.com.br\/home\/wp-content\/uploads\/2023\/09\/Bilhete-p-Lula-450x267.jpg\" alt=\"\" width=\"450\" height=\"267\" srcset=\"https:\/\/jornalcontato.com.br\/home\/wp-content\/uploads\/2023\/09\/Bilhete-p-Lula-450x267.jpg 450w, https:\/\/jornalcontato.com.br\/home\/wp-content\/uploads\/2023\/09\/Bilhete-p-Lula-300x178.jpg 300w, https:\/\/jornalcontato.com.br\/home\/wp-content\/uploads\/2023\/09\/Bilhete-p-Lula-768x455.jpg 768w, https:\/\/jornalcontato.com.br\/home\/wp-content\/uploads\/2023\/09\/Bilhete-p-Lula.jpg 855w\" sizes=\"auto, (max-width: 450px) 100vw, 450px\" \/><\/a><\/p>\n<p>N\u00e3o foi preciso quebrar nenhum sigilo ou acionar autoridade estrangeira. Uma vez no Brasil, um laudo da PF atestou que o material n\u00e3o tinha sido violado \u2014 mesmo tendo sido transportado de Curitiba para Bras\u00edlia num saco de supermercado, como mostraram os di\u00e1logos captados na Vaza-Jato pelo hacker Walter Delgatti Neto.<\/p>\n<p>As mensagens do hacker se espalham por toda a decis\u00e3o de Toffoli. Em algumas de antes da dela\u00e7\u00e3o, os procuradores comentam contatos que mantiveram com agentes do FBI e da embaixada dos\u00a0<a href=\"https:\/\/oglobo.globo.com\/tudo-sobre\/pais\/estados-unidos\"><strong>Estados Unidos<\/strong><\/a>. Dizem at\u00e9 que era melhor continuar conversando com o FBI porque \u201co canal era mais direto\u201d \u2014 o que, para muita gente, sugere ter havido uma esp\u00e9cie de \u201ctr\u00e1fico de informa\u00e7\u00f5es\u201d entre essas autoridades.<\/p>\n<p>Foi para apurar essa suspeita que o antecessor de Toffoli no processo,\u00a0<a href=\"http:\/\/oglobo.globo.com\/tudo-sobre\/personalidade\/ricardo-lewandowski\/\"><strong>Ricardo Lewandowski<\/strong><\/a>, determinou que a corregedoria do\u00a0<a href=\"http:\/\/oglobo.globo.com\/tudo-sobre\/instituicao-governamental\/mpf\/\"><strong>Minist\u00e9rio P\u00fablico Federal<\/strong><\/a>\u00a0fizesse uma investiga\u00e7\u00e3o. A sindic\u00e2ncia foi feita na gest\u00e3o do insuspeito\u00a0<a href=\"http:\/\/oglobo.globo.com\/tudo-sobre\/personalidade\/augusto-aras\/\"><strong>Augusto Aras<\/strong><\/a>\u00a0e conclu\u00edda em 2021, mas\u00a0<a href=\"https:\/\/oglobo.globo.com\/blogs\/malu-gaspar\/post\/2023\/09\/decisao-de-toffoli-ignorou-sindicancia-da-pgr-de-aras-que-isentou-lava-jato.ghtml\"><strong>acabou arquivada<\/strong><\/a>.<\/p>\n<p>O relat\u00f3rio final lista v\u00e1rios tratados internacionais de que o Brasil \u00e9 signat\u00e1rio prevendo a possibilidade de contatos informais e sigilosos entre autoridades que investigam crimes transnacionais.<\/p>\n<p>De acordo com a corregedoria, ilegal poderia ter sido o uso judicial de extratos banc\u00e1rios e outras provas obtidas no exterior sem a necess\u00e1ria coopera\u00e7\u00e3o jur\u00eddica \u2014 o que n\u00e3o correu. Mas\u00a0<a href=\"https:\/\/oglobo.globo.com\/blogs\/malu-gaspar\/post\/2023\/09\/decisao-de-toffoli-ignorou-sindicancia-da-pgr-de-aras-que-isentou-lava-jato.ghtml\"><strong>o relat\u00f3rio foi colocado em sigilo e ignorado por Toffoli<\/strong><\/a>.<\/p>\n<p>A Vaza-Jato n\u00e3o deixou d\u00favida de que os procuradores de Curitiba desprezaram ritos legais, cruzaram o balc\u00e3o para combinar estrat\u00e9gias com o juiz\u00a0<a href=\"https:\/\/oglobo.globo.com\/tudo-sobre\/politico\/sergio-moro\"><strong>Sergio Moro<\/strong><\/a>\u00a0e demonstraram ter prefer\u00eancias pessoais e pol\u00edticas que n\u00e3o condiziam com seu papel.<\/p>\n<p>A revela\u00e7\u00e3o dos di\u00e1logos dizimou a credibilidade da Lava-Jato e foi fundamental para a revis\u00e3o da condena\u00e7\u00e3o de Lula. Compreende-se, ainda, que os ventos da pol\u00edtica tenham mudado e que Toffoli queira ser perdoado. Mas nada disso autoriza ignorar o que ocorreu no passado. A menos, \u00e9 claro, que queiramos ver tudo come\u00e7ar de novo.<\/p>\n","protected":false},"excerpt":{"rendered":"<p>Pode-se dizer que a decis\u00e3o do ministro do Supremo\u00a0Dias Toffoli\u00a0que\u00a0anulou as provas do acordo de leni\u00eancia da Odebrecht\u00a0tem origem em janeiro de 2019, quando Luiz &#8230;<\/p>\n","protected":false},"author":1,"featured_media":20520,"comment_status":"open","ping_status":"open","sticky":false,"template":"","format":"standard","meta":{"footnotes":""},"categories":[1],"tags":[],"class_list":["post-20516","post","type-post","status-publish","format-standard","has-post-thumbnail","hentry","category-nacional"],"_links":{"self":[{"href":"https:\/\/www.jornalcontato.com.br\/home\/index.php\/wp-json\/wp\/v2\/posts\/20516","targetHints":{"allow":["GET"]}}],"collection":[{"href":"https:\/\/www.jornalcontato.com.br\/home\/index.php\/wp-json\/wp\/v2\/posts"}],"about":[{"href":"https:\/\/www.jornalcontato.com.br\/home\/index.php\/wp-json\/wp\/v2\/types\/post"}],"author":[{"embeddable":true,"href":"https:\/\/www.jornalcontato.com.br\/home\/index.php\/wp-json\/wp\/v2\/users\/1"}],"replies":[{"embeddable":true,"href":"https:\/\/www.jornalcontato.com.br\/home\/index.php\/wp-json\/wp\/v2\/comments?post=20516"}],"version-history":[{"count":2,"href":"https:\/\/www.jornalcontato.com.br\/home\/index.php\/wp-json\/wp\/v2\/posts\/20516\/revisions"}],"predecessor-version":[{"id":20524,"href":"https:\/\/www.jornalcontato.com.br\/home\/index.php\/wp-json\/wp\/v2\/posts\/20516\/revisions\/20524"}],"wp:featuredmedia":[{"embeddable":true,"href":"https:\/\/www.jornalcontato.com.br\/home\/index.php\/wp-json\/wp\/v2\/media\/20520"}],"wp:attachment":[{"href":"https:\/\/www.jornalcontato.com.br\/home\/index.php\/wp-json\/wp\/v2\/media?parent=20516"}],"wp:term":[{"taxonomy":"category","embeddable":true,"href":"https:\/\/www.jornalcontato.com.br\/home\/index.php\/wp-json\/wp\/v2\/categories?post=20516"},{"taxonomy":"post_tag","embeddable":true,"href":"https:\/\/www.jornalcontato.com.br\/home\/index.php\/wp-json\/wp\/v2\/tags?post=20516"}],"curies":[{"name":"wp","href":"https:\/\/api.w.org\/{rel}","templated":true}]}}