{"id":20513,"date":"2023-09-06T10:55:38","date_gmt":"2023-09-06T13:55:38","guid":{"rendered":"https:\/\/www.jornalcontato.com.br\/home\/?p=20513"},"modified":"2023-09-06T10:55:38","modified_gmt":"2023-09-06T13:55:38","slug":"tarcisio-deve-varrer-a-estupidez-elio-gaspari-oglobo","status":"publish","type":"post","link":"https:\/\/www.jornalcontato.com.br\/home\/index.php\/tarcisio-deve-varrer-a-estupidez-elio-gaspari-oglobo\/","title":{"rendered":"Tarc\u00edsio deve varrer a estupidez (Elio Gaspari &#8211; OGlobo)"},"content":{"rendered":"<p style=\"text-align: center;\"><em><strong>Renato Feder, secret\u00e1rio da Educa\u00e7\u00e3o de S\u00e3o Paulo e ex-do Paran\u00e1, e o governador Tarc\u00edsio de Freitas<\/strong><\/em><\/p>\n<p style=\"text-align: center;\"><strong><em>O que parecia ser um debate s\u00e9rio era coisa muito feia<\/em><\/strong><\/p>\n<p>No in\u00edcio de agosto, o secret\u00e1rio de Educa\u00e7\u00e3o de S\u00e3o Paulo, Renato Feder, anunciou que as escolas p\u00fablicas do estado abririam m\u00e3o dos livros did\u00e1ticos impressos do programa federal, entrando na modernidade do material eletr\u00f4nico.<\/p>\n<p>O doutor deu-se ao luxo de criticar os livros do Minist\u00e9rio da Educa\u00e7\u00e3o, chamando-os de \u201crasos e superficiais\u201d. Faltava dizer quem analisou as obras. Faltava dizer tamb\u00e9m:<\/p>\n<p>1) Que a empresa da qual Feder \u00e9 acionista tinha neg\u00f3cios com a secretaria.<\/p>\n<p>2) Que dezenas de milhares de alunos n\u00e3o t\u00eam dispositivos capazes de acessar a internet.<\/p>\n<p>3) Que mais da metade das escolas da rede p\u00fablica n\u00e3o tem equipamento para imprimir as apostilas eletr\u00f4nicas.<\/p>\n<p>Parecia que Feder abria de forma truculenta e inepta um debate que algum dia haver\u00e1 de chegar: o uso de livros eletr\u00f4nicos na rede p\u00fablica. Parecia, mas era ilus\u00e3o. A modernidade de Feder, endossada por Tarc\u00edsio, era apenas uma cobertura para a estupidez.<\/p>\n<p>O rep\u00f3rter Gabriel Mansur revelou que um slide de aulas para alunos do 9\u00ba ano informava que Dom Pedro II assinou a Lei \u00c1urea e que \u201cem 1961, quando ele era prefeito de S\u00e3o Paulo\u201d, J\u00e2nio Quadros assinou \u201cum decreto vetando o uso de biqu\u00ednis nas praias da cidade\u201d.<\/p>\n<p>Em 1961 J\u00e2nio era presidente, ele nunca proibiu o biqu\u00edni, e S\u00e3o Paulo n\u00e3o tem praia.<\/p>\n<p>Quem assinou a Lei \u00c1urea foi a Princesa Isabel. Em maio de 1888, Dom Pedro II estava em Mil\u00e3o, entre a vida e a morte.<\/p>\n<p>Erros desse tipo n\u00e3o deveriam ser cometidos pelos autores patrocinados pela Secretaria de Educa\u00e7\u00e3o. Admita-se que um autor jejuno enganou-se, o que n\u00e3o \u00e9 pouca coisa. Ningu\u00e9m leu os textos errados, coisa que n\u00e3o acontece com os livros do MEC. Rasa e superficial \u00e9 a gest\u00e3o de Feder.<\/p>\n<p>Do alto de sua prepot\u00eancia, a secretaria disse que afastou os respons\u00e1veis. S\u00f3 faltava que os mantivesse. Feder \u00e9 quem deveria ser afastado, at\u00e9 que explicasse quem colocou essas besteiras nos slides e por que elas n\u00e3o foram corrigidas.<\/p>\n<p>O governador\u00a0<a href=\"https:\/\/oglobo.globo.com\/tudo-sobre\/politico\/tarcisio-gomes-de-freitas\"><strong>Tarc\u00edsio de Freitas<\/strong><\/a>\u00a0formou-se pelo Instituto Militar de Engenharia em 2002, quando o Brasil j\u00e1 havia se livrado da maluquice da reserva de mercado para a produ\u00e7\u00e3o de computadores. Meia d\u00fazia de militares e algumas d\u00fazias de espertalh\u00f5es haviam criado um regime pelo qual era mais f\u00e1cil entrar no pa\u00eds com um quilo de coca\u00edna do que com um laptop. O que parecia ser uma reserva de mercado era apenas uma mamata destinada ao fracasso. Tarc\u00edsio de Freitas sabe disso.<\/p>\n<p>A entrada de material did\u00e1tico em plataformas eletr\u00f4nicas \u00e9 coisa s\u00e9ria, desde que os alunos tenham acesso aos equipamentos necess\u00e1rios. O que se tentou em S\u00e3o Paulo foi outra coisa. Livros impressos n\u00e3o precisam de manuten\u00e7\u00e3o. Plataformas eletr\u00f4nicas precisam, e o doutor Feder sabe disso.<\/p>\n<p>Uma plataforma eletr\u00f4nica capaz de dizer que S\u00e3o Paulo tem praia e Dom Pedro II assinou a Lei \u00c1urea \u00e9 capaz de coisas que s\u00f3 um ex-aluno do IME pode imaginar. Sobretudo se, no servi\u00e7o p\u00fablico, ele participou de uma faxina parcial na burocracia de transportes do governo federal.<\/p>\n<p>O que parecia ser um debate s\u00e9rio era apenas estupidez, e o que parecem ser erros pontuais sugere que a coisa \u00e9 muito mais feia do que se imagina.<\/p>\n","protected":false},"excerpt":{"rendered":"<p>Renato Feder, secret\u00e1rio da Educa\u00e7\u00e3o de S\u00e3o Paulo e ex-do Paran\u00e1, e o governador Tarc\u00edsio de Freitas O que parecia ser um debate s\u00e9rio era &#8230;<\/p>\n","protected":false},"author":1,"featured_media":20514,"comment_status":"open","ping_status":"open","sticky":false,"template":"","format":"standard","meta":{"footnotes":""},"categories":[1],"tags":[],"class_list":["post-20513","post","type-post","status-publish","format-standard","has-post-thumbnail","hentry","category-nacional"],"_links":{"self":[{"href":"https:\/\/www.jornalcontato.com.br\/home\/index.php\/wp-json\/wp\/v2\/posts\/20513","targetHints":{"allow":["GET"]}}],"collection":[{"href":"https:\/\/www.jornalcontato.com.br\/home\/index.php\/wp-json\/wp\/v2\/posts"}],"about":[{"href":"https:\/\/www.jornalcontato.com.br\/home\/index.php\/wp-json\/wp\/v2\/types\/post"}],"author":[{"embeddable":true,"href":"https:\/\/www.jornalcontato.com.br\/home\/index.php\/wp-json\/wp\/v2\/users\/1"}],"replies":[{"embeddable":true,"href":"https:\/\/www.jornalcontato.com.br\/home\/index.php\/wp-json\/wp\/v2\/comments?post=20513"}],"version-history":[{"count":1,"href":"https:\/\/www.jornalcontato.com.br\/home\/index.php\/wp-json\/wp\/v2\/posts\/20513\/revisions"}],"predecessor-version":[{"id":20515,"href":"https:\/\/www.jornalcontato.com.br\/home\/index.php\/wp-json\/wp\/v2\/posts\/20513\/revisions\/20515"}],"wp:featuredmedia":[{"embeddable":true,"href":"https:\/\/www.jornalcontato.com.br\/home\/index.php\/wp-json\/wp\/v2\/media\/20514"}],"wp:attachment":[{"href":"https:\/\/www.jornalcontato.com.br\/home\/index.php\/wp-json\/wp\/v2\/media?parent=20513"}],"wp:term":[{"taxonomy":"category","embeddable":true,"href":"https:\/\/www.jornalcontato.com.br\/home\/index.php\/wp-json\/wp\/v2\/categories?post=20513"},{"taxonomy":"post_tag","embeddable":true,"href":"https:\/\/www.jornalcontato.com.br\/home\/index.php\/wp-json\/wp\/v2\/tags?post=20513"}],"curies":[{"name":"wp","href":"https:\/\/api.w.org\/{rel}","templated":true}]}}