{"id":20492,"date":"2023-08-27T11:11:28","date_gmt":"2023-08-27T14:11:28","guid":{"rendered":"https:\/\/www.jornalcontato.com.br\/home\/?p=20492"},"modified":"2023-08-27T11:11:28","modified_gmt":"2023-08-27T14:11:28","slug":"zanin-nao-enganou-ninguem-bernardo-mello-franco-oglobo","status":"publish","type":"post","link":"https:\/\/www.jornalcontato.com.br\/home\/index.php\/zanin-nao-enganou-ninguem-bernardo-mello-franco-oglobo\/","title":{"rendered":"Zanin n\u00e3o enganou ningu\u00e9m (Bernardo Mello Franco &#8211; OGlobo)"},"content":{"rendered":"<p style=\"text-align: center;\"><em><strong>Esquerda n\u00e3o peitou indica\u00e7\u00e3o de ex-advogado de Lula; reclamar depois da posse \u00e9 chorar o leite derramado. Qualquer semelhan\u00e7a com um militante da TFP (Tradi\u00e7\u00e3o, Fam\u00edlia e Propriedade) n\u00e3o \u00e9 mera coincid\u00eancia<\/strong><\/em><\/p>\n<p>Bastaram tr\u00eas semanas para a esquerda se dar conta de que Cristiano Zanin n\u00e3o tem nada de progressista. O ministro debutou no Supremo com uma sequ\u00eancia de votos de vi\u00e9s conservador. Sua estreia irritou apoiadores do governo e alegrou a oposi\u00e7\u00e3o bolsonarista.\u00a0O ex-advogado de Lula se alinhou \u00e0 direita em julgamentos sobre transfobia, direitos ind\u00edgenas e porte de maconha para uso pessoal.<\/p>\n<p>Escorregadio: Em sabatina, Zanin afagou oposi\u00e7\u00e3o e evitou dizer o que pensa.\u00a0O estranhamento come\u00e7ou quando ele rejeitou uma a\u00e7\u00e3o da Associa\u00e7\u00e3o Brasileira de L\u00e9sbicas, Gays, Bissexuais, Travestis, Transexuais e Intersexos. A entidade pedia que atos ofensivos \u00e0 popula\u00e7\u00e3o trans fossem equiparados ao crime de inj\u00faria racial. A tese foi acolhida at\u00e9 pelo ministro K\u00e1ssio Nunes Marques, indicado por Jair Bolsonaro. Zanin alegou raz\u00f5es t\u00e9cnicas para dar o \u00fanico voto contr\u00e1rio.<\/p>\n<p>No julgamento sobre a maconha, o jurisconsulto voltou a se isolar na Corte. Entre os seis ministros que j\u00e1 se manifestaram, s\u00f3 ele se op\u00f4s \u00e0 descriminaliza\u00e7\u00e3o do porte. Ao justificar a diverg\u00eancia, disse que a que a medida aumentaria o consumo e agravaria problemas de sa\u00fade ligados ao v\u00edcio.<\/p>\n<p><a href=\"https:\/\/jornalcontato.com.br\/home\/wp-content\/uploads\/2023\/08\/Zanin-Lula-Valeska-e-Janja.webp\"><img loading=\"lazy\" decoding=\"async\" class=\"aligncenter size-large wp-image-20493\" src=\"https:\/\/jornalcontato.com.br\/home\/wp-content\/uploads\/2023\/08\/Zanin-Lula-Valeska-e-Janja-450x253.webp\" alt=\"\" width=\"450\" height=\"253\" srcset=\"https:\/\/jornalcontato.com.br\/home\/wp-content\/uploads\/2023\/08\/Zanin-Lula-Valeska-e-Janja-450x253.webp 450w, https:\/\/jornalcontato.com.br\/home\/wp-content\/uploads\/2023\/08\/Zanin-Lula-Valeska-e-Janja-300x169.webp 300w, https:\/\/jornalcontato.com.br\/home\/wp-content\/uploads\/2023\/08\/Zanin-Lula-Valeska-e-Janja-768x432.webp 768w, https:\/\/jornalcontato.com.br\/home\/wp-content\/uploads\/2023\/08\/Zanin-Lula-Valeska-e-Janja-750x420.webp 750w, https:\/\/jornalcontato.com.br\/home\/wp-content\/uploads\/2023\/08\/Zanin-Lula-Valeska-e-Janja.webp 848w\" sizes=\"auto, (max-width: 450px) 100vw, 450px\" \/><\/a><\/p>\n<p style=\"text-align: center;\"><em><strong>Tudo em casa: Lula e Cristiano Zanini com respectivas mulheres Valeska e Janja<\/strong><\/em><\/p>\n<p>O argumento \u00e9 retr\u00f3grado e ignora a experi\u00eancia internacional. Al\u00e9m disso, desconsidera o cerne da quest\u00e3o: o modelo atual tem lotado as cadeias com jovens negros e pobres. Presos com pequena quantidade de droga, eles viram m\u00e3o de obra barata para as fac\u00e7\u00f5es criminosas que dominam os pres\u00eddios.<\/p>\n<p>No in\u00edcio da semana, Zanin manteve a condena\u00e7\u00e3o de dois homens acusados de furtar um macaco hidr\u00e1ulico usado, dois gal\u00f5es vazios e uma garrafa pela metade de \u00f3leo diesel. Os itens custavam R$ 100 e foram recuperados pelo dono. Mesmo assim, o novo ministro se recusou a aplicar o princ\u00edpio da insignific\u00e2ncia. O voto sugere que suas convic\u00e7\u00f5es garantistas s\u00f3 valem para r\u00e9us abonados.<\/p>\n<p>Na sexta-feira, o ex-advogado de Lula rejeitou uma a\u00e7\u00e3o da Articula\u00e7\u00e3o dos Povos Ind\u00edgenas do Brasil. A Apib acusou a PM de Mato Grosso do Sul de atuar como \u201cmil\u00edcia privada\u201d e pediu medidas para proteger a popula\u00e7\u00e3o guarani-kaiow\u00e1. A maioria do Supremo acolheu a demanda. Zanin ficou do lado do fazendeiro Gilmar Mendes e da dupla indicada por Bolsonaro.<\/p>\n<p>Em mar\u00e7o, Lula disse que \u201ctodos compreenderiam\u201d se ele indicasse seu advogado ao Supremo. Acrescentou que Zanin \u201cmerecia\u201d uma cadeira no tribunal. O presidente deixou claro que usaria a vaga para premiar seu defensor nos processos da Lava-Jato. Parte da esquerda murmurou que preferia a nomea\u00e7\u00e3o de uma mulher negra, mas a maioria silenciou diante dos outros problemas da escolha. Reclamar agora \u00e9 chorar o leite derramado.<\/p>\n<p><a href=\"https:\/\/jornalcontato.com.br\/home\/wp-content\/uploads\/2023\/08\/Roberto-Teixeira.webp\"><img loading=\"lazy\" decoding=\"async\" class=\"aligncenter size-large wp-image-20494\" src=\"https:\/\/jornalcontato.com.br\/home\/wp-content\/uploads\/2023\/08\/Roberto-Teixeira-450x300.webp\" alt=\"\" width=\"450\" height=\"300\" srcset=\"https:\/\/jornalcontato.com.br\/home\/wp-content\/uploads\/2023\/08\/Roberto-Teixeira-450x300.webp 450w, https:\/\/jornalcontato.com.br\/home\/wp-content\/uploads\/2023\/08\/Roberto-Teixeira-300x200.webp 300w, https:\/\/jornalcontato.com.br\/home\/wp-content\/uploads\/2023\/08\/Roberto-Teixeira-768x512.webp 768w, https:\/\/jornalcontato.com.br\/home\/wp-content\/uploads\/2023\/08\/Roberto-Teixeira.webp 1200w\" sizes=\"auto, (max-width: 450px) 100vw, 450px\" \/><\/a><\/p>\n<p style=\"text-align: center;\"><em><strong>Roberto Teixeira, compadre e c\u00famplice de Lula h\u00e1 longos carnavais e pai de Valeska<\/strong><\/em><\/p>\n<p>Zanin n\u00e3o enganou ningu\u00e9m. Antes da sabatina no Senado, cortejou a bancada evang\u00e9lica e colheu elogios da pastora Damares Alves. Nos \u00faltimos dias, passou a ser festejado por outros pr\u00f3ceres do obscurantismo. A simbiose tende a aumentar em breve, quando o tribunal come\u00e7ar a julgar a descriminaliza\u00e7\u00e3o do aborto.<\/p>\n<p>O novo ministro n\u00e3o \u00e9 o primeiro conservador a chegar ao Supremo pelas m\u00e3os de Lula. Em tempos menos turbulentos, o petista indicou Cezar Peluso e Carlos Alberto Menezes Direito. Em defesa deles, ambos j\u00e1 tinham longa carreira na magistratura. E nenhum havia defendido o presidente em causas particulares.<\/p>\n","protected":false},"excerpt":{"rendered":"<p>Esquerda n\u00e3o peitou indica\u00e7\u00e3o de ex-advogado de Lula; reclamar depois da posse \u00e9 chorar o leite derramado. Qualquer semelhan\u00e7a com um militante da TFP (Tradi\u00e7\u00e3o, &#8230;<\/p>\n","protected":false},"author":1,"featured_media":20495,"comment_status":"open","ping_status":"open","sticky":false,"template":"","format":"standard","meta":{"footnotes":""},"categories":[1],"tags":[],"class_list":["post-20492","post","type-post","status-publish","format-standard","has-post-thumbnail","hentry","category-nacional"],"_links":{"self":[{"href":"https:\/\/www.jornalcontato.com.br\/home\/index.php\/wp-json\/wp\/v2\/posts\/20492","targetHints":{"allow":["GET"]}}],"collection":[{"href":"https:\/\/www.jornalcontato.com.br\/home\/index.php\/wp-json\/wp\/v2\/posts"}],"about":[{"href":"https:\/\/www.jornalcontato.com.br\/home\/index.php\/wp-json\/wp\/v2\/types\/post"}],"author":[{"embeddable":true,"href":"https:\/\/www.jornalcontato.com.br\/home\/index.php\/wp-json\/wp\/v2\/users\/1"}],"replies":[{"embeddable":true,"href":"https:\/\/www.jornalcontato.com.br\/home\/index.php\/wp-json\/wp\/v2\/comments?post=20492"}],"version-history":[{"count":1,"href":"https:\/\/www.jornalcontato.com.br\/home\/index.php\/wp-json\/wp\/v2\/posts\/20492\/revisions"}],"predecessor-version":[{"id":20496,"href":"https:\/\/www.jornalcontato.com.br\/home\/index.php\/wp-json\/wp\/v2\/posts\/20492\/revisions\/20496"}],"wp:featuredmedia":[{"embeddable":true,"href":"https:\/\/www.jornalcontato.com.br\/home\/index.php\/wp-json\/wp\/v2\/media\/20495"}],"wp:attachment":[{"href":"https:\/\/www.jornalcontato.com.br\/home\/index.php\/wp-json\/wp\/v2\/media?parent=20492"}],"wp:term":[{"taxonomy":"category","embeddable":true,"href":"https:\/\/www.jornalcontato.com.br\/home\/index.php\/wp-json\/wp\/v2\/categories?post=20492"},{"taxonomy":"post_tag","embeddable":true,"href":"https:\/\/www.jornalcontato.com.br\/home\/index.php\/wp-json\/wp\/v2\/tags?post=20492"}],"curies":[{"name":"wp","href":"https:\/\/api.w.org\/{rel}","templated":true}]}}