{"id":20468,"date":"2023-08-14T19:19:56","date_gmt":"2023-08-14T22:19:56","guid":{"rendered":"https:\/\/www.jornalcontato.com.br\/home\/?p=20468"},"modified":"2023-08-14T19:20:45","modified_gmt":"2023-08-14T22:20:45","slug":"a-acusacao-que-nao-se-pode-fazer-a-bolsonaro-renata-agostini-estadao","status":"publish","type":"post","link":"https:\/\/www.jornalcontato.com.br\/home\/index.php\/a-acusacao-que-nao-se-pode-fazer-a-bolsonaro-renata-agostini-estadao\/","title":{"rendered":"A acusa\u00e7\u00e3o que n\u00e3o se pode fazer a Bolsonaro (Renata Agostini &#8211; Estad\u00e3o)"},"content":{"rendered":"<p style=\"text-align: center;\"><strong><em>Quem se diz pego no contrap\u00e9 com a abund\u00e2ncia de provas sobre o trambique operado por assessores e amigos do ex-presidente deveria revisitar alguns fatos. O general Cid conseguiu registrar uma prova contra si mesmo e saiu na foto que ele fez sobre o estojo de joias<\/em><\/strong><\/p>\n<p>Uma coisa \u00e9 indisput\u00e1vel: Bolsonaro tem respeito \u00e0 pr\u00f3pria hist\u00f3ria. N\u00e3o d\u00e1 para acus\u00e1-lo de incoer\u00eancia. Ningu\u00e9m deveria se dizer exatamente surpreso ao saber que, ao redor de Jair, a PF descobriu um esquema para levantar dinheiro com a venda de presentes oficiais.<\/p>\n<p>Quem se diz pego no contrap\u00e9 com a abund\u00e2ncia de provas sobre o trambique operado por assessores e amigos do ex-presidente deveria revisitar alguns fatos.<\/p>\n<p>A PF descobriu que um general da reserva e um tenente-coronel do Ex\u00e9rcito zanzaram pelos Estados Unidos atr\u00e1s de compradores para joias recebidas por Bolsonaro de outros governos enquanto era presidente.<\/p>\n<p>O tenente-coronel flagrado na opera\u00e7\u00e3o era Mauro Cid, um \u201cfaz tudo\u201d de Bolsonaro e quem Jair considerava \u201cum filho\u201d. Este mesmo Cid ganhava R$ 26 mil mensais do Ex\u00e9rcito, mas movimentou R$ 3,2 milh\u00f5es em sua conta num per\u00edodo de seis meses, de acordo com o Coaf. Era tamb\u00e9m este mesmo Cid que, de acordo com ind\u00edcios reunidos pela PF, ajudava a pagar despesas variadas de Michelle Bolsonaro.<\/p>\n<p>Mas voltemos \u00e0 incr\u00edvel opera\u00e7\u00e3o transnacional montada para a venda de artefatos de ouro recebidos em viagens oficiais. A PF descobriu que um advogado muito pr\u00f3ximo a Bolsonaro pegou um avi\u00e3o e foi aos Estados Unidos recomprar o que havia sido vendido antes que o Tribunal de Contas da Uni\u00e3o descobrisse a maracutaia.<\/p>\n<p>O advogado identificado na \u201copera\u00e7\u00e3o resgate\u201d era Frederick Wassef, amigo h\u00e1 anos da fam\u00edlia Bolsonaro e que atuou na defesa de Flavio, o filho 01. Este mesmo Wassef foi quem escondeu em sua casa em Atibaia o policial militar reformado Fabr\u00edcio Queiroz para que ele n\u00e3o fosse encontrado pelas autoridades.<\/p>\n<p><a href=\"https:\/\/jornalcontato.com.br\/home\/wp-content\/uploads\/2023\/08\/Frederick-Wassef-e-o-relogio-cravejado-de-brilhantes.webp\"><img loading=\"lazy\" decoding=\"async\" class=\"aligncenter size-large wp-image-20470\" src=\"https:\/\/jornalcontato.com.br\/home\/wp-content\/uploads\/2023\/08\/Frederick-Wassef-e-o-relogio-cravejado-de-brilhantes-450x251.webp\" alt=\"\" width=\"450\" height=\"251\" srcset=\"https:\/\/jornalcontato.com.br\/home\/wp-content\/uploads\/2023\/08\/Frederick-Wassef-e-o-relogio-cravejado-de-brilhantes-450x251.webp 450w, https:\/\/jornalcontato.com.br\/home\/wp-content\/uploads\/2023\/08\/Frederick-Wassef-e-o-relogio-cravejado-de-brilhantes-300x167.webp 300w, https:\/\/jornalcontato.com.br\/home\/wp-content\/uploads\/2023\/08\/Frederick-Wassef-e-o-relogio-cravejado-de-brilhantes-768x428.webp 768w, https:\/\/jornalcontato.com.br\/home\/wp-content\/uploads\/2023\/08\/Frederick-Wassef-e-o-relogio-cravejado-de-brilhantes-265x147.webp 265w, https:\/\/jornalcontato.com.br\/home\/wp-content\/uploads\/2023\/08\/Frederick-Wassef-e-o-relogio-cravejado-de-brilhantes-360x200.webp 360w, https:\/\/jornalcontato.com.br\/home\/wp-content\/uploads\/2023\/08\/Frederick-Wassef-e-o-relogio-cravejado-de-brilhantes-750x420.webp 750w, https:\/\/jornalcontato.com.br\/home\/wp-content\/uploads\/2023\/08\/Frederick-Wassef-e-o-relogio-cravejado-de-brilhantes.webp 984w\" sizes=\"auto, (max-width: 450px) 100vw, 450px\" \/><\/a><\/p>\n<p style=\"text-align: center;\"><em><strong>Wassef, advogado do Bozo, foi os EUA recomprar o rel\u00f3gio para entregar ao TCU<\/strong><\/em><\/p>\n<p>O tenente-coronel do Ex\u00e9rcito, Mauro Cid, foi ajudante de ordens do ex-presidente Jair Bolsonaro; a PF descobriu que ele e seu pai, um general da reserva, buscavam compradores para joias recebidas por Bolsonaro enquanto era presidente.<\/p>\n<p>O tenente-coronel do Ex\u00e9rcito, Mauro Cid, foi ajudante de ordens do ex-presidente Jair Bolsonaro; a PF descobriu que ele e seu pai, um general da reserva, buscavam compradores para joias recebidas por Bolsonaro enquanto era presidente.<\/p>\n<p>Todos lembramos de Queiroz. \u00c9 aquele ex-assessor de Fl\u00e1vio Bolsonaro que ganhava R$ 23 mil mensais, mas movimentou R$ 7 milh\u00f5es em tr\u00eas anos, per\u00edodo no qual recebeu centenas de dep\u00f3sitos de funcion\u00e1rios lotados no gabinete do filho 01 enquanto fazia pagamentos diversos para o cl\u00e3 Bolsonaro. Teve at\u00e9 cheque depositado na conta de Michelle. Amigo de longa data de Jair, Queiroz tamb\u00e9m foi assessor dele por anos.<\/p>\n<p><a href=\"https:\/\/jornalcontato.com.br\/home\/wp-content\/uploads\/2023\/08\/Bozo-e-Cid.webp\"><img loading=\"lazy\" decoding=\"async\" class=\"aligncenter size-large wp-image-20471\" src=\"https:\/\/jornalcontato.com.br\/home\/wp-content\/uploads\/2023\/08\/Bozo-e-Cid-450x374.webp\" alt=\"\" width=\"450\" height=\"374\" srcset=\"https:\/\/jornalcontato.com.br\/home\/wp-content\/uploads\/2023\/08\/Bozo-e-Cid-450x374.webp 450w, https:\/\/jornalcontato.com.br\/home\/wp-content\/uploads\/2023\/08\/Bozo-e-Cid-300x249.webp 300w, https:\/\/jornalcontato.com.br\/home\/wp-content\/uploads\/2023\/08\/Bozo-e-Cid-768x638.webp 768w, https:\/\/jornalcontato.com.br\/home\/wp-content\/uploads\/2023\/08\/Bozo-e-Cid.webp 984w\" sizes=\"auto, (max-width: 450px) 100vw, 450px\" \/><\/a><\/p>\n<p style=\"text-align: center;\"><em><strong>O deslumbramento era vis\u00edvel nas express\u00f5es desses personagens<\/strong><\/em><\/p>\n<p>\u00a0Retomando o enredo rocambolesco do com\u00e9rcio de joias, a PF identificou um \u00e1udio no qual Mauro Cid citava ter 25 mil d\u00f3lares \u201cem cash\u201d que deveriam ser entregues em m\u00e3os ao \u201cpresidente\u201d. Para a PF, ele se referia a Jair. \u00c9 o mesmo Jair que, antes de ser eleito, dizia que \u201csonegava todo o poss\u00edvel\u201d e justificava embolsar o aux\u00edlio-moradia da C\u00e2mara mesmo tendo im\u00f3vel pr\u00f3prio porque queria \u201ccomer gente\u201d.<\/p>\n<p>Sobre o caso das joias, Jair at\u00e9 agora se limitou a dizer em nota que jamais se apropriou de bens p\u00fablicos e que sua movimenta\u00e7\u00e3o banc\u00e1ria est\u00e1 \u201c\u00e0 disposi\u00e7\u00e3o\u201d das autoridades. \u00c9 que a PF, como revelou o Estad\u00e3o, j\u00e1 pediu a quebra do sigilo banc\u00e1rio e fiscal do ex-presidente. Parece quest\u00e3o de tempo para que a apura\u00e7\u00e3o traga novos desdobramentos. A ver se o que eventualmente surgir sobre Jair seguir\u00e1 surpreendendo os incautos.<\/p>\n","protected":false},"excerpt":{"rendered":"<p>Quem se diz pego no contrap\u00e9 com a abund\u00e2ncia de provas sobre o trambique operado por assessores e amigos do ex-presidente deveria revisitar alguns fatos. &#8230;<\/p>\n","protected":false},"author":1,"featured_media":20469,"comment_status":"open","ping_status":"open","sticky":false,"template":"","format":"standard","meta":{"footnotes":""},"categories":[1],"tags":[],"class_list":["post-20468","post","type-post","status-publish","format-standard","has-post-thumbnail","hentry","category-nacional"],"_links":{"self":[{"href":"https:\/\/www.jornalcontato.com.br\/home\/index.php\/wp-json\/wp\/v2\/posts\/20468","targetHints":{"allow":["GET"]}}],"collection":[{"href":"https:\/\/www.jornalcontato.com.br\/home\/index.php\/wp-json\/wp\/v2\/posts"}],"about":[{"href":"https:\/\/www.jornalcontato.com.br\/home\/index.php\/wp-json\/wp\/v2\/types\/post"}],"author":[{"embeddable":true,"href":"https:\/\/www.jornalcontato.com.br\/home\/index.php\/wp-json\/wp\/v2\/users\/1"}],"replies":[{"embeddable":true,"href":"https:\/\/www.jornalcontato.com.br\/home\/index.php\/wp-json\/wp\/v2\/comments?post=20468"}],"version-history":[{"count":1,"href":"https:\/\/www.jornalcontato.com.br\/home\/index.php\/wp-json\/wp\/v2\/posts\/20468\/revisions"}],"predecessor-version":[{"id":20472,"href":"https:\/\/www.jornalcontato.com.br\/home\/index.php\/wp-json\/wp\/v2\/posts\/20468\/revisions\/20472"}],"wp:featuredmedia":[{"embeddable":true,"href":"https:\/\/www.jornalcontato.com.br\/home\/index.php\/wp-json\/wp\/v2\/media\/20469"}],"wp:attachment":[{"href":"https:\/\/www.jornalcontato.com.br\/home\/index.php\/wp-json\/wp\/v2\/media?parent=20468"}],"wp:term":[{"taxonomy":"category","embeddable":true,"href":"https:\/\/www.jornalcontato.com.br\/home\/index.php\/wp-json\/wp\/v2\/categories?post=20468"},{"taxonomy":"post_tag","embeddable":true,"href":"https:\/\/www.jornalcontato.com.br\/home\/index.php\/wp-json\/wp\/v2\/tags?post=20468"}],"curies":[{"name":"wp","href":"https:\/\/api.w.org\/{rel}","templated":true}]}}