{"id":20437,"date":"2023-08-02T19:39:42","date_gmt":"2023-08-02T22:39:42","guid":{"rendered":"https:\/\/www.jornalcontato.com.br\/home\/?p=20437"},"modified":"2023-08-03T07:17:32","modified_gmt":"2023-08-03T10:17:32","slug":"comico-se-nao-fosse-tragico-paulo-de-tarso","status":"publish","type":"post","link":"https:\/\/www.jornalcontato.com.br\/home\/index.php\/comico-se-nao-fosse-tragico-paulo-de-tarso\/","title":{"rendered":"C\u00f4mico, se n\u00e3o fosse tr\u00e1gico  (Paulo de Tarso)"},"content":{"rendered":"<p style=\"text-align: center;\"><em><strong>&#8220;\u00e9 poss\u00edvel concluir que, sendo realizado um planejamento das a\u00e7\u00f5es de seguran\u00e7a adequado, com o acionamento de valor de tropa suficiente, a execu\u00e7\u00e3o das a\u00e7\u00f5es de seguran\u00e7a por parte das tropas do Comando Militar do Planalto teria melhores condi\u00e7\u00f5es de \u00eaxito&#8221; <\/strong><\/em>trecho do inqu\u00e9rito militar<\/p>\n<p>Relat\u00f3rio do Ex\u00e9rcito sobre 8 de janeiro, aquele dia que foi sem nunca ter sido, n\u00e3o importa o qu\u00ea, concluiu que a \u201cv\u00edtima\u201d \u00e9 a culpada. Fiquei com a impress\u00e3o de n\u00e3o ter vivido e acompanhado o dia a dia dessa nossa tropic\u00e1lia. Que saudade de Rita Lee com seus Mutantes https:\/\/www.youtube.com\/watch?v=mTFYMEPLjA0 acompanhando Gilberto Gil em Domingo no Parque nos idos dos anos dourados e dos festivais no Teatro Record. Que saudade da gera\u00e7\u00e3o que se exp\u00f4s em versos, m\u00fasicas, pinturas, teatro e at\u00e9 com armas na m\u00e3o para dizer em todas as plataformas da \u00e9poca suas cr\u00edticas \u00e0 ditadura vigente. At\u00e9 os milicos que censuraram, prenderam, torturaram e at\u00e9 eliminaram seus desafetos pareciam mais inteligentes.<\/p>\n<p><a href=\"https:\/\/jornalcontato.com.br\/home\/wp-content\/uploads\/2023\/08\/RITA-LEE-1967.png\"><img loading=\"lazy\" decoding=\"async\" class=\"aligncenter size-large wp-image-20438\" src=\"https:\/\/jornalcontato.com.br\/home\/wp-content\/uploads\/2023\/08\/RITA-LEE-1967-450x253.png\" alt=\"\" width=\"450\" height=\"253\" srcset=\"https:\/\/jornalcontato.com.br\/home\/wp-content\/uploads\/2023\/08\/RITA-LEE-1967-450x253.png 450w, https:\/\/jornalcontato.com.br\/home\/wp-content\/uploads\/2023\/08\/RITA-LEE-1967-300x169.png 300w, https:\/\/jornalcontato.com.br\/home\/wp-content\/uploads\/2023\/08\/RITA-LEE-1967-768x432.png 768w, https:\/\/jornalcontato.com.br\/home\/wp-content\/uploads\/2023\/08\/RITA-LEE-1967-750x420.png 750w, https:\/\/jornalcontato.com.br\/home\/wp-content\/uploads\/2023\/08\/RITA-LEE-1967-1140x641.png 1140w, https:\/\/jornalcontato.com.br\/home\/wp-content\/uploads\/2023\/08\/RITA-LEE-1967.png 1280w\" sizes=\"auto, (max-width: 450px) 100vw, 450px\" \/><\/a><\/p>\n<p style=\"text-align: center;\"><em><strong>Rita Lee no Festival de MPB no Teatro Record em 1967<\/strong><\/em><\/p>\n<p>\u00a0\u00a0\u00a0\u00a0\u00a0\u00a0\u00a0\u00a0\u00a0\u00a0\u00a0 Cala-te boca! Desliga a cabe\u00e7a, p\u00f4! O mundo \u00e9 outro. Caminhamos em ritmo acelerado para as IAs adquiridas em promo\u00e7\u00f5es virtuais. N\u00e3o sabe o que \u00e9 IA? Paci\u00eancia, sugiro que mude de canal. Ou de plataforma. Ou nem queira saber o que vem a ser o que um dia ser\u00e1. \u00c9 melhor nem saber.<\/p>\n<p>Botei os neur\u00f4nios para funcionar e, claro, fiz de conta que n\u00e3o li o que j\u00e1 tinha lido: o relat\u00f3rio do Ex\u00e9rcito sobre o dia que vai durar muitos e muitos dias ainda. Escarafunchei o relat\u00f3rio. O alvo era (\u00e9) o governo federal rec\u00e9m empossado poucos dias antes daquele dia.<\/p>\n<p>Milico esperto, experrrto no bom carioqu\u00eas, n\u00e3o costuma revelar seu alvo. Milico experrrto que passou pela academia, que deu um chap\u00e9u na Justi\u00e7a Militar e impediu a expuls\u00e3o de um capit\u00e3o capenga de criatividade que desenhou um croqui que apontava os locais \u2013 unidades militares &#8211; onde as bombas seriam acionadas para provocar desastres como a destrui\u00e7\u00e3o de barreiras de uma represa, e entregou o desenho para a rep\u00f3rter que o entrevistou. A jornalista foi a culpada, claro. Era o segundo registro de uma esp\u00e9cie militar resendense. O primeiro foi na v\u00e9spera do show de 1\u00ba de maio de 1981 que seria realizado no Riocentro. Nesse caso, a bomba explodiu no colo do sargento que morreu e que estava ao lado de outro capit\u00e3o, que sobreviveu. As outras opera\u00e7\u00f5es nunca foram reveladas. Mas os culpados foram identificados: guerrilheiros de esquerda que j\u00e1 haviam sido eliminados.<\/p>\n<p><a href=\"https:\/\/jornalcontato.com.br\/home\/wp-content\/uploads\/2023\/08\/Atentado-Riocentro-scaled.jpg\"><img loading=\"lazy\" decoding=\"async\" class=\"size-large wp-image-20439 aligncenter\" src=\"https:\/\/jornalcontato.com.br\/home\/wp-content\/uploads\/2023\/08\/Atentado-Riocentro-450x290.jpg\" alt=\"\" width=\"450\" height=\"290\" srcset=\"https:\/\/jornalcontato.com.br\/home\/wp-content\/uploads\/2023\/08\/Atentado-Riocentro-450x290.jpg 450w, https:\/\/jornalcontato.com.br\/home\/wp-content\/uploads\/2023\/08\/Atentado-Riocentro-300x193.jpg 300w, https:\/\/jornalcontato.com.br\/home\/wp-content\/uploads\/2023\/08\/Atentado-Riocentro-768x494.jpg 768w, https:\/\/jornalcontato.com.br\/home\/wp-content\/uploads\/2023\/08\/Atentado-Riocentro-1536x988.jpg 1536w, https:\/\/jornalcontato.com.br\/home\/wp-content\/uploads\/2023\/08\/Atentado-Riocentro-2048x1318.jpg 2048w\" sizes=\"auto, (max-width: 450px) 100vw, 450px\" \/><\/a><\/p>\n<p style=\"text-align: center;\">\u00a0 \u00a0 \u00a0 \u00a0 \u00a0 \u00a0<strong><em>Atentado Riocentro 1981: bomba explodiu no colo do sargento<\/em><\/strong><\/p>\n<p>\u00a0 \u00a0 \u00a0 \u00a0 \u00a0 \u00a0 \u00a0 \u00a0 Com o passar das d\u00e9cadas, os milicos experrrtos pareciam que tinha dado a volta por cima. Chegaram at\u00e9 o Pal\u00e1cio da Alvorada sem dar um \u00fanico tiro, muito menos acender o pavio de alguma bomba. Mas o ditado popular \u00e9 infal\u00edvel: quem nunca comeu melado quando come se lambuza. Com rar\u00edssimas exce\u00e7\u00f5es, os resendenses se lambuzaram. E como!<\/p>\n<p>Inebriados com o sucesso que abria porta para (quase) todos os desejos e fantasias, devidamente mordidos pela mosca azul do poder, a milicada (com rar\u00edssimas exce\u00e7\u00f5es) ficou presa no melado, tal qual as moscas do dia a dia. O melado n\u00e3o permite o bater de asas e aos poucos come\u00e7a a tragar os mais gulosos.<\/p>\n<p>O primeiro golpe mortal foi o resultado das elei\u00e7\u00f5es em 2022. Suficientemente forte para deixar claro que os milicos experrrtos haviam perdido a parada. Bateu o desespero. Tentar impedir a posse.<\/p>\n<p>No dia 12 de dezembro, segunda-feira, carros e \u00f4nibus incendiados, botij\u00f5es de g\u00e1s, ataque a delegacia e sede da PF marcaram os atos de bolsonaristas radicais, seguido de s\u00e9rie de atos de vandalismo em Bras\u00edlia ap\u00f3s a diploma\u00e7\u00e3o do novo (?) presidente.<\/p>\n<p><a href=\"https:\/\/jornalcontato.com.br\/home\/wp-content\/uploads\/2023\/08\/Atentados-12-dez.jpeg\"><img loading=\"lazy\" decoding=\"async\" class=\"aligncenter size-large wp-image-20440\" src=\"https:\/\/jornalcontato.com.br\/home\/wp-content\/uploads\/2023\/08\/Atentados-12-dez-450x225.jpeg\" alt=\"\" width=\"450\" height=\"225\" srcset=\"https:\/\/jornalcontato.com.br\/home\/wp-content\/uploads\/2023\/08\/Atentados-12-dez-450x225.jpeg 450w, https:\/\/jornalcontato.com.br\/home\/wp-content\/uploads\/2023\/08\/Atentados-12-dez-300x150.jpeg 300w, https:\/\/jornalcontato.com.br\/home\/wp-content\/uploads\/2023\/08\/Atentados-12-dez-768x384.jpeg 768w, https:\/\/jornalcontato.com.br\/home\/wp-content\/uploads\/2023\/08\/Atentados-12-dez.jpeg 800w\" sizes=\"auto, (max-width: 450px) 100vw, 450px\" \/><\/a><\/p>\n<p style=\"text-align: center;\"><em><strong>Atentados terroristas de 12 de dezembro em Bras\u00edlia<\/strong><\/em><\/p>\n<p>\u00a0\u00a0\u00a0\u00a0\u00a0\u00a0\u00a0\u00a0\u00a0\u00a0\u00a0 Os seguidores radicais do presidente derrotado montaram acampamento em frente ao QG do Ex\u00e9rcito na capital federal. E dali tra\u00e7aram t\u00e1ticas e estrat\u00e9gias \u201credentoras\u201d que culminou no ataque desesperado de 8 de janeiro.<\/p>\n<p>O embate ainda n\u00e3o terminou. O relat\u00f3rio Ex\u00e9rcito \u00e9 a maior prova que ainda existem fortes resist\u00eancias militares (salvo rar\u00edssimas exce\u00e7\u00f5es) ao regime democr\u00e1tico. Como bons milicos, tentam criar um outro alvo. Nada melhor que o ministro do STF e atual presidente do TSE Alexandre de Moraes.<\/p>\n<p>O poder Executivo vai assistir de camarote embate anunciado pelos milicos entre o poder Judici\u00e1rio e os militares que sonham em se transformar em poder da Rep\u00fablica, de prefer\u00eancia o Moderador. <em>Alea jacta est<\/em><\/p>\n","protected":false},"excerpt":{"rendered":"<p>&#8220;\u00e9 poss\u00edvel concluir que, sendo realizado um planejamento das a\u00e7\u00f5es de seguran\u00e7a adequado, com o acionamento de valor de tropa suficiente, a execu\u00e7\u00e3o das a\u00e7\u00f5es &#8230;<\/p>\n","protected":false},"author":1,"featured_media":20441,"comment_status":"open","ping_status":"open","sticky":false,"template":"","format":"standard","meta":{"footnotes":""},"categories":[1],"tags":[],"class_list":["post-20437","post","type-post","status-publish","format-standard","has-post-thumbnail","hentry","category-nacional"],"_links":{"self":[{"href":"https:\/\/www.jornalcontato.com.br\/home\/index.php\/wp-json\/wp\/v2\/posts\/20437","targetHints":{"allow":["GET"]}}],"collection":[{"href":"https:\/\/www.jornalcontato.com.br\/home\/index.php\/wp-json\/wp\/v2\/posts"}],"about":[{"href":"https:\/\/www.jornalcontato.com.br\/home\/index.php\/wp-json\/wp\/v2\/types\/post"}],"author":[{"embeddable":true,"href":"https:\/\/www.jornalcontato.com.br\/home\/index.php\/wp-json\/wp\/v2\/users\/1"}],"replies":[{"embeddable":true,"href":"https:\/\/www.jornalcontato.com.br\/home\/index.php\/wp-json\/wp\/v2\/comments?post=20437"}],"version-history":[{"count":5,"href":"https:\/\/www.jornalcontato.com.br\/home\/index.php\/wp-json\/wp\/v2\/posts\/20437\/revisions"}],"predecessor-version":[{"id":20446,"href":"https:\/\/www.jornalcontato.com.br\/home\/index.php\/wp-json\/wp\/v2\/posts\/20437\/revisions\/20446"}],"wp:featuredmedia":[{"embeddable":true,"href":"https:\/\/www.jornalcontato.com.br\/home\/index.php\/wp-json\/wp\/v2\/media\/20441"}],"wp:attachment":[{"href":"https:\/\/www.jornalcontato.com.br\/home\/index.php\/wp-json\/wp\/v2\/media?parent=20437"}],"wp:term":[{"taxonomy":"category","embeddable":true,"href":"https:\/\/www.jornalcontato.com.br\/home\/index.php\/wp-json\/wp\/v2\/categories?post=20437"},{"taxonomy":"post_tag","embeddable":true,"href":"https:\/\/www.jornalcontato.com.br\/home\/index.php\/wp-json\/wp\/v2\/tags?post=20437"}],"curies":[{"name":"wp","href":"https:\/\/api.w.org\/{rel}","templated":true}]}}