{"id":20400,"date":"2023-07-06T13:24:02","date_gmt":"2023-07-06T16:24:02","guid":{"rendered":"https:\/\/www.jornalcontato.com.br\/home\/?p=20400"},"modified":"2023-07-06T13:24:02","modified_gmt":"2023-07-06T16:24:02","slug":"a-farra-do-boi-em-brasilia-paulo-de-tarso","status":"publish","type":"post","link":"https:\/\/www.jornalcontato.com.br\/home\/index.php\/a-farra-do-boi-em-brasilia-paulo-de-tarso\/","title":{"rendered":"A farra do boi em Bras\u00edlia (Paulo de Tarso)"},"content":{"rendered":"<p style=\"text-align: center;\">\u00a0 \u00a0 \u00a0 \u00a0 \u00a0 \u00a0 <em><strong>Governo Lula 3.0 prometia e ainda promete fazer o que afirmou durante a campanha eleitoral de 2022 e concluir o que faltou nas vers\u00f5es 1.0 e 2.0. Tenho a sensa\u00e7\u00e3o que para muita gente o clima de campanha ainda se mant\u00e9m. A come\u00e7ar pelo palanqueiro imbat\u00edvel.<\/strong><\/em><\/p>\n<p>\u00a0\u00a0\u00a0\u00a0\u00a0\u00a0\u00a0\u00a0\u00a0\u00a0\u00a0 Ontem, 04 de julho, o governo liberou um valor recorde em emendas parlamentares para garantir a aprova\u00e7\u00e3o da reforma tribut\u00e1ria, \u201capenas\u201d R$ 2,1 bilh\u00f5es para agradar os governadores dos estados. Tenho vontade de perguntar se o Bozo faria isso se tivesse vencido. Juro que n\u00e3o vou perguntar. Mas uma coisa \u00e9 certa, o valor foi um recorde no valor liberado em um \u00fanico dia pelo governo para emendas parlamentares. Superou os R$ 1,7 bilh\u00e3o, liberados em 31 de maio. Do que se trata? Era v\u00e9spera da vota\u00e7\u00e3o do arcabou\u00e7o fiscal.<\/p>\n<p>Existem tr\u00eas tipos de emendas parlamentares: as individuais, que cada deputado ou senador apresenta em seu nome; as de comiss\u00f5es tem\u00e1ticas do Congresso; e as das bancadas estaduais, quando todos os deputados e senadores de um estado, independentemente do partido, assinam para que a verba atenda o governador, que ser\u00e1 o maior beneficiado pela emenda. Do R$ 2,1 bilh\u00f5es empenhados pelo governo ontem, emendas de bancadas estaduais garantiram R$ 1,4 bilh\u00e3o.<\/p>\n<p>O partido que mais recebeu emendas foi o PP, do presidente da C\u00e2mara Arthur Lira, com um total de R$ 300 milh\u00f5es. O PL, do ex-presidente Jair Bolsonaro e maior bancada do Congresso, recebeu R$ 150 milh\u00f5es. Pode-se concluir que a libera\u00e7\u00e3o n\u00e3o foi aleat\u00f3ria. Os governadores seguidos da oposi\u00e7\u00e3o foram os alvos desta festa com recursos p\u00fablicos. Se a reforma tribut\u00e1ria passar, vai ter custado R$ 2,1 bilh\u00f5es para aprovar essa emenda.<\/p>\n<p>Essa \u00e9 a parte vis\u00edvel e documentada. Mas n\u00e3o saberemos t\u00e3o cedo como ser\u00e3o contabilizadas as ades\u00f5es das FIESPS, FIEMG, FIETJ e por a\u00ed vai. Uma inc\u00f3gnita ainda n\u00e3o foi solucionada, o agroneg\u00f3cio cujo sil\u00eancio ensurdecedor manda recados com suas demandas que se resume em aprovar isen\u00e7\u00e3o de 80 %. S\u00f3 isso! E n\u00e3o adianta Bernard Appy berrar por onde passa que esse setor ser\u00e1 beneficiado com o aumento das exporta\u00e7\u00f5es gra\u00e7as ao aumento de sua competitividade. Promessa confi\u00e1vel?<\/p>\n<p>Daqui a pouco saberemos se haver\u00e1 ou n\u00e3o mudan\u00e7a. Mas n\u00e3o se esque\u00e7am que \u201cse quisermos que tudo continue como est\u00e1, \u00e9 preciso que tudo mude\u201d. Por enquanto, s\u00f3 mudou o governo. Exagero de minha parte?<\/p>\n","protected":false},"excerpt":{"rendered":"<p>\u00a0 \u00a0 \u00a0 \u00a0 \u00a0 \u00a0 Governo Lula 3.0 prometia e ainda promete fazer o que afirmou durante a campanha eleitoral de 2022 e concluir &#8230;<\/p>\n","protected":false},"author":1,"featured_media":20401,"comment_status":"open","ping_status":"open","sticky":false,"template":"","format":"standard","meta":{"footnotes":""},"categories":[1],"tags":[],"class_list":["post-20400","post","type-post","status-publish","format-standard","has-post-thumbnail","hentry","category-nacional"],"_links":{"self":[{"href":"https:\/\/www.jornalcontato.com.br\/home\/index.php\/wp-json\/wp\/v2\/posts\/20400","targetHints":{"allow":["GET"]}}],"collection":[{"href":"https:\/\/www.jornalcontato.com.br\/home\/index.php\/wp-json\/wp\/v2\/posts"}],"about":[{"href":"https:\/\/www.jornalcontato.com.br\/home\/index.php\/wp-json\/wp\/v2\/types\/post"}],"author":[{"embeddable":true,"href":"https:\/\/www.jornalcontato.com.br\/home\/index.php\/wp-json\/wp\/v2\/users\/1"}],"replies":[{"embeddable":true,"href":"https:\/\/www.jornalcontato.com.br\/home\/index.php\/wp-json\/wp\/v2\/comments?post=20400"}],"version-history":[{"count":1,"href":"https:\/\/www.jornalcontato.com.br\/home\/index.php\/wp-json\/wp\/v2\/posts\/20400\/revisions"}],"predecessor-version":[{"id":20402,"href":"https:\/\/www.jornalcontato.com.br\/home\/index.php\/wp-json\/wp\/v2\/posts\/20400\/revisions\/20402"}],"wp:featuredmedia":[{"embeddable":true,"href":"https:\/\/www.jornalcontato.com.br\/home\/index.php\/wp-json\/wp\/v2\/media\/20401"}],"wp:attachment":[{"href":"https:\/\/www.jornalcontato.com.br\/home\/index.php\/wp-json\/wp\/v2\/media?parent=20400"}],"wp:term":[{"taxonomy":"category","embeddable":true,"href":"https:\/\/www.jornalcontato.com.br\/home\/index.php\/wp-json\/wp\/v2\/categories?post=20400"},{"taxonomy":"post_tag","embeddable":true,"href":"https:\/\/www.jornalcontato.com.br\/home\/index.php\/wp-json\/wp\/v2\/tags?post=20400"}],"curies":[{"name":"wp","href":"https:\/\/api.w.org\/{rel}","templated":true}]}}