{"id":20361,"date":"2023-06-15T09:23:08","date_gmt":"2023-06-15T12:23:08","guid":{"rendered":"https:\/\/www.jornalcontato.com.br\/home\/?p=20361"},"modified":"2023-06-15T09:23:08","modified_gmt":"2023-06-15T12:23:08","slug":"e-lula-chorou-merval-pereira-oglobo","status":"publish","type":"post","link":"https:\/\/www.jornalcontato.com.br\/home\/index.php\/e-lula-chorou-merval-pereira-oglobo\/","title":{"rendered":"E Lula chorou (Merval Pereira &#8211; OGlobo)"},"content":{"rendered":"<p style=\"text-align: center;\"><strong><em>O choro por Daniela do Waguinho n\u00e3o tem o mesmo peso pol\u00edtico do choro que frequentemente toma conta de Lula quando ele fala de pobreza e de desigualdade<\/em><\/strong><\/p>\n<p>O presidente Lula chorou na reuni\u00e3o em que demitiria Daniela do Waguinho do Minist\u00e9rio do Turismo. Alguma coisa est\u00e1 errada nesse emocionalismo excessivo. Os dois, Waguinho e Daniela, nunca foram petistas, nem pr\u00f3ximos a Lula. A sa\u00edda do minist\u00e9rio n\u00e3o se deu por uma crise daquelas s\u00e9rias, que deixam sequelas em velhos amigos, como sempre acontece nos governos.<\/p>\n<p>Nem o minist\u00e9rio tem import\u00e2ncia, infelizmente. A ponto de ser dado para uma deputada que nada tem a ver com o assunto, que agora ser\u00e1 sucedida por outro deputado, que tamb\u00e9m n\u00e3o entende nada de turismo. N\u00e3o me lembro de Lula ter chorado quando o ent\u00e3o todo-poderoso ministro Jos\u00e9 Dirceu teve de se demitir da Casa Civil em meio \u00e0 crise do mensal\u00e3o. Nem mesmo quando v\u00e1rios deputados, esses sim, chorando, sa\u00edram do PT em protesto contra a corrup\u00e7\u00e3o escancarada.<\/p>\n<p>N\u00e3o h\u00e1 raz\u00e3o aparente para o choro do presidente. Pelo menos o choro por Daniela do Waguinho n\u00e3o tem o mesmo peso pol\u00edtico do choro que frequentemente toma conta de Lula quando ele fala de pobreza, de desigualdade. Esses choros, que foram frequentes durante a campanha presidencial, t\u00eam sentido, combinam com as preocupa\u00e7\u00f5es sociais que basearam a carreira pol\u00edtica de Lula.<\/p>\n<p><a href=\"https:\/\/jornalcontato.com.br\/home\/wp-content\/uploads\/2023\/06\/Daniela-e-Lula.webp\"><img loading=\"lazy\" decoding=\"async\" class=\"aligncenter size-large wp-image-20362\" src=\"https:\/\/jornalcontato.com.br\/home\/wp-content\/uploads\/2023\/06\/Daniela-e-Lula-450x216.webp\" alt=\"\" width=\"450\" height=\"216\" srcset=\"https:\/\/jornalcontato.com.br\/home\/wp-content\/uploads\/2023\/06\/Daniela-e-Lula-450x216.webp 450w, https:\/\/jornalcontato.com.br\/home\/wp-content\/uploads\/2023\/06\/Daniela-e-Lula-300x144.webp 300w, https:\/\/jornalcontato.com.br\/home\/wp-content\/uploads\/2023\/06\/Daniela-e-Lula-768x369.webp 768w, https:\/\/jornalcontato.com.br\/home\/wp-content\/uploads\/2023\/06\/Daniela-e-Lula.webp 960w\" sizes=\"auto, (max-width: 450px) 100vw, 450px\" \/><\/a><\/p>\n<p>Chorar por t\u00e3o pouco \u2014 por Waguinho, que nem lhe deu uma vit\u00f3ria em seu territ\u00f3rio eleitoral, Belford Roxo, no Rio; por um minist\u00e9rio que n\u00e3o tem peso pol\u00edtico nem \u00e9 fundamental no seu plano de governo \u2014 \u00e9 sinal de que a press\u00e3o est\u00e1 sendo sentida, por maior que seja sua experi\u00eancia. Lula, por mais que soubesse que o pa\u00eds est\u00e1 dividido, achava que uma vit\u00f3ria abriria caminho para impor-se como se impusera noutros tempos.<\/p>\n<p>N\u00e3o \u00e9 o caso, porque a maioria do Congresso \u00e9 do Centr\u00e3o, e em propor\u00e7\u00e3o maior que a revelada pelas urnas. Como o governo petista n\u00e3o sabe lidar com outros partidos a n\u00e3o ser em condi\u00e7\u00f5es de hegemonia, n\u00e3o conseguiu refletir no Congresso a margem m\u00ednima que o levou de volta ao poder.<\/p>\n<p>Quando Fernando Henrique levou o PFL para seu governo de coaliz\u00e3o, em 1994, foi um esc\u00e2ndalo nos meios pol\u00edticos. Foi um governo de centro-esquerda, mas onde os pol\u00edticos da direita tinham vez e voz, sem precisar abrir espa\u00e7o para a extrema direita. Esse governo de coaliz\u00e3o foi se deturpando ao longo do tempo, se transformando em mero organizador das demandas fisiol\u00f3gicas dos partidos que, n\u00e3o sendo de esquerda, davam seus votos em troca de verbas e cargos.<\/p>\n<p>Hoje, depois que os partidos descobriram sua for\u00e7a e, sobretudo, tiveram o gostinho de assumir o poder real durante os governos Temer e Bolsonaro, o jogo entrou noutro patamar. Talvez por isso Lula chore. H\u00e1 quem considere um exagero dizer que Lula n\u00e3o tem projeto de governo. Ele todo dia lan\u00e7a um programa, um projeto, argumentam. Sem notar que todos os programas j\u00e1 lan\u00e7ados s\u00e3o repeti\u00e7\u00f5es do j\u00e1 feito h\u00e1 20 anos, importantes a maioria, outros bizarros, como copiar o carro popular do Itamar.<a href=\"https:\/\/jornalcontato.com.br\/home\/wp-content\/uploads\/2023\/06\/lula-dirceu.jpg\"><img loading=\"lazy\" decoding=\"async\" class=\"aligncenter size-full wp-image-20363\" src=\"https:\/\/jornalcontato.com.br\/home\/wp-content\/uploads\/2023\/06\/lula-dirceu.jpg\" alt=\"\" width=\"377\" height=\"334\" srcset=\"https:\/\/jornalcontato.com.br\/home\/wp-content\/uploads\/2023\/06\/lula-dirceu.jpg 377w, https:\/\/jornalcontato.com.br\/home\/wp-content\/uploads\/2023\/06\/lula-dirceu-300x266.jpg 300w\" sizes=\"auto, (max-width: 377px) 100vw, 377px\" \/><\/a><\/p>\n<p>O projeto para o futuro est\u00e1 na Amaz\u00f4nia, na ocupa\u00e7\u00e3o da selva pelos t\u00e9cnicos, cientistas, na cria\u00e7\u00e3o de empregos na regi\u00e3o marcados pelas energias renov\u00e1veis do futuro. Engra\u00e7ado o presidente da C\u00e2mara, deputado Arthur Lira, lamentar que Lula n\u00e3o assuma a condi\u00e7\u00e3o de candidato \u00e0 reelei\u00e7\u00e3o presidencial. Claro que ele quer uma sinaliza\u00e7\u00e3o para ver para que lado o vento poder\u00e1 soprar mais adiante.<\/p>\n<p>A proposta de reelei\u00e7\u00e3o, que o pr\u00f3prio Fernando Henrique j\u00e1 admitiu ter sido um erro para um pa\u00eds como o Brasil, nasceu com o prop\u00f3sito de manter o Plano Real. Acabou se transformando num instrumento de manuten\u00e7\u00e3o do poder, sem nada a ver com projeto de futuro do pa\u00eds. \u00c9 um projeto de futuro dos pol\u00edticos envolvidos na disputa presidencial. E agora, nem isso. Vai servir para colocar um bolsonarista num governo petista. Era s\u00f3 o que faltava.<\/p>\n","protected":false},"excerpt":{"rendered":"<p>O choro por Daniela do Waguinho n\u00e3o tem o mesmo peso pol\u00edtico do choro que frequentemente toma conta de Lula quando ele fala de pobreza &#8230;<\/p>\n","protected":false},"author":1,"featured_media":20364,"comment_status":"open","ping_status":"open","sticky":false,"template":"","format":"standard","meta":{"footnotes":""},"categories":[1],"tags":[],"class_list":["post-20361","post","type-post","status-publish","format-standard","has-post-thumbnail","hentry","category-nacional"],"_links":{"self":[{"href":"https:\/\/www.jornalcontato.com.br\/home\/index.php\/wp-json\/wp\/v2\/posts\/20361","targetHints":{"allow":["GET"]}}],"collection":[{"href":"https:\/\/www.jornalcontato.com.br\/home\/index.php\/wp-json\/wp\/v2\/posts"}],"about":[{"href":"https:\/\/www.jornalcontato.com.br\/home\/index.php\/wp-json\/wp\/v2\/types\/post"}],"author":[{"embeddable":true,"href":"https:\/\/www.jornalcontato.com.br\/home\/index.php\/wp-json\/wp\/v2\/users\/1"}],"replies":[{"embeddable":true,"href":"https:\/\/www.jornalcontato.com.br\/home\/index.php\/wp-json\/wp\/v2\/comments?post=20361"}],"version-history":[{"count":1,"href":"https:\/\/www.jornalcontato.com.br\/home\/index.php\/wp-json\/wp\/v2\/posts\/20361\/revisions"}],"predecessor-version":[{"id":20365,"href":"https:\/\/www.jornalcontato.com.br\/home\/index.php\/wp-json\/wp\/v2\/posts\/20361\/revisions\/20365"}],"wp:featuredmedia":[{"embeddable":true,"href":"https:\/\/www.jornalcontato.com.br\/home\/index.php\/wp-json\/wp\/v2\/media\/20364"}],"wp:attachment":[{"href":"https:\/\/www.jornalcontato.com.br\/home\/index.php\/wp-json\/wp\/v2\/media?parent=20361"}],"wp:term":[{"taxonomy":"category","embeddable":true,"href":"https:\/\/www.jornalcontato.com.br\/home\/index.php\/wp-json\/wp\/v2\/categories?post=20361"},{"taxonomy":"post_tag","embeddable":true,"href":"https:\/\/www.jornalcontato.com.br\/home\/index.php\/wp-json\/wp\/v2\/tags?post=20361"}],"curies":[{"name":"wp","href":"https:\/\/api.w.org\/{rel}","templated":true}]}}