{"id":20347,"date":"2023-06-04T17:55:30","date_gmt":"2023-06-04T20:55:30","guid":{"rendered":"https:\/\/www.jornalcontato.com.br\/home\/?p=20347"},"modified":"2023-06-04T17:55:30","modified_gmt":"2023-06-04T20:55:30","slug":"tiranete-desantis-dorrit-harazim-oglobo","status":"publish","type":"post","link":"https:\/\/www.jornalcontato.com.br\/home\/index.php\/tiranete-desantis-dorrit-harazim-oglobo\/","title":{"rendered":"Tiranete DeSantis (Dorrit Harazim &#8211; OGlobo)"},"content":{"rendered":"<p style=\"text-align: center;\"><em><strong>Governador da Fl\u00f3rida, Ron DeSantis<\/strong><\/em><\/p>\n<p style=\"text-align: center;\"><em><strong>Foi empunhando a bandeira da defesa dos \u201cdireitos dos pais\u201d que a nova lei recorreu ao gen\u00e9rico \u201cpornografia\u201d para proibir uma edi\u00e7\u00e3o ilustrada do cl\u00e1ssico A Bela Adormecida<\/strong><\/em><\/p>\n<p>Illinois \u00e9 o estado americano governado pelo empres\u00e1rio democrata J.B. Pritzker, cuja fortuna familiar, ancorada na antiga rede hoteleira Hyatt, abriga 11 bilion\u00e1rios. O ilustre sobrenome tamb\u00e9m honra o mais prestigioso pr\u00eamio mundial de arquitetura, criado pelo patriarca h\u00e1 quase 50 anos. Dias atr\u00e1s pousou na mesa de Pritzker uma lei f\u00e1cil de assinar, fossem outros os tempos. S\u00f3 que nada mais \u00e9 banal ou simples no ingl\u00f3rio contexto atual de guerras culturais. Da\u00ed o texto a ser chancelado pelo governador adquirir ares quase revolucion\u00e1rios, quando enuncia, simplesmente, que \u00e9 proibido proibir:<\/p>\n<p>\u2014Fica declarado ser pol\u00edtica do estado incentivar e proteger a liberdade de bibliotecas e do sistema bibliotec\u00e1rio para a aquisi\u00e7\u00e3o de materiais, sem inger\u00eancia externa; fornecer-lhes prote\u00e7\u00e3o contra tentativas de banir, remover ou restringir o acesso a livros e outros materiais.<\/p>\n<p>Para receber verba do governo, Illinois exige que suas 645 bibliotecas p\u00fablicas e 2.577 escolares assinem (e sigam) dois princ\u00edpios b\u00e1sicos da Declara\u00e7\u00e3o de Direitos da Associa\u00e7\u00e3o Americana de Bibliotecas: \u201capresentar os v\u00e1rios pontos de vista sobre temas atuais e hist\u00f3ricos\u201d, e \u201cmateriais n\u00e3o podem ser proscritos nem removidos por motivos doutrin\u00e1rios ou partid\u00e1rios\u201d. Desde 1982, por sinal, em julgamento de um caso relativo \u00e0 autonomia de uma escola (Board of Education v. Pico), a Suprema Corte do pa\u00eds j\u00e1 sustentara o princ\u00edpio constitucional que pro\u00edbe \u201ca supress\u00e3o de ideias\u201d.<\/p>\n<p>Mas isso foi l\u00e1 atr\u00e1s, nos tempos em que a Terra ainda era redonda. Em 2023, 12 dos 50 estados americanos j\u00e1 se inclinam a seguir o receitu\u00e1rio corrosivo do governador da Fl\u00f3rida, o republicano\u00a0<a href=\"http:\/\/oglobo.globo.com\/tudo-sobre\/politico\/ron-desantis\/\"><strong>Ron DeSantis<\/strong><\/a>, que testa suas chances presidenciais para 2026 tensionando os limites legais de sua autoridade. Menos carism\u00e1tico (por extravagante) que sua n\u00eamesis Donald Trump, o homem que precisaria derrotar nas pr\u00e9vias do partido, DeSantis n\u00e3o \u00e9 menos incendi\u00e1rio na arte de demonizar mulheres, minorias, causas sociais, negros. E livros, sobretudo livros.<\/p>\n<p>Est\u00e1 em vigor na Fl\u00f3rida, h\u00e1 mais de um ano, a lei que exige que cada livro oferecido em sala de aula ou biblioteca de cada escola p\u00fablica do estado \u201cseja selecionado e aprovado por um funcion\u00e1rio distrital com especializa\u00e7\u00e3o certificada em livros educacionais\u201d. Caso materiais considerados danosos para menores forem usados apesar da proibi\u00e7\u00e3o, uma pena de at\u00e9 cinco anos de pris\u00e3o e multa de US$5 mil s \u00e3o aventadas pelo Departamento de Educa\u00e7\u00e3o. Como era de prever, desde ent\u00e3o reina confus\u00e3o, medo, caos e impossibilidade de cumprimento da sele\u00e7\u00e3o pr\u00e9via, tanto pelo volume de livros a analisar quanto pela escassez de \u201cespecialistas\u201d.<\/p>\n<p style=\"text-align: center;\"><a href=\"https:\/\/jornalcontato.com.br\/home\/wp-content\/uploads\/2023\/06\/Amanda-Marcotte.jpg\"><img loading=\"lazy\" decoding=\"async\" class=\"aligncenter size-full wp-image-20348\" src=\"https:\/\/jornalcontato.com.br\/home\/wp-content\/uploads\/2023\/06\/Amanda-Marcotte.jpg\" alt=\"\" width=\"300\" height=\"168\" srcset=\"https:\/\/jornalcontato.com.br\/home\/wp-content\/uploads\/2023\/06\/Amanda-Marcotte.jpg 300w, https:\/\/jornalcontato.com.br\/home\/wp-content\/uploads\/2023\/06\/Amanda-Marcotte-265x147.jpg 265w\" sizes=\"auto, (max-width: 300px) 100vw, 300px\" \/><\/a><\/p>\n<p style=\"text-align: center;\"><em><strong>&#8220;Um aluno n\u00e3o pode\u00a0 apanhar um livro para ler sozinho&#8221;<\/strong><\/em><\/p>\n<p>Como todo tiranete, autocrata ou ditador, era o que DeSantis queria \u2014 estantes esvaziadas ou encobertas, algumas bibliotecas fechadas, educadores amedrontados. Sob argumentos variados, o ensino de Hist\u00f3ria do Negro, que finalmente passara a constar pelo menos na grade extracurricular, foi vetado. Como escreveu a jornalista Amanda Marcotte na Salon, \u201co governador estabeleceu a regra de que um aluno simplesmente n\u00e3o deve poder percorrer uma estante na biblioteca e apanhar um livro para ler sozinho. Ele estigmatizou a curiosidade\u201d. Tem mais: como alguns volumes j\u00e1 analisados foram liberados com tarja de advert\u00eancia, espraia-se a mensagem subliminar de que livros s\u00e3o inerentemente perigosos. \u201cPol\u00edticas p\u00fablicas assim causam um efeito cascata\u201d, continua Marcotte, \u201ca pr\u00e1tica da leitura deixa de ser um bem social e passa a amea\u00e7a que precisa ser regulada.\u201d<\/p>\n<p>Foi empunhando a bandeira da defesa dos \u201cdireitos dos pais\u201d que a nova lei recorreu ao gen\u00e9rico \u201cpornografia\u201d para proibir uma edi\u00e7\u00e3o ilustrada do cl\u00e1ssico A Bela Adormecida em que as n\u00e1degas da rainha na banheira est\u00e3o expostas. Crit\u00e9rios ainda mais obscuros fizeram sumir desde \u201cAmada\u201d e \u201cO olho mais azul\u201d, de Toni Morrison, at\u00e9 \u201cO ca\u00e7ador de pipas\u201d, de Khaled Hosseini. Se depender de DeSantis e seus vigilantes, crian\u00e7as da Fl\u00f3rida nunca aprender\u00e3o quem foram Rosa Parks ou o grande abolicionista Frederick Douglass \u2014 \u201csem valor educacional\u201d, foi o veredito. Do outro lado do mundo, na \u00cdndia comandada por Narendra Modi, o ano letivo de 2023 tamb\u00e9m viu removidos dos livros did\u00e1ticos n\u00e3o apenas a Teoria da Evolu\u00e7\u00e3o de Darwin, como todo um leque de conte\u00fados referentes \u00e0 Hist\u00f3ria dos mu\u00e7ulmanos e \u00e0 democracia.<\/p>\n<p>\u00c9 em momentos assim que cabe domar a impaci\u00eancia diante de tantos engasgos graves do governo atual e olhar para o pior. O que seria da castigada educa\u00e7\u00e3o p\u00fablica brasileira se submetida a mais quatro anos de bolsonarismo? Melhor nem pensar.<\/p>\n","protected":false},"excerpt":{"rendered":"<p>Governador da Fl\u00f3rida, Ron DeSantis Foi empunhando a bandeira da defesa dos \u201cdireitos dos pais\u201d que a nova lei recorreu ao gen\u00e9rico \u201cpornografia\u201d para proibir &#8230;<\/p>\n","protected":false},"author":1,"featured_media":20349,"comment_status":"open","ping_status":"open","sticky":false,"template":"","format":"standard","meta":{"footnotes":""},"categories":[1],"tags":[],"class_list":["post-20347","post","type-post","status-publish","format-standard","has-post-thumbnail","hentry","category-nacional"],"_links":{"self":[{"href":"https:\/\/www.jornalcontato.com.br\/home\/index.php\/wp-json\/wp\/v2\/posts\/20347","targetHints":{"allow":["GET"]}}],"collection":[{"href":"https:\/\/www.jornalcontato.com.br\/home\/index.php\/wp-json\/wp\/v2\/posts"}],"about":[{"href":"https:\/\/www.jornalcontato.com.br\/home\/index.php\/wp-json\/wp\/v2\/types\/post"}],"author":[{"embeddable":true,"href":"https:\/\/www.jornalcontato.com.br\/home\/index.php\/wp-json\/wp\/v2\/users\/1"}],"replies":[{"embeddable":true,"href":"https:\/\/www.jornalcontato.com.br\/home\/index.php\/wp-json\/wp\/v2\/comments?post=20347"}],"version-history":[{"count":1,"href":"https:\/\/www.jornalcontato.com.br\/home\/index.php\/wp-json\/wp\/v2\/posts\/20347\/revisions"}],"predecessor-version":[{"id":20350,"href":"https:\/\/www.jornalcontato.com.br\/home\/index.php\/wp-json\/wp\/v2\/posts\/20347\/revisions\/20350"}],"wp:featuredmedia":[{"embeddable":true,"href":"https:\/\/www.jornalcontato.com.br\/home\/index.php\/wp-json\/wp\/v2\/media\/20349"}],"wp:attachment":[{"href":"https:\/\/www.jornalcontato.com.br\/home\/index.php\/wp-json\/wp\/v2\/media?parent=20347"}],"wp:term":[{"taxonomy":"category","embeddable":true,"href":"https:\/\/www.jornalcontato.com.br\/home\/index.php\/wp-json\/wp\/v2\/categories?post=20347"},{"taxonomy":"post_tag","embeddable":true,"href":"https:\/\/www.jornalcontato.com.br\/home\/index.php\/wp-json\/wp\/v2\/tags?post=20347"}],"curies":[{"name":"wp","href":"https:\/\/api.w.org\/{rel}","templated":true}]}}