{"id":20339,"date":"2023-06-02T10:35:14","date_gmt":"2023-06-02T13:35:14","guid":{"rendered":"https:\/\/www.jornalcontato.com.br\/home\/?p=20339"},"modified":"2023-06-02T10:35:14","modified_gmt":"2023-06-02T13:35:14","slug":"lula-e-maduro-o-amor-e-lindo-ruy-castro-folha","status":"publish","type":"post","link":"https:\/\/www.jornalcontato.com.br\/home\/index.php\/lula-e-maduro-o-amor-e-lindo-ruy-castro-folha\/","title":{"rendered":"Lula e Maduro, o amor \u00e9 lindo (Ruy Castro, Folha)"},"content":{"rendered":"<p style=\"text-align: center;\"><strong><em>Narrativa \u00e9 uma hist\u00f3ria que cada um conta como quer e cuja veracidade depende de quem a escuta<\/em><\/strong><\/p>\n<p>Entre as v\u00e1rias besteiras que tem\u00a0<a href=\"https:\/\/www1.folha.uol.com.br\/colunas\/viniciustorres\/2023\/05\/com-ucrania-venezuela-e-ambiente-lula-pode-ter-trinca-de-vexame-internacional.shtml\">cometido<\/a>\u00a0em vez de dedicar-se a reconstruir o pa\u00eds, Lula embarafustou-se por uma mix\u00f3rdia verbal na segunda-feira (29) ao receber em pal\u00e1cio um convidado que entrou em surdina, quase que pelos fundos e sem limpar os p\u00e9s: ditador venezuelano Nicol\u00e1s Maduro. Lula chamou de &#8220;<a href=\"https:\/\/www1.folha.uol.com.br\/mundo\/2023\/05\/lula-reitera-discurso-sobre-narrativa-na-venezuela-e-diz-que-criticas-fazem-parte-da-democracia.shtml\">narrativa<\/a>&#8221; as acusa\u00e7\u00f5es que pesam sobre Maduro e sua maneira de tratar os opositores \u2014com pris\u00f5es, sequestros, desaparecimentos, afogamentos, tortura, estupros e execu\u00e7\u00f5es, tudo isso possibilitado por asfixia da imprensa, degola do Poder Legislativo, pesada corrup\u00e7\u00e3o de militares e elei\u00e7\u00f5es de araque.<\/p>\n<p>Esse \u00e9 o violento diagn\u00f3stico contra Maduro pela Anistia Internacional, a Human Rights Watch, a Organiza\u00e7\u00e3o das Na\u00e7\u00f5es Unidas e o Tribunal Penal Internacional de Haia, entidades a que apelamos contra Bolsonaro por incita\u00e7\u00e3o a golpe de Estado, charlatanismo na pandemia e genoc\u00eddio dos povos ind\u00edgenas. N\u00e3o por acaso, Bolsonaro tamb\u00e9m chamou a isso de &#8220;narrativa&#8221;.<\/p>\n<p>Narrativa, como se v\u00ea, \u00e9 uma hist\u00f3ria cuja veracidade depende de quem a conta \u2014ou de quem a escuta. Lula instou Maduro a &#8220;construir sua narrativa, para que possa efetivamente fazer as pessoas mudarem de opini\u00e3o&#8221;. Jurando por essa narrativa antes mesmo de ouvi-la, carimbou: &#8220;A sua narrativa vai ser infinitamente melhor do que a que eles t\u00eam contra voc\u00ea&#8221;. O amor \u00e9 lindo, n\u00e3o?<\/p>\n<p>E ent\u00e3o vem a mix\u00f3rdia verbal: &#8220;Est\u00e1 nas suas m\u00e3os construir a sua narrativa e virar esse jogo, para a Venezuela voltar a ser um pa\u00eds soberano, onde somente seu povo, por meio de vota\u00e7\u00e3o livre, diga quem vai governar o pa\u00eds&#8221;.<\/p>\n<p>Pois n\u00e3o \u00e9 exatamente o que o mundo espera da Venezuela? Que volte a ser um pa\u00eds soberano, onde somente o povo, atrav\u00e9s de elei\u00e7\u00f5es livres, sem as mentiras, as gambiarras econ\u00f4micas e o uso da m\u00e1quina do Estado praticados por Bolsonaro, digo Maduro, escolha quem ir\u00e1 govern\u00e1-lo.<\/p>\n<p>&nbsp;<\/p>\n","protected":false},"excerpt":{"rendered":"<p>Narrativa \u00e9 uma hist\u00f3ria que cada um conta como quer e cuja veracidade depende de quem a escuta Entre as v\u00e1rias besteiras que tem\u00a0cometido\u00a0em vez &#8230;<\/p>\n","protected":false},"author":1,"featured_media":20340,"comment_status":"open","ping_status":"open","sticky":false,"template":"","format":"standard","meta":{"footnotes":""},"categories":[1],"tags":[],"class_list":["post-20339","post","type-post","status-publish","format-standard","has-post-thumbnail","hentry","category-nacional"],"_links":{"self":[{"href":"https:\/\/www.jornalcontato.com.br\/home\/index.php\/wp-json\/wp\/v2\/posts\/20339","targetHints":{"allow":["GET"]}}],"collection":[{"href":"https:\/\/www.jornalcontato.com.br\/home\/index.php\/wp-json\/wp\/v2\/posts"}],"about":[{"href":"https:\/\/www.jornalcontato.com.br\/home\/index.php\/wp-json\/wp\/v2\/types\/post"}],"author":[{"embeddable":true,"href":"https:\/\/www.jornalcontato.com.br\/home\/index.php\/wp-json\/wp\/v2\/users\/1"}],"replies":[{"embeddable":true,"href":"https:\/\/www.jornalcontato.com.br\/home\/index.php\/wp-json\/wp\/v2\/comments?post=20339"}],"version-history":[{"count":1,"href":"https:\/\/www.jornalcontato.com.br\/home\/index.php\/wp-json\/wp\/v2\/posts\/20339\/revisions"}],"predecessor-version":[{"id":20341,"href":"https:\/\/www.jornalcontato.com.br\/home\/index.php\/wp-json\/wp\/v2\/posts\/20339\/revisions\/20341"}],"wp:featuredmedia":[{"embeddable":true,"href":"https:\/\/www.jornalcontato.com.br\/home\/index.php\/wp-json\/wp\/v2\/media\/20340"}],"wp:attachment":[{"href":"https:\/\/www.jornalcontato.com.br\/home\/index.php\/wp-json\/wp\/v2\/media?parent=20339"}],"wp:term":[{"taxonomy":"category","embeddable":true,"href":"https:\/\/www.jornalcontato.com.br\/home\/index.php\/wp-json\/wp\/v2\/categories?post=20339"},{"taxonomy":"post_tag","embeddable":true,"href":"https:\/\/www.jornalcontato.com.br\/home\/index.php\/wp-json\/wp\/v2\/tags?post=20339"}],"curies":[{"name":"wp","href":"https:\/\/api.w.org\/{rel}","templated":true}]}}