{"id":20299,"date":"2023-05-14T11:02:31","date_gmt":"2023-05-14T14:02:31","guid":{"rendered":"https:\/\/www.jornalcontato.com.br\/home\/?p=20299"},"modified":"2023-05-14T11:02:31","modified_gmt":"2023-05-14T14:02:31","slug":"jose-demetrio-a-desculpa-e-o-abraco-jc-sebe-bom-meihy","status":"publish","type":"post","link":"https:\/\/www.jornalcontato.com.br\/home\/index.php\/jose-demetrio-a-desculpa-e-o-abraco-jc-sebe-bom-meihy\/","title":{"rendered":"JOS\u00c9 DEM\u00c9TRIO: A DESCULPA E O ABRA\u00c7O (JC Sebe Bom Meihy)"},"content":{"rendered":"<p style=\"text-align: center;\"><em><strong>Vox populi vox dei, Renato Teixeira seria o modelo do Bandeirante e do Cai\u00e7ara<\/strong><\/em><\/p>\n<p>Escrevinhadores de colunas longevas sempre t\u00eam algo a contar \u2013 a presente s\u00e9rie caminha para os 19 anos, tendo inteirada cerca de 900 cr\u00f4nicas. Ent\u00e3o, c\u00e1 e l\u00e1, \u00e0s vezes do nada surge um coment\u00e1rio, uma observa\u00e7\u00e3o ou uma refer\u00eancia (elogiosa ou n\u00e3o). Pois bem, foi isto que aconteceu com a publica\u00e7\u00e3o em livro de um conjunto selecionado sobre minha vida na cidade que se me ofereceu como sua, Taubat\u00e9, SP. Havia mais motivos inscritos na aventura que celebrava meus 80 anos. Quis reunir familiares, amigos, ex-alunos e inventei uma festa. Por capricho n\u00e3o revelei que havia descoberto um problema de sa\u00fade e que havia uma cirurgia prevista. Festejei como quis e me esbaldei. Tudo e todos, de alguma maneira, estavam representados l\u00e1.<\/p>\n<p>Pois bem, o livro foi lan\u00e7ado com o t\u00edtulo \u201cOitenta vezes Taubat\u00e9, contendo um alinhavo de minha experi\u00eancia atravessada fatos marcantes, matrizes de mem\u00f3rias acarinhadas como fundamentais para explicar quem sou, de onde vim e aonde quero chegar. Juro que foi emocionante detalhar os preparativos: o livro, a festa, o lan\u00e7amento. Fiz um carnaval interno como quem pulava de alegria ainda que houvesse uma amea\u00e7a \u00e0 frente. E como foi comovente autografar cada exemplar. Nossa!&#8230;<\/p>\n<p><a href=\"https:\/\/jornalcontato.com.br\/home\/wp-content\/uploads\/2023\/05\/Jose-Demetrio-da-Silva.jpg\"><img loading=\"lazy\" decoding=\"async\" class=\"aligncenter size-large wp-image-20300\" src=\"https:\/\/jornalcontato.com.br\/home\/wp-content\/uploads\/2023\/05\/Jose-Demetrio-da-Silva-450x338.jpg\" alt=\"\" width=\"450\" height=\"338\" srcset=\"https:\/\/jornalcontato.com.br\/home\/wp-content\/uploads\/2023\/05\/Jose-Demetrio-da-Silva-450x338.jpg 450w, https:\/\/jornalcontato.com.br\/home\/wp-content\/uploads\/2023\/05\/Jose-Demetrio-da-Silva-300x225.jpg 300w, https:\/\/jornalcontato.com.br\/home\/wp-content\/uploads\/2023\/05\/Jose-Demetrio-da-Silva-768x576.jpg 768w, https:\/\/jornalcontato.com.br\/home\/wp-content\/uploads\/2023\/05\/Jose-Demetrio-da-Silva.jpg 1024w\" sizes=\"auto, (max-width: 450px) 100vw, 450px\" \/><\/a><\/p>\n<p style=\"text-align: center;\"><em><strong>Jos\u00e9 Dem\u00e9trio da Silva, nosso eterno Z\u00e9 Dem\u00e9trio<\/strong><\/em><\/p>\n<p>Como seria de se esperar, produto atrevido, o livro seguiu caminho, promoveu leitores, e cavou sua recep\u00e7\u00e3o independente de meus desejos. E foi assim que chegou \u00e0s m\u00e3os de um leitor cr\u00edtico que, educadamente inconformado com alguns ponteiros ou fatos retra\u00e7ados por mim tempos atr\u00e1s, armou uma amorosa cilada. Trata-se de pessoa que muito prezo e que em desdobramento de seu abra\u00e7o amigo, convidou-me para uma conversa sobre Lobato, um de nossos elos. Fui.<\/p>\n<p>Passada a fase de trocas intelectuais, de maneira matreira, fui levado a outro\u00a0espa\u00e7o onde na parede, entre tantas, reinava uma tela inquietante. Tratava-se de um\u00a0desconcertante palha\u00e7o. Desconcertante porque com os olhos esbugalhados o personagem-tema carregavam uma crian\u00e7a morta. Minha primeira leitura levou \u00e0 Piet\u00e1 de Michelangelo, numa se vers\u00e3o pintada e modernista. Gelei.<\/p>\n<p>Sou de uma gera\u00e7\u00e3o que se acostumou a ver reprodu\u00e7\u00f5es variadas de \u201cpalha\u00e7os tristes\u201d, chorosos e desapontados, mas sempre solit\u00e1rios. Sem d\u00favida a profus\u00e3o desses quadros convidava a considera\u00e7\u00e3o vulgar do tema e at\u00e9 ao desprezo. Aquele, por\u00e9m, desviava a rota, propondo considera\u00e7\u00f5es diferenciadas. O autor, revelava o dono, era o conhecido escultor e poeta, Jos\u00e9 Dem\u00e9trio da Silva. Gelei mais ao ouvir a hist\u00f3ria do quadro. Osni Louren\u00e7a Cruz, o respeitado lobat\u00f3logo, havia pedido a Dem\u00e9trio um quadro no qual a hist\u00f3ria a ser dramatizada remetia a um profissional circense que, cumprida a fun\u00e7\u00e3o, depois de divertir o distinto p\u00fablico, se recolheu para velar o filho morto horas antes. Afora o car\u00e1ter melodram\u00e1tico, restava aquilatar a solu\u00e7\u00e3o modernista das figuras. E a cada respiro meu, mais a obra me impactava.<\/p>\n<p><a href=\"https:\/\/jornalcontato.com.br\/home\/wp-content\/uploads\/2023\/05\/Ze-Demetrio-jovem.jpg\"><img loading=\"lazy\" decoding=\"async\" class=\"aligncenter size-large wp-image-20301\" src=\"https:\/\/jornalcontato.com.br\/home\/wp-content\/uploads\/2023\/05\/Ze-Demetrio-jovem-286x450.jpg\" alt=\"\" width=\"286\" height=\"450\" srcset=\"https:\/\/jornalcontato.com.br\/home\/wp-content\/uploads\/2023\/05\/Ze-Demetrio-jovem-286x450.jpg 286w, https:\/\/jornalcontato.com.br\/home\/wp-content\/uploads\/2023\/05\/Ze-Demetrio-jovem-191x300.jpg 191w, https:\/\/jornalcontato.com.br\/home\/wp-content\/uploads\/2023\/05\/Ze-Demetrio-jovem.jpg 611w\" sizes=\"auto, (max-width: 286px) 100vw, 286px\" \/><\/a><\/p>\n<p style=\"text-align: center;\"><em><strong>Z\u00e9 Dem\u00e9trio, apaixonado pela escultura desde jovem<\/strong><\/em><\/p>\n<p>N\u00e3o bastasse o enredo dentro do enredo \u2013 a hist\u00f3ria da visita e a trama da tela \u2013 outro componente fermentava a situa\u00e7\u00e3o: Dem\u00e9trio n\u00e3o foi exatamente pintor. Escultor de m\u00e3o cheia, famoso por algumas obras como o mural da CAEMI em Botafogo no Rio de Janeiro, a figura de porte m\u00e9dio e cara agreste, era dono de temperamento forte e conhecido por defender seus pontos de vista. Eu amigo prezado dele havia criticado duramente uma escultura intitulada \u201cO bandeirante\u201d plantada a pedido do Rotary Club local, em 1970, no entroncamento das duas rodovias mais importantes da cidade. Meu lado historiador n\u00e3o suportou a agress\u00e3o: como assim, um mesti\u00e7o saudar a figura violenta de colonizadores que prendiam, escravizavam e matavam ind\u00edgenas?! Como suportar isto?! Verti minha m\u00e1goa em artigo que feriu o artista. Zangas m\u00fatuas. Por um tempo deixamos de nos falar e nos evitamos.<\/p>\n<p>Inconformado ele, inconformado eu, tivemos tudo sanado quando a media\u00e7\u00e3o de Anderson Fabiano nos juntou. Doente meu pai, Fabiano prop\u00f4s que Dem\u00e9trio fizesse um entalhe com o rosto de papai. E nos abra\u00e7amos.<\/p>\n<p>Confesso que a hist\u00f3ria teria morrido a\u00ed, n\u00e3o fosse o desafio lan\u00e7ado por Osni \u201cprofessor acho que tem uma d\u00edvida e deve pedir desculpas\u201d. N\u00e3o sou do tipo dur\u00e3o e me conforto sabendo reconhecer meus erros. Levei a s\u00e9rio aquela trama toda e amadureci uma solu\u00e7\u00e3o que se expressa na publicita\u00e7\u00e3o deste relato. E troco a desculpa por um abra\u00e7o forte, reconhecido e digno de nossas trajet\u00f3rias, minha e dele Jos\u00e9 Dem\u00e9trio.<\/p>\n","protected":false},"excerpt":{"rendered":"<p>Vox populi vox dei, Renato Teixeira seria o modelo do Bandeirante e do Cai\u00e7ara Escrevinhadores de colunas longevas sempre t\u00eam algo a contar \u2013 a &#8230;<\/p>\n","protected":false},"author":1,"featured_media":20302,"comment_status":"open","ping_status":"open","sticky":false,"template":"","format":"standard","meta":{"footnotes":""},"categories":[1],"tags":[],"class_list":["post-20299","post","type-post","status-publish","format-standard","has-post-thumbnail","hentry","category-nacional"],"_links":{"self":[{"href":"https:\/\/www.jornalcontato.com.br\/home\/index.php\/wp-json\/wp\/v2\/posts\/20299","targetHints":{"allow":["GET"]}}],"collection":[{"href":"https:\/\/www.jornalcontato.com.br\/home\/index.php\/wp-json\/wp\/v2\/posts"}],"about":[{"href":"https:\/\/www.jornalcontato.com.br\/home\/index.php\/wp-json\/wp\/v2\/types\/post"}],"author":[{"embeddable":true,"href":"https:\/\/www.jornalcontato.com.br\/home\/index.php\/wp-json\/wp\/v2\/users\/1"}],"replies":[{"embeddable":true,"href":"https:\/\/www.jornalcontato.com.br\/home\/index.php\/wp-json\/wp\/v2\/comments?post=20299"}],"version-history":[{"count":1,"href":"https:\/\/www.jornalcontato.com.br\/home\/index.php\/wp-json\/wp\/v2\/posts\/20299\/revisions"}],"predecessor-version":[{"id":20303,"href":"https:\/\/www.jornalcontato.com.br\/home\/index.php\/wp-json\/wp\/v2\/posts\/20299\/revisions\/20303"}],"wp:featuredmedia":[{"embeddable":true,"href":"https:\/\/www.jornalcontato.com.br\/home\/index.php\/wp-json\/wp\/v2\/media\/20302"}],"wp:attachment":[{"href":"https:\/\/www.jornalcontato.com.br\/home\/index.php\/wp-json\/wp\/v2\/media?parent=20299"}],"wp:term":[{"taxonomy":"category","embeddable":true,"href":"https:\/\/www.jornalcontato.com.br\/home\/index.php\/wp-json\/wp\/v2\/categories?post=20299"},{"taxonomy":"post_tag","embeddable":true,"href":"https:\/\/www.jornalcontato.com.br\/home\/index.php\/wp-json\/wp\/v2\/tags?post=20299"}],"curies":[{"name":"wp","href":"https:\/\/api.w.org\/{rel}","templated":true}]}}