{"id":20194,"date":"2023-03-09T13:31:13","date_gmt":"2023-03-09T16:31:13","guid":{"rendered":"https:\/\/www.jornalcontato.com.br\/home\/?p=20194"},"modified":"2023-03-09T13:31:13","modified_gmt":"2023-03-09T16:31:13","slug":"ensaio-sobre-a-cegueira-lula-ortega-e-a-nicaragua-bernardo-mello-franco-oglobo","status":"publish","type":"post","link":"https:\/\/www.jornalcontato.com.br\/home\/index.php\/ensaio-sobre-a-cegueira-lula-ortega-e-a-nicaragua-bernardo-mello-franco-oglobo\/","title":{"rendered":"Ensaio sobre a cegueira: Lula, Ortega e a Nicar\u00e1gua (Bernardo Mello Franco, OGlobo)"},"content":{"rendered":"<p style=\"text-align: center;\"><strong>Lula e o PT apoiam o regime da Nicar\u00e1gua, chamado de ditadura familiar por grande parte da esquerda<\/strong><\/p>\n<p style=\"text-align: center;\"><strong><em>Por quest\u00e3o de coer\u00eancia, governo brasileiro n\u00e3o pode fechar os olhos para ataques \u00e0 democracia<\/em><\/strong><\/p>\n<p>Em abril de 2003, Cuba apertou a repress\u00e3o aos dissidentes e fuzilou tr\u00eas homens que haviam sequestrado uma lancha, em tentativa frustrada de fugir para os Estados Unidos. Comunista hist\u00f3rico, o escritor Jos\u00e9 Saramago foi a p\u00fablico protestar contra as execu\u00e7\u00f5es.<\/p>\n<p>\u201cAt\u00e9 aqui cheguei\u201d, escreveu, em carta que selou seu rompimento com o regime castrista. \u201cDe agora em diante, Cuba seguir\u00e1 seu caminho, e eu fico onde estou\u201d, afirmou o autor de \u201cEnsaio sobre a cegueira\u201d.<\/p>\n<p>O an\u00fancio de Saramago surpreendeu a esquerda latino-americana, que evitava fazer cr\u00edticas a Fidel Castro. Vinte anos depois, o constrangimento se repete com a Nicar\u00e1gua de Daniel Ortega.<\/p>\n<p>O ex-guerrilheiro est\u00e1 cada vez mais parecido com o ditador que ajudou a derrubar em 1979. Reprime a oposi\u00e7\u00e3o e censura a imprensa para se perpetuar no poder. Mesmo assim, \u00e9 tratado com vista grossa por antigos aliados.<\/p>\n<p>Na semana passada, uma comiss\u00e3o de peritos da ONU acusou o regime de Ortega de cometer crimes contra a humanidade. O grupo apontou a pr\u00e1tica \u201csistem\u00e1tica e generalizada\u201d de viola\u00e7\u00f5es aos direitos humanos na Nicar\u00e1gua. Citou execu\u00e7\u00f5es extrajudiciais, torturas e deten\u00e7\u00f5es arbitr\u00e1rias.<\/p>\n<p><a href=\"https:\/\/jornalcontato.com.br\/home\/wp-content\/uploads\/2023\/03\/Dniel-Ortega-e-Rosario-Murillo.jpg\"><img loading=\"lazy\" decoding=\"async\" class=\"aligncenter size-large wp-image-20195\" src=\"https:\/\/jornalcontato.com.br\/home\/wp-content\/uploads\/2023\/03\/Dniel-Ortega-e-Rosario-Murillo-450x311.jpg\" alt=\"\" width=\"450\" height=\"311\" srcset=\"https:\/\/jornalcontato.com.br\/home\/wp-content\/uploads\/2023\/03\/Dniel-Ortega-e-Rosario-Murillo-450x311.jpg 450w, https:\/\/jornalcontato.com.br\/home\/wp-content\/uploads\/2023\/03\/Dniel-Ortega-e-Rosario-Murillo-300x207.jpg 300w, https:\/\/jornalcontato.com.br\/home\/wp-content\/uploads\/2023\/03\/Dniel-Ortega-e-Rosario-Murillo.jpg 744w\" sizes=\"auto, (max-width: 450px) 100vw, 450px\" \/><\/a><\/p>\n<p style=\"text-align: center;\"><em><strong>Daniel Ortega e sua mulher Rosario Murillo, vice presidente<\/strong><\/em><\/p>\n<p>Em declara\u00e7\u00e3o conjunta, 54 pa\u00edses condenaram a escalada autorit\u00e1ria e cobraram a liberta\u00e7\u00e3o imediata dos presos pol\u00edticos. Governados pela esquerda, Chile e Col\u00f4mbia assinaram o documento. O Brasil preferiu lavar as m\u00e3os.<\/p>\n<p>Ontem o Itamaraty come\u00e7ou a ensaiar uma corre\u00e7\u00e3o de rumo. Manifestou \u201cpreocupa\u00e7\u00e3o extrema\u201d com a situa\u00e7\u00e3o na Nicar\u00e1gua e ofereceu acolhida a mais de 300 cidad\u00e3os que tiveram a nacionalidade cassada por se opor ao regime.<\/p>\n<p><a href=\"https:\/\/jornalcontato.com.br\/home\/wp-content\/uploads\/2023\/03\/Fidel-e-D-Ortega-11-janeiro-de-1985.jpg\"><img loading=\"lazy\" decoding=\"async\" class=\"aligncenter size-large wp-image-20196\" src=\"https:\/\/jornalcontato.com.br\/home\/wp-content\/uploads\/2023\/03\/Fidel-e-D-Ortega-11-janeiro-de-1985-450x253.jpg\" alt=\"\" width=\"450\" height=\"253\" srcset=\"https:\/\/jornalcontato.com.br\/home\/wp-content\/uploads\/2023\/03\/Fidel-e-D-Ortega-11-janeiro-de-1985-450x253.jpg 450w, https:\/\/jornalcontato.com.br\/home\/wp-content\/uploads\/2023\/03\/Fidel-e-D-Ortega-11-janeiro-de-1985-300x169.jpg 300w, https:\/\/jornalcontato.com.br\/home\/wp-content\/uploads\/2023\/03\/Fidel-e-D-Ortega-11-janeiro-de-1985.jpg 604w\" sizes=\"auto, (max-width: 450px) 100vw, 450px\" \/><\/a><\/p>\n<p style=\"text-align: center;\"><em><strong>Bons tempos: Fidel e Ortega em 11 de janeiro de 1985<\/strong><\/em><\/p>\n<p>Lula mant\u00e9m la\u00e7os com Ortega desde 1980, quando desembarcou em Man\u00e1gua para festejar o primeiro anivers\u00e1rio da Revolu\u00e7\u00e3o Sandinista. Agora ele e o PT resistem a admitir que o velho companheiro se tornou um ditador.<\/p>\n<p>O presidente se elegeu com a promessa de combater o autoritarismo. No oitavo dia de governo, sobreviveu a uma tentativa de golpe. Por quest\u00e3o de coer\u00eancia, n\u00e3o pode fechar os olhos para quem ataca a democracia. Nem aqui nem na Nicar\u00e1gua.<\/p>\n","protected":false},"excerpt":{"rendered":"<p>Lula e o PT apoiam o regime da Nicar\u00e1gua, chamado de ditadura familiar por grande parte da esquerda Por quest\u00e3o de coer\u00eancia, governo brasileiro n\u00e3o &#8230;<\/p>\n","protected":false},"author":1,"featured_media":20197,"comment_status":"open","ping_status":"open","sticky":false,"template":"","format":"standard","meta":{"footnotes":""},"categories":[1],"tags":[],"class_list":["post-20194","post","type-post","status-publish","format-standard","has-post-thumbnail","hentry","category-nacional"],"_links":{"self":[{"href":"https:\/\/www.jornalcontato.com.br\/home\/index.php\/wp-json\/wp\/v2\/posts\/20194","targetHints":{"allow":["GET"]}}],"collection":[{"href":"https:\/\/www.jornalcontato.com.br\/home\/index.php\/wp-json\/wp\/v2\/posts"}],"about":[{"href":"https:\/\/www.jornalcontato.com.br\/home\/index.php\/wp-json\/wp\/v2\/types\/post"}],"author":[{"embeddable":true,"href":"https:\/\/www.jornalcontato.com.br\/home\/index.php\/wp-json\/wp\/v2\/users\/1"}],"replies":[{"embeddable":true,"href":"https:\/\/www.jornalcontato.com.br\/home\/index.php\/wp-json\/wp\/v2\/comments?post=20194"}],"version-history":[{"count":1,"href":"https:\/\/www.jornalcontato.com.br\/home\/index.php\/wp-json\/wp\/v2\/posts\/20194\/revisions"}],"predecessor-version":[{"id":20198,"href":"https:\/\/www.jornalcontato.com.br\/home\/index.php\/wp-json\/wp\/v2\/posts\/20194\/revisions\/20198"}],"wp:featuredmedia":[{"embeddable":true,"href":"https:\/\/www.jornalcontato.com.br\/home\/index.php\/wp-json\/wp\/v2\/media\/20197"}],"wp:attachment":[{"href":"https:\/\/www.jornalcontato.com.br\/home\/index.php\/wp-json\/wp\/v2\/media?parent=20194"}],"wp:term":[{"taxonomy":"category","embeddable":true,"href":"https:\/\/www.jornalcontato.com.br\/home\/index.php\/wp-json\/wp\/v2\/categories?post=20194"},{"taxonomy":"post_tag","embeddable":true,"href":"https:\/\/www.jornalcontato.com.br\/home\/index.php\/wp-json\/wp\/v2\/tags?post=20194"}],"curies":[{"name":"wp","href":"https:\/\/api.w.org\/{rel}","templated":true}]}}