{"id":20061,"date":"2022-11-27T08:29:37","date_gmt":"2022-11-27T11:29:37","guid":{"rendered":"http:\/\/www.jornalcontato.com.br\/home\/?p=20061"},"modified":"2022-11-27T08:37:45","modified_gmt":"2022-11-27T11:37:45","slug":"futebol-samba-e-capoeira-jc-sebe-bom-meihy","status":"publish","type":"post","link":"https:\/\/www.jornalcontato.com.br\/home\/index.php\/futebol-samba-e-capoeira-jc-sebe-bom-meihy\/","title":{"rendered":"FUTEBOL, SAMBA E CAPOEIRA (JC SEBE BOM MEIHY)"},"content":{"rendered":"<p style=\"text-align: center;\"><em><strong>O desconcertante gol de Richarlison contra a S\u00e9rvia j\u00e1 virou obre de arte pelo aquarelista cearense Francisco Morrerira<\/strong><\/em><\/p>\n<p>Pois \u00e9, juntamente com a caipirinha e a feijoada, o futebol, o samba e a capoeira se formulam como express\u00f5es da cultura brasileira. Os dois primeiros se ligam ao paladar e os tr\u00eas \u00faltimos aos movimentos das pernas, a partir dos p\u00e9s. \u00c9 claro que nesses casos, os bra\u00e7os, a cabe\u00e7a e detalhes dos corpos como ombros e m\u00e3os completam coreografias apropriadas.<\/p>\n<p>O uso das pernas \u00e9 marca nacional. Todos conhecem por exemplo o cl\u00e1ssico de Dorival Caymmi dizendo que \u201dquem n\u00e3o gosta de samba, bom sujeito n\u00e3o \u00e9, \u00e9 ruim da cabe\u00e7a ou doente do p\u00e9\u201d. E nem \u00e9 s\u00f3 no samba que se exalta a perna. Contar que algu\u00e9m \u00e9 \u201dp\u00e9 de valsa\u201d ou sabe \u201darrastar o p\u00e9\u201d, equivale a elogio em qualquer ritmo. De verdade, por\u00e9m, em termos musicais os\u00a0 \u201crequebros\u201d ganham gra\u00e7a a ponto de Chico Buarque, no \u201dMorena de Angola\u201d, duvidar se \u00e9 o guiso que mexe com a musa,\u00a0 ou ela que d\u00e1 vida ao chocalho. \u00c9 ent\u00e3o o\u201d samba no p\u00e9\u201d que garante prestigio aos passistas \u2013 e que palavra eloquente essa \u201dpassista&#8221;.<\/p>\n<p><img loading=\"lazy\" decoding=\"async\" class=\"alignnone size-medium wp-image-20063 aligncenter\" src=\"http:\/\/jornalcontato.com.br\/home\/wp-content\/uploads\/2022\/11\/Capoeira-regional-300x225.jpg\" alt=\"\" width=\"300\" height=\"225\" srcset=\"https:\/\/jornalcontato.com.br\/home\/wp-content\/uploads\/2022\/11\/Capoeira-regional-300x225.jpg 300w, https:\/\/jornalcontato.com.br\/home\/wp-content\/uploads\/2022\/11\/Capoeira-regional-450x338.jpg 450w, https:\/\/jornalcontato.com.br\/home\/wp-content\/uploads\/2022\/11\/Capoeira-regional.jpg 480w\" sizes=\"auto, (max-width: 300px) 100vw, 300px\" \/><\/p>\n<p style=\"text-align: center;\"><em><strong>Capoeira Regional \u00e9 mais acrob\u00e1tica<\/strong><\/em><\/p>\n<p>H\u00e1 tr\u00eas matrizes principais de capoeira: \u201dAngola\u201d, \u201dRegional\u201d e \u201dContempor\u00e2nea\u201d. A primeira, remete a movimentos que imitam os animais e por isto \u00e9 mais dif\u00edcil e lenta. A \u201dRegional\u201d, criada por Mestre Bimba, \u00e9 muito mais acrob\u00e1tica, demanda uso r\u00e1pido das pernas tornando as \u201dgingas\u201d t\u00e3o essenciais que d\u00e3o nome aos movimentos. A \u201cContempor\u00e2nea\u201d, combina\u00e7\u00e3o de ambas, \u00e9 mais livre, mais pr\u00f3xima do espet\u00e1culo p\u00fablico ou das academias de gin\u00e1stica.<\/p>\n<p>De verdade, por\u00e9m, \u00e9 no futebol que as pernas regem. O uso das m\u00e3os \u2013 apenas permitidas aos goleiros \u2013 \u00e9 pass\u00edvel de falta e o \u201cjogo a\u00e9reo\u201d n\u00e3o tem valor al\u00e9m de estrat\u00e9gias espor\u00e1dicas. O que vale mesmo \u00e9 a \u201dbola no p\u00e9, o \u201cdrible\u201d que leva o torcedor ao del\u00edrio. Ainda que recentemente o chamado \u201cfutebol de resultado\u201d tenha sido supervalorizado, o anterior conceito de \u201cfutebol arte\u201d nos caracteriza, e isso interessa como met\u00e1fora do que somos. Muitos especialistas t\u00eam proposto que o futebol da atualidade deve buscar a verticalidade, ou seja, ir pra frente, atingir o endere\u00e7o do gol, isso enquanto o \u201carte\u201d busca avan\u00e7os mais manhosos que, sem perder o gol, faz quest\u00e3o de \u201cenganar\u201d o advers\u00e1rio com passes desconcertantes \u2013 certamente, o maior representante dessa modalidade foi Man\u00e9 Garrincha e naquele tempo o termo \u201cartilheiro\u201d era menos valorizado. O incr\u00edvel Pel\u00e9 marca a transi\u00e7\u00e3o para o \u201cfutebol resultado\u201d que tem na figura de Ronaldo Fen\u00f4meno um bom exemplo combinado.<\/p>\n<p><img loading=\"lazy\" decoding=\"async\" class=\"alignnone size-medium wp-image-20064 aligncenter\" src=\"http:\/\/jornalcontato.com.br\/home\/wp-content\/uploads\/2022\/11\/Garrincha-300x229.webp\" alt=\"\" width=\"300\" height=\"229\" srcset=\"https:\/\/jornalcontato.com.br\/home\/wp-content\/uploads\/2022\/11\/Garrincha-300x229.webp 300w, https:\/\/jornalcontato.com.br\/home\/wp-content\/uploads\/2022\/11\/Garrincha-450x343.webp 450w, https:\/\/jornalcontato.com.br\/home\/wp-content\/uploads\/2022\/11\/Garrincha.webp 648w\" sizes=\"auto, (max-width: 300px) 100vw, 300px\" \/><\/p>\n<p style=\"text-align: center;\"><em><strong>Garrincha encantou o mundo<\/strong><\/em><\/p>\n<p>Considerando esses pressupostos, vivemos no presente alguns dilemas, pois somos a \u00fanica Sele\u00e7\u00e3o do mundo a buscar o hexacampeonato. Ainda que tenhamos padecido o humilhante 7X1 contra a Alemanha na semifinal de 2014, detemos o reconhecimento mundial pelo melhor futebol do planeta. Como responsabilidade, em termos culturais, se nos apresenta um dilema que permite questionar o papel do Brasil no mundo globalizado. Valendo-me da linha divis\u00f3ria entre o \u201cfutebol arte\u201d e o \u201cde resultados\u201d, me pergunto se cumpriremos nossa voca\u00e7\u00e3o, <em>\u00e0 la<\/em> Garrincha ou seguiremos as regras desafiantes de chegar l\u00e1 a qualquer custo, principalmente a desobedi\u00eancia aos padr\u00f5es ex\u00f3ticos \u00e0 nossa tradi\u00e7\u00e3o. Afinal, ganhar \u00e9 o que interessa? Importa com que estilo? Ningu\u00e9m se esquece do trauma de 1950 e nem do \u201cazar\u201d de 1982 quando, mesmo tendo excelente Sele\u00e7\u00e3o, voltamos logo para a casa. De que adiantaria a \u201darte\u201d, perguntava-se\u2026<\/p>\n<p><img loading=\"lazy\" decoding=\"async\" class=\"alignnone size-medium wp-image-20065 aligncenter\" src=\"http:\/\/jornalcontato.com.br\/home\/wp-content\/uploads\/2022\/11\/Pele-300x201.jpg\" alt=\"\" width=\"300\" height=\"201\" srcset=\"https:\/\/jornalcontato.com.br\/home\/wp-content\/uploads\/2022\/11\/Pele-300x201.jpg 300w, https:\/\/jornalcontato.com.br\/home\/wp-content\/uploads\/2022\/11\/Pele-450x302.jpg 450w, https:\/\/jornalcontato.com.br\/home\/wp-content\/uploads\/2022\/11\/Pele.jpg 480w\" sizes=\"auto, (max-width: 300px) 100vw, 300px\" \/><\/p>\n<p style=\"text-align: center;\"><em><strong>Pel\u00e9 seria a transi\u00e7\u00e3o para o futebol de resultado?<\/strong><\/em><\/p>\n<p>De certa forma, essas observa\u00e7\u00f5es podem ser consideradas tolas. A globaliza\u00e7\u00e3o implica competi\u00e7\u00e3o nos moldes do capitalismo avan\u00e7ado, com disputas que apenas valorizam as vit\u00f3rias. \u00c9 exatamente neste ponto que volto ao tema do uso das pernas no esporte bret\u00e3o. Tomara que sejamos capazes de juntar as duas solu\u00e7\u00f5es, \u201carte\u201d e \u201cresultado\u201d, e, sem perder o nosso jeito, trazer a ta\u00e7a para a casa, driblando os 2o anos sem brilho.<\/p>\n<p>Novos tempos: seria um bom recome\u00e7o n\u00e3o \u201cmeter os p\u00e9s pelas m\u00e3os\u201d, nem na pol\u00edtica e nem no futebol. Tor\u00e7o pela vit\u00f3ria do Brasil, vibro com a possibilidade de mostrar que entramos em nova era de di\u00e1logo entre o tradicional e o novo, entre a \u201carte\u201d e o \u201cresultado\u201d. E temos motivos em todos os campos para pensar em recuperar o prest\u00edgio perdido. Que a almejada vit\u00f3ria neste 2022 seja nosso gol para o que h\u00e1 de vir. Tor\u00e7amos juntos\u2026<\/p>\n<p>*****<\/p>\n<p><em><strong>NR: Escrito antes da vit\u00f3ria sobre a S\u00e9rvia e o gol antol\u00f3gico de Richarlison<\/strong><\/em><\/p>\n","protected":false},"excerpt":{"rendered":"<p>O desconcertante gol de Richarlison contra a S\u00e9rvia j\u00e1 virou obre de arte pelo aquarelista cearense Francisco Morrerira Pois \u00e9, juntamente com a caipirinha e &#8230;<\/p>\n","protected":false},"author":1,"featured_media":20066,"comment_status":"open","ping_status":"open","sticky":false,"template":"","format":"standard","meta":{"footnotes":""},"categories":[1],"tags":[],"class_list":["post-20061","post","type-post","status-publish","format-standard","has-post-thumbnail","hentry","category-nacional"],"_links":{"self":[{"href":"https:\/\/www.jornalcontato.com.br\/home\/index.php\/wp-json\/wp\/v2\/posts\/20061","targetHints":{"allow":["GET"]}}],"collection":[{"href":"https:\/\/www.jornalcontato.com.br\/home\/index.php\/wp-json\/wp\/v2\/posts"}],"about":[{"href":"https:\/\/www.jornalcontato.com.br\/home\/index.php\/wp-json\/wp\/v2\/types\/post"}],"author":[{"embeddable":true,"href":"https:\/\/www.jornalcontato.com.br\/home\/index.php\/wp-json\/wp\/v2\/users\/1"}],"replies":[{"embeddable":true,"href":"https:\/\/www.jornalcontato.com.br\/home\/index.php\/wp-json\/wp\/v2\/comments?post=20061"}],"version-history":[{"count":2,"href":"https:\/\/www.jornalcontato.com.br\/home\/index.php\/wp-json\/wp\/v2\/posts\/20061\/revisions"}],"predecessor-version":[{"id":20068,"href":"https:\/\/www.jornalcontato.com.br\/home\/index.php\/wp-json\/wp\/v2\/posts\/20061\/revisions\/20068"}],"wp:featuredmedia":[{"embeddable":true,"href":"https:\/\/www.jornalcontato.com.br\/home\/index.php\/wp-json\/wp\/v2\/media\/20066"}],"wp:attachment":[{"href":"https:\/\/www.jornalcontato.com.br\/home\/index.php\/wp-json\/wp\/v2\/media?parent=20061"}],"wp:term":[{"taxonomy":"category","embeddable":true,"href":"https:\/\/www.jornalcontato.com.br\/home\/index.php\/wp-json\/wp\/v2\/categories?post=20061"},{"taxonomy":"post_tag","embeddable":true,"href":"https:\/\/www.jornalcontato.com.br\/home\/index.php\/wp-json\/wp\/v2\/tags?post=20061"}],"curies":[{"name":"wp","href":"https:\/\/api.w.org\/{rel}","templated":true}]}}