{"id":20054,"date":"2022-11-19T09:09:25","date_gmt":"2022-11-19T12:09:25","guid":{"rendered":"http:\/\/www.jornalcontato.com.br\/home\/?p=20054"},"modified":"2022-11-19T09:09:25","modified_gmt":"2022-11-19T12:09:25","slug":"impressao-a-milanesa-jc-sebe-bom-meihy","status":"publish","type":"post","link":"https:\/\/www.jornalcontato.com.br\/home\/index.php\/impressao-a-milanesa-jc-sebe-bom-meihy\/","title":{"rendered":"IMPRESS\u00c3O \u00c0 MILANESA (JC Sebe Bom Meihy)"},"content":{"rendered":"<p style=\"text-align: center;\"><em><strong>Mestre Sebe registrando sua passagem pela inigual\u00e1vel catedral g\u00f3tica Duomo di MIlano<\/strong><\/em><\/p>\n<p>De vez em quando me pergunto em que outras cidades eu moraria. Antes devo dizer que sou vol\u00favel, suscet\u00edvel a qualquer lugar. Juro. Lembro-me certa feita de ir a vilarejo muito pequeno, inclusive escondido em paisagens sertanejas e, maravilhado, declarar paix\u00e3o imorredoura. \u00c9 assim mesmo, basta chegar, esticar o olho para o centro, saber do mercado ou do cemit\u00e9rio e pronto: desponta minha natividade. Acontece o mesmo com grandes centros e, creio, em apenas uma n\u00e3o me deixaria por muito tempo: Los Angeles. Adoro a Calif\u00f3rnia, mas sei l\u00e1 por que Los Angeles n\u00e3o faz meu tipo. San Francisco, pelo contr\u00e1rio, me empolga e at\u00e9 concorre nesse tolo plantel com Nova York.<\/p>\n<p>Mundo afora h\u00e1 outras cidades que me seduzem: Barcelona, Porto, Paris &#8211; Londres tamb\u00e9m, mas menos. Berlin me assusta um pouco, mas gosto. As capitais escandinavas s\u00e3o lindas, mas n\u00e3o suportaria o clima. Devo falar tamb\u00e9m de Maputo e Luanda ambas na \u00c1frica, sinto-me muito bem l\u00e1. Beirute me fascina, bem como o Cairo e Marraquexe. Tenho um pendor incontido por Bogot\u00e1 e a Nova Medellin preenche perfeitamente minhas expectativas; gosto de Buenos Aires, menos que da Cidade do M\u00e9xico. Mas se dessas houvesse que escolher uma s\u00f3, sem d\u00favida seria Mil\u00e3o, capital da Lombardia na It\u00e1lia.<\/p>\n<p><img loading=\"lazy\" decoding=\"async\" class=\"alignnone size-medium wp-image-20055 aligncenter\" src=\"http:\/\/jornalcontato.com.br\/home\/wp-content\/uploads\/2022\/11\/Milao-300x171.jpg\" alt=\"\" width=\"300\" height=\"171\" srcset=\"https:\/\/jornalcontato.com.br\/home\/wp-content\/uploads\/2022\/11\/Milao-300x171.jpg 300w, https:\/\/jornalcontato.com.br\/home\/wp-content\/uploads\/2022\/11\/Milao-450x257.jpg 450w, https:\/\/jornalcontato.com.br\/home\/wp-content\/uploads\/2022\/11\/Milao.jpg 700w\" sizes=\"auto, (max-width: 300px) 100vw, 300px\" \/><\/p>\n<p style=\"text-align: center;\"><em><strong>Mil\u00e3o, um charme que abriga mais de 1,5 milh\u00e3o de habitantes<\/strong><\/em><\/p>\n<p>E por que Mil\u00e3o? Por tudo! O agito arrogante daquela movida airosa com seus mais de um milh\u00e3o e meio de habitantes \u00e9 imbat\u00edvel. Tudo l\u00e1, segundo os milaneses ultra ufanistas, \u00e9 especial, a come\u00e7ar pelo fil\u00e9. Nem vou entrar na hist\u00f3ria desse prato e da disputa com os austr\u00edacos que se acham leg\u00edtimos donos da receita levada para l\u00e1 no s\u00e9culo XIX, ali\u00e1s, recomendo com \u00e1gua na boca uma visita a \u201cAntica Trattoria Salutati\u201d, seguramente o melhor restaurante que fui em minha vida. Mas nem s\u00f3 de comida pode-se falar de Mil\u00e3o, temos tamb\u00e9m o futebol.<\/p>\n<p>Como em muitos pa\u00edses (inclusive no Brasil) o Milan come\u00e7ou por influ\u00eancia dos ingleses e no caso era um clube de cricket, isso em 1899. Com o tempo foi feita a op\u00e7\u00e3o pelo futebol e o clube da cidade passou a ser conhecido como \u201cAssociazione Calcio Milan\u201d que \u00e9, afinal, uma das mais aclamadas equipes do mundo, sendo a que mais t\u00edtulos internacionais conquistou.<\/p>\n<p>N\u00e3o se pode falar em moda, em particular da alta costura, sem mencionar Mil\u00e3o. As grandes marcas mundiais, os nomes mais expressivos, nasceram e t\u00eam Casas na cidade. Foi assim com Armani, Versace, Dolce &amp; Gabbana e principalmente Prada. Uma volta no famoso Quadril\u00e1tero da Moda \u00e9 visita obrigat\u00f3ria n\u00e3o apenas para os aficionados, mas para todos. E que dizer dos caf\u00e9s e docerias daquele entorno?<\/p>\n<p><img loading=\"lazy\" decoding=\"async\" class=\"alignnone size-medium wp-image-20056 aligncenter\" src=\"http:\/\/jornalcontato.com.br\/home\/wp-content\/uploads\/2022\/11\/Fashion-300x199.webp\" alt=\"\" width=\"300\" height=\"199\" srcset=\"https:\/\/jornalcontato.com.br\/home\/wp-content\/uploads\/2022\/11\/Fashion-300x199.webp 300w, https:\/\/jornalcontato.com.br\/home\/wp-content\/uploads\/2022\/11\/Fashion-450x299.webp 450w, https:\/\/jornalcontato.com.br\/home\/wp-content\/uploads\/2022\/11\/Fashion-768x510.webp 768w, https:\/\/jornalcontato.com.br\/home\/wp-content\/uploads\/2022\/11\/Fashion.webp 960w\" sizes=\"auto, (max-width: 300px) 100vw, 300px\" \/><\/p>\n<p style=\"text-align: center;\"><em><strong>Milan Fashion Week<\/strong><\/em><\/p>\n<p>E por falar em arte, Mil\u00e3o tem dois far\u00f3is potentes: a magn\u00edfica Catedral, conhecida como Duomo di Milano, em estilo g\u00f3tico flamejante, e com cerca de tr\u00eas mil esculturas na fachada externa. Ainda que sua constru\u00e7\u00e3o tenha se iniciado em 1396, por incr\u00edvel que pare\u00e7a, apenas foi conclu\u00edda em 1965. E que impon\u00eancia! O comprimento de 157 metros desde a entrada com magn\u00edficos port\u00f5es de bronze \u00e9 ladeado por vitrais considerados entre os mais belos do mundo. Assistir missa com canto gregoriano (o coral \u00e9 considerado entre os melhores do g\u00eanero) \u00e9 mesmo uma experi\u00eancia divina.<\/p>\n<p>Outro polo art\u00edstico, remete \u00e0 passagem de Leonardo da Vinci por Mil\u00e3o. A convite do duque Ludovico Sforza que havia encomendado a maior est\u00e1tua equestre do mundo, Leonardo pintou a \u00daltima Ceia no bel\u00edssimo refeit\u00f3rio da Igreja Santa Maria delle Grazie. Isso sem falar da lend\u00e1ria vin\u00edcola do grande pintor que depois de atravessar s\u00e9culos, tendo sido destru\u00edda, com estudos recentes, foi revitalizada.<\/p>\n<p><img loading=\"lazy\" decoding=\"async\" class=\"alignnone size-medium wp-image-20057 aligncenter\" src=\"http:\/\/jornalcontato.com.br\/home\/wp-content\/uploads\/2022\/11\/Vitral-2-225x300.jpg\" alt=\"\" width=\"225\" height=\"300\" srcset=\"https:\/\/jornalcontato.com.br\/home\/wp-content\/uploads\/2022\/11\/Vitral-2-225x300.jpg 225w, https:\/\/jornalcontato.com.br\/home\/wp-content\/uploads\/2022\/11\/Vitral-2-338x450.jpg 338w, https:\/\/jornalcontato.com.br\/home\/wp-content\/uploads\/2022\/11\/Vitral-2.jpg 768w\" sizes=\"auto, (max-width: 225px) 100vw, 225px\" \/><\/p>\n<p style=\"text-align: center;\"><em><strong>Vitrais da catedral s\u00e3o considerados os mais belos do mundo<\/strong><\/em><\/p>\n<p>Mas, se me perguntassem o que mais me atrai em Mil\u00e3o diria que \u00e9 a vida pol\u00edtica. Sendo reconhecida como ber\u00e7o do fascismo, distingue-se tamb\u00e9m pelo progressismo expresso por uma esquerda militante, com base no operariado industrial. Ver qualquer manifesta\u00e7\u00e3o pol\u00edtica em Mil\u00e3o \u00e9 um acontecimento inacredit\u00e1vel, paix\u00e3o pura.<\/p>\n<p>Fala-se muito em cidades globais, centros que sintetizam os principais avan\u00e7os modernos em coordena\u00e7\u00e3o como a pluralidade de culturas que se afinam. O cen\u00e1rio urbano nesse sentido \u00e9 fundamental para explicar camadas do passado projetadas no presente, convidando a universalidade. Mil\u00e3o intriga por n\u00e3o se ajustar a tal conceito. Fala-se at\u00e9 do reverso, o mundo \u00e9 que se adequa a ela. \u00c9 sim, Mil\u00e3o, \u00e9 uma cidade global, mas pelo \u00e2nimo de fazer o mundo se render a seus caprichos.<\/p>\n","protected":false},"excerpt":{"rendered":"<p>Mestre Sebe registrando sua passagem pela inigual\u00e1vel catedral g\u00f3tica Duomo di MIlano De vez em quando me pergunto em que outras cidades eu moraria. Antes &#8230;<\/p>\n","protected":false},"author":1,"featured_media":20058,"comment_status":"open","ping_status":"open","sticky":false,"template":"","format":"standard","meta":{"footnotes":""},"categories":[1],"tags":[],"class_list":["post-20054","post","type-post","status-publish","format-standard","has-post-thumbnail","hentry","category-nacional"],"_links":{"self":[{"href":"https:\/\/www.jornalcontato.com.br\/home\/index.php\/wp-json\/wp\/v2\/posts\/20054","targetHints":{"allow":["GET"]}}],"collection":[{"href":"https:\/\/www.jornalcontato.com.br\/home\/index.php\/wp-json\/wp\/v2\/posts"}],"about":[{"href":"https:\/\/www.jornalcontato.com.br\/home\/index.php\/wp-json\/wp\/v2\/types\/post"}],"author":[{"embeddable":true,"href":"https:\/\/www.jornalcontato.com.br\/home\/index.php\/wp-json\/wp\/v2\/users\/1"}],"replies":[{"embeddable":true,"href":"https:\/\/www.jornalcontato.com.br\/home\/index.php\/wp-json\/wp\/v2\/comments?post=20054"}],"version-history":[{"count":1,"href":"https:\/\/www.jornalcontato.com.br\/home\/index.php\/wp-json\/wp\/v2\/posts\/20054\/revisions"}],"predecessor-version":[{"id":20059,"href":"https:\/\/www.jornalcontato.com.br\/home\/index.php\/wp-json\/wp\/v2\/posts\/20054\/revisions\/20059"}],"wp:featuredmedia":[{"embeddable":true,"href":"https:\/\/www.jornalcontato.com.br\/home\/index.php\/wp-json\/wp\/v2\/media\/20058"}],"wp:attachment":[{"href":"https:\/\/www.jornalcontato.com.br\/home\/index.php\/wp-json\/wp\/v2\/media?parent=20054"}],"wp:term":[{"taxonomy":"category","embeddable":true,"href":"https:\/\/www.jornalcontato.com.br\/home\/index.php\/wp-json\/wp\/v2\/categories?post=20054"},{"taxonomy":"post_tag","embeddable":true,"href":"https:\/\/www.jornalcontato.com.br\/home\/index.php\/wp-json\/wp\/v2\/tags?post=20054"}],"curies":[{"name":"wp","href":"https:\/\/api.w.org\/{rel}","templated":true}]}}