{"id":20023,"date":"2022-10-27T09:04:56","date_gmt":"2022-10-27T12:04:56","guid":{"rendered":"http:\/\/www.jornalcontato.com.br\/home\/?p=20023"},"modified":"2022-10-27T09:04:56","modified_gmt":"2022-10-27T12:04:56","slug":"bolsonaro-vai-para-a-guerra-contra-o-tse-com-um-olho-no-golpe-e-outro-nas-urnas-malu-gaspar-o-globo","status":"publish","type":"post","link":"https:\/\/www.jornalcontato.com.br\/home\/index.php\/bolsonaro-vai-para-a-guerra-contra-o-tse-com-um-olho-no-golpe-e-outro-nas-urnas-malu-gaspar-o-globo\/","title":{"rendered":"Bolsonaro vai para a guerra contra o TSE com um olho no golpe e outro nas urnas (Malu Gaspar &#8211; O Globo)"},"content":{"rendered":"<p style=\"text-align: center;\"><strong><em>Bolsonaro faz pronunciamento \u00e0 imprensa no Pal\u00e1cio da Alvorada ao lado do ministro do GSI, Augusto Heleno (\u00e0 dir.), e o da Justi\u00e7a, Anderson Torres (\u00e0 esq.), na \u00faltima quarta (26)<\/em><\/strong><\/p>\n<p>Elei\u00e7\u00e3o de 2022 inaugura nova vers\u00e3o do ditado: de onde s\u00f3 se espera golpismo, n\u00e3o sai nada al\u00e9m de golpismo mesmo.\u00a0N\u00e3o era o bar\u00e3o de Itarar\u00e9 quem dizia que, de onde n\u00e3o se espera nada, da\u00ed \u00e9 que n\u00e3o sai nada mesmo? Pois a elei\u00e7\u00e3o de 2022 est\u00e1 inaugurando outra vers\u00e3o do ditado: de onde s\u00f3 se espera golpismo, n\u00e3o sai nada al\u00e9m de golpismo mesmo.<\/p>\n<p>Ningu\u00e9m duvidava que Jair Bolsonaro n\u00e3o aceitaria outro desfecho para esta elei\u00e7\u00e3o al\u00e9m da pr\u00f3pria vit\u00f3ria. Mas, depois do fiasco produzido pela auditoria dos militares sobre as urnas eletr\u00f4nicas \u2014 aquela que ningu\u00e9m viu, mas que todo mundo sabe ter atestado a seguran\u00e7a do sistema eleitoral \u2014, parecia que o presidente havia finalmente aceitado o que seus estrategistas n\u00e3o se cansavam de repetir, com base no que viam nas pesquisas: o brasileiro m\u00e9dio n\u00e3o quer saber de confus\u00e3o.<\/p>\n<p>Sempre que percebe que alguma a\u00e7\u00e3o do chefe do Executivo pode causar instabilidade e tumulto, esse eleitor se afasta dele.<\/p>\n<p><img loading=\"lazy\" decoding=\"async\" class=\"alignnone size-full wp-image-20025 aligncenter\" src=\"http:\/\/jornalcontato.com.br\/home\/wp-content\/uploads\/2022\/10\/Branca-Branca-Leone.jpg\" alt=\"\" width=\"277\" height=\"182\" \/><\/p>\n<p style=\"text-align: center;\"><em><strong>Bob Jeff: ataque de f\u00faria sem explica\u00e7\u00e3o<\/strong><\/em><\/p>\n<p>Numa disputa apertada como a que vivemos, qualquer voto conta. At\u00e9 o \u201cJefferson Day\u201d, quando o bolsonarista Roberto Jefferson lan\u00e7ou granadas e tiros de fuzil contra uma viatura da Pol\u00edcia Federal, Bolsonaro parecia endossar o esfor\u00e7o na campanha para repaginar seu comportamento.<\/p>\n<p>O objetivo era atrair o cidad\u00e3o que j\u00e1 estava convencido a n\u00e3o votar em Luiz In\u00e1cio Lula da Silva, mas ainda temia empenhar seu apoio a Bolsonaro em raz\u00e3o dos impulsos golpistas. Podia ser uma franja do eleitorado, calculava-se que 1% ou 2%; mas podia ser decisivo.<\/p>\n<p>N\u00e3o foi por outra raz\u00e3o que seu filho, o senador Fl\u00e1vio Bolsonaro (PL-RJ), deu uma entrevista ao GLOBO em 12 de outubro para dizer que o presidente estava \u201c mais calmo\u201d e que \u201cest\u00e1 todo mundo cansado de briga\u201d.<\/p>\n<p>Fl\u00e1vio e outros aliados chegaram at\u00e9 a discutir a possibilidade de Bolsonaro fazer mais algum gesto ou declara\u00e7\u00e3o de respeito e confian\u00e7a no sistema eleitoral para aplacar quaisquer d\u00favidas.<\/p>\n<p>Pois o ataque de Jefferson p\u00f4s tudo isso em xeque \u2014 at\u00e9 o resto de senso de preserva\u00e7\u00e3o do presidente da Rep\u00fablica. Desde ent\u00e3o, a campanha entrou em parafuso. \u00c0 crise provocada pelo \u201cJefferson Day\u201d, somou-se outra, a do vazamento de planos da equipe econ\u00f4mica que podem redundar em reajustes abaixo da infla\u00e7\u00e3o para o sal\u00e1rio-m\u00ednimo e na cobran\u00e7a de Imposto de Renda sobre gastos com sa\u00fade e educa\u00e7\u00e3o.<\/p>\n<p>Cercado por todos os lados, Bolsonaro fez justamente o que mais se temia no Q.G. da campanha: disparou contra a Justi\u00e7a Eleitoral, desta vez lan\u00e7ando suspeitas sobre as inser\u00e7\u00f5es da campanha nas r\u00e1dios do Norte e do Nordeste.<\/p>\n<p style=\"text-align: center;\">\u00a0<img loading=\"lazy\" decoding=\"async\" class=\"alignnone size-medium wp-image-20027\" src=\"http:\/\/jornalcontato.com.br\/home\/wp-content\/uploads\/2022\/10\/Fabio-Faria-e-Fabio-Wajngarten-300x200.webp\" alt=\"\" width=\"300\" height=\"200\" srcset=\"https:\/\/jornalcontato.com.br\/home\/wp-content\/uploads\/2022\/10\/Fabio-Faria-e-Fabio-Wajngarten-300x200.webp 300w, https:\/\/jornalcontato.com.br\/home\/wp-content\/uploads\/2022\/10\/Fabio-Faria-e-Fabio-Wajngarten-450x300.webp 450w, https:\/\/jornalcontato.com.br\/home\/wp-content\/uploads\/2022\/10\/Fabio-Faria-e-Fabio-Wajngarten-768x512.webp 768w, https:\/\/jornalcontato.com.br\/home\/wp-content\/uploads\/2022\/10\/Fabio-Faria-e-Fabio-Wajngarten.webp 924w\" sizes=\"auto, (max-width: 300px) 100vw, 300px\" \/><\/p>\n<p style=\"text-align: center;\"><em><strong>Ministro F\u00e1bio Faria e o assessor Fabio Wajngarten<\/strong><\/em><\/p>\n<p>Tensos, falando em fraude e grave viola\u00e7\u00e3o do sistema eleitoral, o ministro F\u00e1bio Faria e o assessor Fabio Wajngarten disseram ter provas de que milhares de pe\u00e7as publicit\u00e1rias pr\u00f3-Bolsonaro teriam sumido da programa\u00e7\u00e3o de \u201cin\u00fameras\u201d emissoras.<\/p>\n<p>Embora fosse plaus\u00edvel imaginar que parte das pe\u00e7as n\u00e3o tivesse sido mesmo exibida \u2014 tanto que algumas r\u00e1dios at\u00e9 admitiram ter veiculado menos inser\u00e7\u00f5es do que o previsto \u2014, n\u00e3o se produziu nenhum material livre de d\u00favida ou contesta\u00e7\u00e3o, nem foi apresentada prova de qualquer a\u00e7\u00e3o deliberada dessas r\u00e1dios, do PT ou do TSE para prejudicar a campanha do PL.<\/p>\n<p>Ainda assim, parlamentares bolsonaristas passaram a defender que a pretensa fraude deveria levar a um adiamento da elei\u00e7\u00e3o para permitir que as inser\u00e7\u00f5es fossem veiculadas, no que foi batizado de \u201cterceiro turno\u201d.<\/p>\n<p>Mas nem essa amea\u00e7a, nem os apelos dos bombeiros do Centr\u00e3o, nem mesmo a mal explicada demiss\u00e3o do funcion\u00e1rio do tribunal que cuidava das inser\u00e7\u00f5es impediram Alexandre de Moraes de rejeitar a den\u00fancia \u2014 e ainda mandar abrir uma apura\u00e7\u00e3o por crime eleitoral por parte da campanha de Bolsonaro, com \u201ca finalidade de tumultuar o segundo turno do pleito em sua \u00faltima semana\u201d.<\/p>\n<p>Diante das circunst\u00e2ncias, o poderoso Xand\u00e3o parece n\u00e3o ter visto outra op\u00e7\u00e3o a n\u00e3o ser correr o risco de dobrar a aposta golpista de Bolsonaro.<\/p>\n<p><img loading=\"lazy\" decoding=\"async\" class=\"alignnone size-medium wp-image-20028 aligncenter\" src=\"http:\/\/jornalcontato.com.br\/home\/wp-content\/uploads\/2022\/10\/alexandre-moraes-ministro-300x214.webp\" alt=\"\" width=\"300\" height=\"214\" srcset=\"https:\/\/jornalcontato.com.br\/home\/wp-content\/uploads\/2022\/10\/alexandre-moraes-ministro-300x214.webp 300w, https:\/\/jornalcontato.com.br\/home\/wp-content\/uploads\/2022\/10\/alexandre-moraes-ministro-450x321.webp 450w, https:\/\/jornalcontato.com.br\/home\/wp-content\/uploads\/2022\/10\/alexandre-moraes-ministro-768x549.webp 768w, https:\/\/jornalcontato.com.br\/home\/wp-content\/uploads\/2022\/10\/alexandre-moraes-ministro.webp 924w\" sizes=\"auto, (max-width: 300px) 100vw, 300px\" \/><\/p>\n<p style=\"text-align: center;\"><em><strong>Presidente do TSE, Alexandre de Moraes pagou para ver<\/strong><\/em><\/p>\n<p>Por enquanto, o presidente amansou. Sem proferir nenhum palavr\u00e3o, disse que recorreria da decis\u00e3o e reclamou de estar sendo prejudicado. Se tivesse ouvido o Jefferson que mora dentro dele, certamente teria lan\u00e7ado alguns petardos em dire\u00e7\u00e3o ao TSE.<\/p>\n<p>Pelo jeito, decidiu ouvir os estrategistas e calcular melhor seus movimentos. Isso n\u00e3o significa que tenha aberto m\u00e3o de seus instintos mais primitivos. Quer dizer apenas que Bolsonaro talvez ainda n\u00e3o considere a elei\u00e7\u00e3o perdida por completo \u2014 ou, quem sabe, que ainda n\u00e3o est\u00e1 na hora de lan\u00e7ar suas granadas sobre nossas institui\u00e7\u00f5es.<\/p>\n","protected":false},"excerpt":{"rendered":"<p>Bolsonaro faz pronunciamento \u00e0 imprensa no Pal\u00e1cio da Alvorada ao lado do ministro do GSI, Augusto Heleno (\u00e0 dir.), e o da Justi\u00e7a, Anderson Torres &#8230;<\/p>\n","protected":false},"author":1,"featured_media":20026,"comment_status":"open","ping_status":"open","sticky":false,"template":"","format":"standard","meta":{"footnotes":""},"categories":[1],"tags":[],"class_list":["post-20023","post","type-post","status-publish","format-standard","has-post-thumbnail","hentry","category-nacional"],"_links":{"self":[{"href":"https:\/\/www.jornalcontato.com.br\/home\/index.php\/wp-json\/wp\/v2\/posts\/20023","targetHints":{"allow":["GET"]}}],"collection":[{"href":"https:\/\/www.jornalcontato.com.br\/home\/index.php\/wp-json\/wp\/v2\/posts"}],"about":[{"href":"https:\/\/www.jornalcontato.com.br\/home\/index.php\/wp-json\/wp\/v2\/types\/post"}],"author":[{"embeddable":true,"href":"https:\/\/www.jornalcontato.com.br\/home\/index.php\/wp-json\/wp\/v2\/users\/1"}],"replies":[{"embeddable":true,"href":"https:\/\/www.jornalcontato.com.br\/home\/index.php\/wp-json\/wp\/v2\/comments?post=20023"}],"version-history":[{"count":1,"href":"https:\/\/www.jornalcontato.com.br\/home\/index.php\/wp-json\/wp\/v2\/posts\/20023\/revisions"}],"predecessor-version":[{"id":20029,"href":"https:\/\/www.jornalcontato.com.br\/home\/index.php\/wp-json\/wp\/v2\/posts\/20023\/revisions\/20029"}],"wp:featuredmedia":[{"embeddable":true,"href":"https:\/\/www.jornalcontato.com.br\/home\/index.php\/wp-json\/wp\/v2\/media\/20026"}],"wp:attachment":[{"href":"https:\/\/www.jornalcontato.com.br\/home\/index.php\/wp-json\/wp\/v2\/media?parent=20023"}],"wp:term":[{"taxonomy":"category","embeddable":true,"href":"https:\/\/www.jornalcontato.com.br\/home\/index.php\/wp-json\/wp\/v2\/categories?post=20023"},{"taxonomy":"post_tag","embeddable":true,"href":"https:\/\/www.jornalcontato.com.br\/home\/index.php\/wp-json\/wp\/v2\/tags?post=20023"}],"curies":[{"name":"wp","href":"https:\/\/api.w.org\/{rel}","templated":true}]}}