{"id":20014,"date":"2022-10-23T09:14:52","date_gmt":"2022-10-23T12:14:52","guid":{"rendered":"http:\/\/www.jornalcontato.com.br\/home\/?p=20014"},"modified":"2022-10-23T09:18:35","modified_gmt":"2022-10-23T12:18:35","slug":"outubro-fatal-mas-rosa-jc-bom-meihy","status":"publish","type":"post","link":"https:\/\/www.jornalcontato.com.br\/home\/index.php\/outubro-fatal-mas-rosa-jc-bom-meihy\/","title":{"rendered":"Outubro fatal, mas rosa (JC Sebe Bom Meihy)"},"content":{"rendered":"<p>Antes, tinha em minha mem\u00f3ria que dif\u00edcil era agosto (<em>m\u00eas de cachorro louco<\/em>, dizia-se em minha cidade interiorana). E era mesmo. Nessa perspectiva, outubro resultava ser ponte entre a fadiga do ano j\u00e1 bastante desbastado e o almejado come\u00e7o de seu fim. Contemplando nosso calend\u00e1rio atual, vendo os acontecimentos correntes, juro, sinto impulso para revisitar tal pressuposto. N\u00e3o que agosto tenha sido leve. Nada! Mas o atual outubro est\u00e1 danado de espinhoso, inflamado de fatalidades consequentes. Como se a esperan\u00e7a estivesse desistido de chocar melhorias, seguimos, no m\u00e1ximo, tentando n\u00e3o esquecer que o futuro existe, ainda que intimidado.<\/p>\n<p>Talvez, \u201cmontanha russa\u201d seja boa imagem para o que vivemos coletivamente: os pontos altos ficam por conta de celebra\u00e7\u00f5es \u2013 s\u00f3 para citar algumas \u201cdia da Padroeira\u201d, \u201cdas crian\u00e7as\u201d, \u201cdos professores\u201d, \u201cdos m\u00e9dicos\u201d&#8230; Os abismos?! Vamos logo para o maior deles \u201cas campanhas eleitorais\u201d com suas express\u00f5es agressivas, impiedosas, eivadas de \u00f3dio, vingan\u00e7as e amea\u00e7as. E desalento, posto seja qual for o resultado, o pr\u00f3ximo ano ser\u00e1 dur\u00edssimo. Com alvos muito abaixo do n\u00edvel da cintura, os dois projetos pol\u00edticos em jogo n\u00e3o se deixam detalhar e o que vemos \u00e9 a personifica\u00e7\u00e3o da crueldade travestida, sobretudo, de Fake News e fragiliza\u00e7\u00e3o da democracia.<\/p>\n<p><img loading=\"lazy\" decoding=\"async\" class=\"alignnone size-medium wp-image-20015 aligncenter\" src=\"http:\/\/jornalcontato.com.br\/home\/wp-content\/uploads\/2022\/10\/Ato-de-amor-300x196.jpg\" alt=\"\" width=\"300\" height=\"196\" srcset=\"https:\/\/jornalcontato.com.br\/home\/wp-content\/uploads\/2022\/10\/Ato-de-amor-300x196.jpg 300w, https:\/\/jornalcontato.com.br\/home\/wp-content\/uploads\/2022\/10\/Ato-de-amor-450x294.jpg 450w, https:\/\/jornalcontato.com.br\/home\/wp-content\/uploads\/2022\/10\/Ato-de-amor-768x502.jpg 768w, https:\/\/jornalcontato.com.br\/home\/wp-content\/uploads\/2022\/10\/Ato-de-amor.jpg 1280w\" sizes=\"auto, (max-width: 300px) 100vw, 300px\" \/><\/p>\n<p>\u201cH\u00e1 flores no p\u00e2ntano\u201d, insiste o jornalista Ruy Gustavo, e tenho que concordar quando coloco em mira determinadas campanhas que atravessam tudo e lutam para pairar acima de todos. O \u201coutubro rosa\u201d \u00e9 uma dessas v\u00e1lvulas de escape que, ali\u00e1s, tem por objeto alertar, prevenir, amparar pessoas e fam\u00edlias acometidas pelo c\u00e2ncer de mama. Estamos falando de um alerta que se fez bandeira internacional na raiz dos anos 1990, visando difundir a necessidade de exames peri\u00f3dicos. No Brasil, espa\u00e7o sempre f\u00e9rtil e aberto aos cuidados coletivos de sa\u00fade, o grande alerta foi dado em 2018 com bem-sucedidas divulga\u00e7\u00f5es p\u00fablicas: fitinhas rosas nas roupas, ilumina\u00e7\u00e3o de pr\u00e9dios oficiais, <em>flashs<\/em> em programas televisivos e radiof\u00f4nicos, entrevistas, informa\u00e7\u00f5es nas escolas.<\/p>\n<p>A dupla finalidade das campanhas, al\u00e9m de incentivar os necess\u00e1rios exames cl\u00ednicos &#8211; que devem ser rotineiros e anuais -, visa tamb\u00e9m angariar fundos para pesquisas e aparelhamento instrumental de hospitais e centros de atendimentos. E isso se justifica pois, em termos de n\u00fameros, temos de 2020 a 2022 o registro de 66.280 novos casos. Assustador \u00e9 aquilatar que diariamente perdemos cerca de 50 vidas, entre mulheres e homens. Sim, os tumores mam\u00e1rios atingem tamb\u00e9m pessoas do sexo masculino &#8211; s\u00f3 no per\u00edodo citado tivemos ao lado de 18.068 mulheres, 227 registros de homens.<\/p>\n<p><img loading=\"lazy\" decoding=\"async\" class=\"alignnone size-medium wp-image-20016 aligncenter\" src=\"http:\/\/jornalcontato.com.br\/home\/wp-content\/uploads\/2022\/10\/Homens-tambem-300x243.jpg\" alt=\"\" width=\"300\" height=\"243\" srcset=\"https:\/\/jornalcontato.com.br\/home\/wp-content\/uploads\/2022\/10\/Homens-tambem-300x243.jpg 300w, https:\/\/jornalcontato.com.br\/home\/wp-content\/uploads\/2022\/10\/Homens-tambem-450x364.jpg 450w, https:\/\/jornalcontato.com.br\/home\/wp-content\/uploads\/2022\/10\/Homens-tambem.jpg 760w\" sizes=\"auto, (max-width: 300px) 100vw, 300px\" \/><\/p>\n<p>H\u00e1, contudo, coment\u00e1rios amb\u00edguos assentados em rela\u00e7\u00e3o ao teor das campanhas: uns acham que os n\u00fameros n\u00e3o deveriam ser divulgados pois podem apavorar gerando preconceitos e discrimina\u00e7\u00f5es; outros, pelo reverso, consideram que \u00e9 fundamental exibir montantes que, exatamente por amedrontar, surtem efeito e provocam cuidados. Por uma ou outra via, conv\u00e9m ressaltar que os exames preventivos s\u00e3o recomendados com eloqu\u00eancia. Quanto mais cedo for constatado, melhor, mais eficiente o tratamento. A mamografia \u00e9 o exame mais eficiente e o SUS oferece, mesmo com dificuldade de agendamento, oportunidade gratuita.<\/p>\n<p>Al\u00e9m do tratamento cl\u00ednico, alguns cuidados podem ajudar na detec\u00e7\u00e3o do mal: o exame pessoal (recomendado para mulheres, e tamb\u00e9m para homens) que demanda cuidados como a identifica\u00e7\u00e3o de caro\u00e7os duros, localizados n\u00e3o apenas nos seios, mas tamb\u00e9m nas axilas. Nas mulheres, vazamentos de l\u00edquidos e vermelhid\u00f5es servem de aviso, e n\u00e3o menos significativos s\u00e3o os cuidados em jovens em plena fase de circula\u00e7\u00e3o hormonal. \u00c0quelas nas faixas acima de 60 anos, os exames cl\u00ednicos devem ser feitos ao menos a cada dois anos.<\/p>\n<p>Pois \u00e9, eu n\u00e3o sou m\u00e9dico e considerei com cuidado a validade de fazer recomenda\u00e7\u00f5es. Minha ousadia corre por conta de drama pessoal: vivi isso em fam\u00edlia, minha esposa morreu em decorr\u00eancia do tumor mam\u00e1rio. \u00c9 com base nessa experi\u00eancia que ouso romper o silencio e alertar que, por pior que seja este outubro, o rosa \u00e9 a cor a ser ostentada.<\/p>\n","protected":false},"excerpt":{"rendered":"<p>Antes, tinha em minha mem\u00f3ria que dif\u00edcil era agosto (m\u00eas de cachorro louco, dizia-se em minha cidade interiorana). E era mesmo. Nessa perspectiva, outubro resultava &#8230;<\/p>\n","protected":false},"author":1,"featured_media":20017,"comment_status":"open","ping_status":"open","sticky":false,"template":"","format":"standard","meta":{"footnotes":""},"categories":[1],"tags":[],"class_list":["post-20014","post","type-post","status-publish","format-standard","has-post-thumbnail","hentry","category-nacional"],"_links":{"self":[{"href":"https:\/\/www.jornalcontato.com.br\/home\/index.php\/wp-json\/wp\/v2\/posts\/20014","targetHints":{"allow":["GET"]}}],"collection":[{"href":"https:\/\/www.jornalcontato.com.br\/home\/index.php\/wp-json\/wp\/v2\/posts"}],"about":[{"href":"https:\/\/www.jornalcontato.com.br\/home\/index.php\/wp-json\/wp\/v2\/types\/post"}],"author":[{"embeddable":true,"href":"https:\/\/www.jornalcontato.com.br\/home\/index.php\/wp-json\/wp\/v2\/users\/1"}],"replies":[{"embeddable":true,"href":"https:\/\/www.jornalcontato.com.br\/home\/index.php\/wp-json\/wp\/v2\/comments?post=20014"}],"version-history":[{"count":4,"href":"https:\/\/www.jornalcontato.com.br\/home\/index.php\/wp-json\/wp\/v2\/posts\/20014\/revisions"}],"predecessor-version":[{"id":20021,"href":"https:\/\/www.jornalcontato.com.br\/home\/index.php\/wp-json\/wp\/v2\/posts\/20014\/revisions\/20021"}],"wp:featuredmedia":[{"embeddable":true,"href":"https:\/\/www.jornalcontato.com.br\/home\/index.php\/wp-json\/wp\/v2\/media\/20017"}],"wp:attachment":[{"href":"https:\/\/www.jornalcontato.com.br\/home\/index.php\/wp-json\/wp\/v2\/media?parent=20014"}],"wp:term":[{"taxonomy":"category","embeddable":true,"href":"https:\/\/www.jornalcontato.com.br\/home\/index.php\/wp-json\/wp\/v2\/categories?post=20014"},{"taxonomy":"post_tag","embeddable":true,"href":"https:\/\/www.jornalcontato.com.br\/home\/index.php\/wp-json\/wp\/v2\/tags?post=20014"}],"curies":[{"name":"wp","href":"https:\/\/api.w.org\/{rel}","templated":true}]}}