{"id":20006,"date":"2022-10-16T10:47:35","date_gmt":"2022-10-16T13:47:35","guid":{"rendered":"http:\/\/www.jornalcontato.com.br\/home\/?p=20006"},"modified":"2022-10-16T10:47:35","modified_gmt":"2022-10-16T13:47:35","slug":"e-agora-velhinhos-e-velhinhas-de-taubate-jc-sebe-bom-meihy","status":"publish","type":"post","link":"https:\/\/www.jornalcontato.com.br\/home\/index.php\/e-agora-velhinhos-e-velhinhas-de-taubate-jc-sebe-bom-meihy\/","title":{"rendered":"E AGORA, VELHINHOS E VELHINHAS DE TAUBAT\u00c9? (JC Sebe Bom Meihy)"},"content":{"rendered":"<p>Frente \u00e0 voracidade do momento pr\u00e9-eleitoral, o desgaste \u00e9 exaustivo e estamos\u00a0todos cansados, implicados em uma guerra trituradora da pouca paci\u00eancia que nos\u00a0resta. A polariza\u00e7\u00e3o populista frusta possibilidades construtivas e os dias se arrastam\u00a0at\u00e9 a decis\u00e3o.\u00a0Mas sempre foi assim, perguntei-me um tanto inquieto. Fora de per\u00edodos eleitorais como se teciam as cr\u00edticas pol\u00edticas? \u00c9 claro que sempre existiram discursos\u00a0nevr\u00e1lgicos, mas como poderia recuper\u00e1-los, com que crit\u00e9rios? Imediatamente uma\u00a0enxurrada de tipos caricatos desfilaram indicando encaminhamentos mais sutis do que\u00a0vemos agora. Foi assim que me lembrei de men\u00e7\u00f5es \u00e0 minha cidade, Taubat\u00e9, no\u00a0estado de S\u00e3o Paulo. Evoquei saudade, rememorei espa\u00e7os de conv\u00edvio e,\u00a0naturalmente, a sensa\u00e7\u00e3o de tempo tranquilo me envolveu. Mas o que teria isso a ver\u00a0com pol\u00edtica?<\/p>\n<p>Mais est\u00edmulos e provoca\u00e7\u00f5es.\u00a0Imediatamente, duas figuras hil\u00e1rias me vieram \u00e0 cabe\u00e7a. Uma, \u201cNeide Taubat\u00e9\u201d\u00a0criada e vivida pelo saudoso Chico Anysio entre 1981 e 82. Outro tipo igualmente\u00a0popularizado, a \u201cVelhinha de Taubat\u00e9\u201d, cria\u00e7\u00e3o muito quista, sobrevivente no\u00a0imagin\u00e1rio brasileiro, cunhada por Luiz Fernando Verissimo em 2005. Resolvi retomar\u00a0os dois casos e entender por que Taubat\u00e9 serviria como pretexto de cr\u00edtica pol\u00edtica.<\/p>\n<p><img loading=\"lazy\" decoding=\"async\" class=\"alignnone size-medium wp-image-20008 aligncenter\" src=\"http:\/\/jornalcontato.com.br\/home\/wp-content\/uploads\/2022\/10\/Velhinha-2-1-216x300.jpg\" alt=\"\" width=\"216\" height=\"300\" srcset=\"https:\/\/jornalcontato.com.br\/home\/wp-content\/uploads\/2022\/10\/Velhinha-2-1-216x300.jpg 216w, https:\/\/jornalcontato.com.br\/home\/wp-content\/uploads\/2022\/10\/Velhinha-2-1-324x450.jpg 324w, https:\/\/jornalcontato.com.br\/home\/wp-content\/uploads\/2022\/10\/Velhinha-2-1.jpg 660w\" sizes=\"auto, (max-width: 216px) 100vw, 216px\" \/><\/p>\n<p style=\"text-align: center;\"><em><strong>Velhinha de Taubat\u00e9, representaria o conservadorismo do Vale?<\/strong><\/em><\/p>\n<p>Chico Anysio se destacou pela profus\u00e3o de personagens, cerca de 210,\u00a0caracteriza\u00e7\u00f5es que ele mesmo assumia e, em muitos casos, como na \u201cEscolinha do\u00a0Professor Raymundo\u201d, dialogava com outras figuras promovendo interlocu\u00e7\u00f5es\u00a0sempre no limite da an\u00e1lise de costumes, da moral ou da pol\u00edtica. \u00c9 f\u00e1cil aquilatar\u00a0porque se deu o sucesso da espevitada Salom\u00e9, destaque entre tantas personagens\u00a0femininos. \u201cSalom\u00e9\u201d (Salom\u00e9 Maria Anuncia\u00e7\u00e3o), apresentada em 1979 foi, sem\u00a0d\u00favida, sua mais completa personagem pol\u00edtica. Com roupas \u00e0 moda antiga,\u00a0irretoc\u00e1vel nos detalhes, principalmente nos incontidos telefonemas informais a um tal\u00a0Jo\u00e3o Batista, ex-aluno, a senhorinha delicada e com trejeitos inocentes, mandava\u00a0recados impens\u00e1veis em outra chave. E sabe-se que o pr\u00f3prio Presidente Figueiredo,\u00a0o tal Jo\u00e3o Batista, apreciava a encena\u00e7\u00e3o e, mesmo podendo, n\u00e3o censurou o quadro.<\/p>\n<p>Mas, e nossa \u201cNeyde Taubat\u00e9\u201d? \u201cNeyde\u201d sucedeu a \u201cSalom\u00e9\u201d que, diga-se, perdeu sentido no andamento da Abertura Pol\u00edtica. \u201cNeide\u201d era uma apresentadora de televis\u00e3o que, pretensamente elegant\u00edssima e toda cheia de joias, com olhares maliciosos, desafiava debates sobre temas gerais, todos sempre arriscados. Na realidade, a provocante \u201cNeide\u201d era simulacro de Hebe Camargo, ent\u00e3o apresentadora da TV, vinda do interior&#8230; de Taubat\u00e9. Dona de ardilosa combina\u00e7\u00e3o de simpatia com pitada de maldade, \u201cNeide\u201d refletia caracter\u00edsticas de uma nova rica, capaz de ser cr\u00edtica, mas contida no limite. Sem muitas explica\u00e7\u00f5es, depois de muito sucesso, \u201cNeyde Taubat\u00e9\u201d foi substitu\u00edda na din\u00e2mica das cria\u00e7\u00f5es de Chico Anysio. Foi, mas deixou saudade.<\/p>\n<p><img loading=\"lazy\" decoding=\"async\" class=\"alignnone size-medium wp-image-20009 aligncenter\" src=\"http:\/\/jornalcontato.com.br\/home\/wp-content\/uploads\/2022\/10\/Neide-Taubate-300x169.webp\" alt=\"\" width=\"300\" height=\"169\" srcset=\"https:\/\/jornalcontato.com.br\/home\/wp-content\/uploads\/2022\/10\/Neide-Taubate-300x169.webp 300w, https:\/\/jornalcontato.com.br\/home\/wp-content\/uploads\/2022\/10\/Neide-Taubate-450x253.webp 450w, https:\/\/jornalcontato.com.br\/home\/wp-content\/uploads\/2022\/10\/Neide-Taubate.webp 696w\" sizes=\"auto, (max-width: 300px) 100vw, 300px\" \/><\/p>\n<p style=\"text-align: center;\"><em><strong>A nova rica poderia ser nossa Hebe Camargo?<\/strong><\/em><\/p>\n<p>Ainda mais exuberante e perturbadora foi a \u201cVelhinha de Taubat\u00e9\u201d criada por\u00a0Verissimo, j\u00e1 consagrado cronista. Com presen\u00e7a intermitente, entre 1979 e1985, a\u00a0deliciosa senhora mostrava-se a \u00faltima crente em tudo: propaganda, fofocas, serm\u00f5es\u00a0e, principalmente, no governo federal que ela defendia com unhas e dentes. Exatamente\u00a0situada no momento da Abertura pol\u00edtica, a \u201cVelhinha\u201d seria o esteio das cren\u00e7as\u00a0conservadoras propaladas pela nova pol\u00edtica que, contudo, acabaram no \u201cmensal\u00e3o\u201d.<\/p>\n<p>Como seria de se esperar, para n\u00f3s taubateanos, caberia perguntar agudamente: mas por que Taubat\u00e9? Ser\u00edamos n\u00f3s, habitantes da t\u00e3o apraz\u00edvel cidade do Vale do Para\u00edba Paulista, met\u00e1fora de conformismo acr\u00edtico, deposit\u00e1rios de cr\u00e9ditos pol\u00edticos inquestion\u00e1veis? Por que Taubat\u00e9?\u00a0H\u00e1 v\u00e1rias explica\u00e7\u00f5es paralelas. Uma diz que \u00e9 meramente por conta da sonoridade, com \u00eanfase na final \u201c\u00e9\u201d (de Taubat\u00e9).\u00a0Pouco convincente, outras possibilidades foram aventadas. Com eloqu\u00eancia, a mais\u00a0convincente reza serem as letras iniciais \u201cVT\u201d o reverso de \u201cTV\u201d, pois a dita senhora\u00a0n\u00e3o saia de frente da televis\u00e3o e pela TV se fez VT.<\/p>\n<p><img loading=\"lazy\" decoding=\"async\" class=\"alignnone size-medium wp-image-20011 aligncenter\" src=\"http:\/\/jornalcontato.com.br\/home\/wp-content\/uploads\/2022\/10\/Salome-300x225.jpg\" alt=\"\" width=\"300\" height=\"225\" srcset=\"https:\/\/jornalcontato.com.br\/home\/wp-content\/uploads\/2022\/10\/Salome-300x225.jpg 300w, https:\/\/jornalcontato.com.br\/home\/wp-content\/uploads\/2022\/10\/Salome-450x338.jpg 450w, https:\/\/jornalcontato.com.br\/home\/wp-content\/uploads\/2022\/10\/Salome.jpg 480w\" sizes=\"auto, (max-width: 300px) 100vw, 300px\" \/><\/p>\n<p style=\"text-align: center;\"><em><strong>Quem seria o Jo\u00e3o Batista com quem Salom\u00e9 tanto conversava?<\/strong><\/em><\/p>\n<p>Fato inconteste \u00e9 que nossa \u201cvelhinha\u201d cativou o Brasil de ponta a ponta. Todo mundo falava dela, zombando de sua ingenuidade e const\u00e2ncia irretoc\u00e1veis. Alguma coisa deve ter acontecido pois Ver\u00edssimo, em 1985, teria se cansado da caracteriza\u00e7\u00e3o e\u00a0resolveu \u201cmatar\u201d a amad\u00edssima senhora. Foi uma celeuma nacional, houve protestos.\u00a0O fato concreto, contudo, revelado pelo cronista dizia que \u201cela morreu na frente da\u00a0televis\u00e3o, talvez com o choque de alguma not\u00edcia. Mas a pol\u00edcia mandou os restos do\u00a0ch\u00e1 que a Velhinha estava tomando com bolinhos de polvilho para exame de\u00a0laborat\u00f3rio. Pode ter sido suic\u00eddio\u201d. Suic\u00eddio ou desilus\u00e3o. Desilus\u00e3o pol\u00edtica?<\/p>\n<p>Sabe, fico pensando neste nosso momento, particularmente para meus conterr\u00e2neos, e assim questiono: o que herdamos?! Afinal, estamos mais para \u201cNeide\u201d, ou ainda guardamos mem\u00f3ria da \u201cVelhinha\u201d? \u201cNeide Taubat\u00e9\u201d ou \u201cvelhinha de Taubat\u00e9, eis a quest\u00e3o.<\/p>\n","protected":false},"excerpt":{"rendered":"<p>Frente \u00e0 voracidade do momento pr\u00e9-eleitoral, o desgaste \u00e9 exaustivo e estamos\u00a0todos cansados, implicados em uma guerra trituradora da pouca paci\u00eancia que nos\u00a0resta. A polariza\u00e7\u00e3o &#8230;<\/p>\n","protected":false},"author":1,"featured_media":20012,"comment_status":"open","ping_status":"open","sticky":false,"template":"","format":"standard","meta":{"footnotes":""},"categories":[1],"tags":[],"class_list":["post-20006","post","type-post","status-publish","format-standard","has-post-thumbnail","hentry","category-nacional"],"_links":{"self":[{"href":"https:\/\/www.jornalcontato.com.br\/home\/index.php\/wp-json\/wp\/v2\/posts\/20006","targetHints":{"allow":["GET"]}}],"collection":[{"href":"https:\/\/www.jornalcontato.com.br\/home\/index.php\/wp-json\/wp\/v2\/posts"}],"about":[{"href":"https:\/\/www.jornalcontato.com.br\/home\/index.php\/wp-json\/wp\/v2\/types\/post"}],"author":[{"embeddable":true,"href":"https:\/\/www.jornalcontato.com.br\/home\/index.php\/wp-json\/wp\/v2\/users\/1"}],"replies":[{"embeddable":true,"href":"https:\/\/www.jornalcontato.com.br\/home\/index.php\/wp-json\/wp\/v2\/comments?post=20006"}],"version-history":[{"count":1,"href":"https:\/\/www.jornalcontato.com.br\/home\/index.php\/wp-json\/wp\/v2\/posts\/20006\/revisions"}],"predecessor-version":[{"id":20013,"href":"https:\/\/www.jornalcontato.com.br\/home\/index.php\/wp-json\/wp\/v2\/posts\/20006\/revisions\/20013"}],"wp:featuredmedia":[{"embeddable":true,"href":"https:\/\/www.jornalcontato.com.br\/home\/index.php\/wp-json\/wp\/v2\/media\/20012"}],"wp:attachment":[{"href":"https:\/\/www.jornalcontato.com.br\/home\/index.php\/wp-json\/wp\/v2\/media?parent=20006"}],"wp:term":[{"taxonomy":"category","embeddable":true,"href":"https:\/\/www.jornalcontato.com.br\/home\/index.php\/wp-json\/wp\/v2\/categories?post=20006"},{"taxonomy":"post_tag","embeddable":true,"href":"https:\/\/www.jornalcontato.com.br\/home\/index.php\/wp-json\/wp\/v2\/tags?post=20006"}],"curies":[{"name":"wp","href":"https:\/\/api.w.org\/{rel}","templated":true}]}}