{"id":19939,"date":"2022-08-28T09:25:01","date_gmt":"2022-08-28T12:25:01","guid":{"rendered":"http:\/\/www.jornalcontato.com.br\/home\/?p=19939"},"modified":"2022-08-28T09:26:25","modified_gmt":"2022-08-28T12:26:25","slug":"fernanda-montenegro-meu-amor-jc-sebe-bom-meihy","status":"publish","type":"post","link":"https:\/\/www.jornalcontato.com.br\/home\/index.php\/fernanda-montenegro-meu-amor-jc-sebe-bom-meihy\/","title":{"rendered":"FERNANDA MONTENEGRO, MEU AMOR&#8230; (JC Sebe Bom Meihy)"},"content":{"rendered":"<p>Pronto, resolvi contar; decidi por tudo em pratos limpos. Sim, optei por fazer p\u00fablico o meu amor desbragado, agora incontido. E n\u00e3o poderia ser de outro jeito at\u00e9 porque n\u00e3o aguento mais: ando apaixonado pela Fernanda Montenegro. Pronto, disse! Na verdade, estou ca\u00eddo de paix\u00e3o e \u00e9 desses crescentes, progressivos, esparramados, loucos, coisa de novela (pode ser de pe\u00e7a de teatro ou de filme tamb\u00e9m, mas com roteiro rom\u00e2ntico e final feliz). Sei que esse meu romance maduro (n\u00e3o quero dizer \u201cda terceira idade\u201d) pode parecer devaneio ou del\u00edrio, mas, tenham certeza, \u00e9 a minha \u201cmais completa tradu\u00e7\u00e3o\u201d, como concluiu Caetano depois de saber do caso.<\/p>\n<p>O pior deste roteiro \u00e9 que ela (a minha Fernanda) n\u00e3o tem a mais vaga ideia de meu dolente padecimento, condi\u00e7\u00e3o que me faz declinar <em>flashs<\/em> dessa hist\u00f3ria digna dos maiores textos da literatura mundial. Faz tempo que, na surdina dos arrebatados, troco com ela afetos desdobrados, quase tel\u00faricos. Tudo \u00e9 muito secreto, plural em sussurros \u00edntimos como, ali\u00e1s, conv\u00e9m aos amores lastreados por mist\u00e9rios dolorosos e gozosos. Tudo, tudo na maior intimidade, selado na confid\u00eancia de mim comigo mesmo. E tenho calafrios, febres, vertigens&#8230;<\/p>\n<p><img loading=\"lazy\" decoding=\"async\" class=\"alignnone size-medium wp-image-19940 aligncenter\" src=\"http:\/\/jornalcontato.com.br\/home\/wp-content\/uploads\/2022\/08\/fernanda-montenegro-a-falecida-1965-300x176.jpg\" alt=\"\" width=\"300\" height=\"176\" srcset=\"https:\/\/jornalcontato.com.br\/home\/wp-content\/uploads\/2022\/08\/fernanda-montenegro-a-falecida-1965-300x176.jpg 300w, https:\/\/jornalcontato.com.br\/home\/wp-content\/uploads\/2022\/08\/fernanda-montenegro-a-falecida-1965-450x264.jpg 450w, https:\/\/jornalcontato.com.br\/home\/wp-content\/uploads\/2022\/08\/fernanda-montenegro-a-falecida-1965-768x450.jpg 768w, https:\/\/jornalcontato.com.br\/home\/wp-content\/uploads\/2022\/08\/fernanda-montenegro-a-falecida-1965.jpg 1024w\" sizes=\"auto, (max-width: 300px) 100vw, 300px\" \/><\/p>\n<p style=\"text-align: center;\"><em><strong>A musa de Sebe em 1965<\/strong><\/em><\/p>\n<p>Ah, sou dono de sonhos que nem os conto, por incont\u00e1veis (por favor, n\u00e3o deixem de consignar a polissemia do \u201ccontar\u201d). Esse meu caso \u00e9 t\u00e3o feiticeiro, mas t\u00e3o bruxo, que anula l\u00f3gicas temporais ou de espa\u00e7os. Nessa dem\u00eancia casti\u00e7a, tudo se torna presente e imediato, confundindo-me na dimens\u00e3o de mem\u00f3rias exc\u00eantricas, pontilhadas por af\u00e1veis vagabundeios. Assim, flanando, me coroo soberano de um reino de fantasias desatinadas, bel\u00edssimas, benditas, mas com sofreguid\u00f5es.<\/p>\n<p>C\u00e1 e l\u00e1 sigo segredando este meu caso e, juro, foi depois de uma dessas conversas que Vin\u00edcius se juntou a Tom Jobim concluindo, pensando em mim (ou em n\u00f3s), que \u201ctodo grande amor s\u00f3 \u00e9 bem grande se for triste\u201d. Acho que \u00e9 preciso detalhar minha ambiguidade, vamos l\u00e1: a agonia desse meu ardor est\u00e1 impregnada a tal ponto que Herivelto Martins e David Nasser cancionaram palavras que me esgotam em pedidos aos c\u00e9us \u201c(Fernanda) me deixe ao menos, por favor, pensar em Deus\u201d.<\/p>\n<p><img loading=\"lazy\" decoding=\"async\" class=\"alignnone size-medium wp-image-19941 aligncenter\" src=\"http:\/\/jornalcontato.com.br\/home\/wp-content\/uploads\/2022\/08\/Adoniran-Barbosa-232x300.jpeg\" alt=\"\" width=\"232\" height=\"300\" srcset=\"https:\/\/jornalcontato.com.br\/home\/wp-content\/uploads\/2022\/08\/Adoniran-Barbosa-232x300.jpeg 232w, https:\/\/jornalcontato.com.br\/home\/wp-content\/uploads\/2022\/08\/Adoniran-Barbosa-348x450.jpeg 348w, https:\/\/jornalcontato.com.br\/home\/wp-content\/uploads\/2022\/08\/Adoniran-Barbosa-768x994.jpeg 768w, https:\/\/jornalcontato.com.br\/home\/wp-content\/uploads\/2022\/08\/Adoniran-Barbosa.jpeg 1185w\" sizes=\"auto, (max-width: 232px) 100vw, 232px\" \/><\/p>\n<p style=\"text-align: center;\"><strong><em>O inesquec\u00edvel Adoniran: &#8220;fiz uma alian\u00e7a pra ela, prova de carinho&#8221;<\/em><\/strong><\/p>\n<p>Outro dia, creiam, por acaso ouvia os Dem\u00f4nios da Garoa e achei minguado o sacrif\u00edcio pontuado por Adoniran Barbosa declamando que \u201ccom a corda mi do meu cavaquinho, fiz uma alian\u00e7a pra ela, prova de carinho\u201d. Achei pouco. Dorival Caymmi me entendeu melhor ao cantar por mim que \u201cs\u00f3 louco amou como eu amei\u201d e nominou meu cora\u00e7\u00e3o \u201cinsensato\u201d, insistindo, c\u00famplice, que \u201cde amor para entender \u00e9 preciso amar\u201d. Agradeci.<\/p>\n<p>Sabe, parceiro mesmo, ombro amigo de verdade, foi Chico Buarque que me explicou revelando porque \u201crompi com o mundo, queimei meus navios\u201d e testemunhou minha suplica \u201c(Fernanda) me diga agora pra onde \u00e9 que posso ir?\u201d. Este meu caso \u00e9 de amor t\u00e3o \u00fanico que, afinal, verseja a diva com a perfei\u00e7\u00e3o antevista por Luiz Vieira depois de ouvir minhas loas \u201cvoc\u00ea \u00e9 isso, uma beleza imensa, toda recompensa de um amor sem fim\u201d. E n\u00e3o poderia ser de outro jeito, pois ela \u00e9 mesmo \u201cuma nuvem calma, no c\u00e9u de minh\u2019alma, \u00e9 ternura em mim\u201d.<\/p>\n<p><img loading=\"lazy\" decoding=\"async\" class=\"alignnone size-medium wp-image-19942 aligncenter\" src=\"http:\/\/jornalcontato.com.br\/home\/wp-content\/uploads\/2022\/08\/Feernanda-e-Mario-Lago-300x225.jpg\" alt=\"\" width=\"300\" height=\"225\" srcset=\"https:\/\/jornalcontato.com.br\/home\/wp-content\/uploads\/2022\/08\/Feernanda-e-Mario-Lago-300x225.jpg 300w, https:\/\/jornalcontato.com.br\/home\/wp-content\/uploads\/2022\/08\/Feernanda-e-Mario-Lago-450x338.jpg 450w, https:\/\/jornalcontato.com.br\/home\/wp-content\/uploads\/2022\/08\/Feernanda-e-Mario-Lago.jpg 620w\" sizes=\"auto, (max-width: 300px) 100vw, 300px\" \/><\/p>\n<p style=\"text-align: center;\"><em><strong>M\u00e1rio Lago: \u201ccovarde sei que me podem chamar&#8221;<\/strong><\/em><\/p>\n<p>Tudo junto na vulgaridade da rima \u201camor e dor\u201d. Sinto que serei compreendido por alguns leitores complacentes, sabedores da defesa que M\u00e1rio Lago fez de mim ao musicar \u201ccovarde sei que me podem chamar porque n\u00e3o calo no peito essa dor, atire a primeira pedra, ai, ai, aquele que n\u00e3o sofreu por amor\u201d e amarrou meu dilema garantindo \u201ceu sei que v\u00e3o censurar meu proceder&#8230; mas n\u00e3o faz mal, voc\u00ea (minha Fernanda) pode at\u00e9 sorrir\u201d, mas eu te pe\u00e7o querida, al\u00e9m do indulto desta declara\u00e7\u00e3o, deixe-me continuar te amando \u201cpor toda a minha vida\u201d&#8230;<\/p>\n","protected":false},"excerpt":{"rendered":"<p>Pronto, resolvi contar; decidi por tudo em pratos limpos. Sim, optei por fazer p\u00fablico o meu amor desbragado, agora incontido. E n\u00e3o poderia ser de &#8230;<\/p>\n","protected":false},"author":1,"featured_media":19943,"comment_status":"open","ping_status":"open","sticky":false,"template":"","format":"standard","meta":{"footnotes":""},"categories":[1],"tags":[],"class_list":["post-19939","post","type-post","status-publish","format-standard","has-post-thumbnail","hentry","category-nacional"],"_links":{"self":[{"href":"https:\/\/www.jornalcontato.com.br\/home\/index.php\/wp-json\/wp\/v2\/posts\/19939","targetHints":{"allow":["GET"]}}],"collection":[{"href":"https:\/\/www.jornalcontato.com.br\/home\/index.php\/wp-json\/wp\/v2\/posts"}],"about":[{"href":"https:\/\/www.jornalcontato.com.br\/home\/index.php\/wp-json\/wp\/v2\/types\/post"}],"author":[{"embeddable":true,"href":"https:\/\/www.jornalcontato.com.br\/home\/index.php\/wp-json\/wp\/v2\/users\/1"}],"replies":[{"embeddable":true,"href":"https:\/\/www.jornalcontato.com.br\/home\/index.php\/wp-json\/wp\/v2\/comments?post=19939"}],"version-history":[{"count":2,"href":"https:\/\/www.jornalcontato.com.br\/home\/index.php\/wp-json\/wp\/v2\/posts\/19939\/revisions"}],"predecessor-version":[{"id":19945,"href":"https:\/\/www.jornalcontato.com.br\/home\/index.php\/wp-json\/wp\/v2\/posts\/19939\/revisions\/19945"}],"wp:featuredmedia":[{"embeddable":true,"href":"https:\/\/www.jornalcontato.com.br\/home\/index.php\/wp-json\/wp\/v2\/media\/19943"}],"wp:attachment":[{"href":"https:\/\/www.jornalcontato.com.br\/home\/index.php\/wp-json\/wp\/v2\/media?parent=19939"}],"wp:term":[{"taxonomy":"category","embeddable":true,"href":"https:\/\/www.jornalcontato.com.br\/home\/index.php\/wp-json\/wp\/v2\/categories?post=19939"},{"taxonomy":"post_tag","embeddable":true,"href":"https:\/\/www.jornalcontato.com.br\/home\/index.php\/wp-json\/wp\/v2\/tags?post=19939"}],"curies":[{"name":"wp","href":"https:\/\/api.w.org\/{rel}","templated":true}]}}