{"id":19922,"date":"2022-08-13T23:35:37","date_gmt":"2022-08-14T02:35:37","guid":{"rendered":"http:\/\/www.jornalcontato.com.br\/home\/?p=19922"},"modified":"2022-08-14T08:15:55","modified_gmt":"2022-08-14T11:15:55","slug":"meu-pai-comendo-pipoca-num-estadio-de-futebol-jc-sebe-bom-meihy","status":"publish","type":"post","link":"https:\/\/www.jornalcontato.com.br\/home\/index.php\/meu-pai-comendo-pipoca-num-estadio-de-futebol-jc-sebe-bom-meihy\/","title":{"rendered":"MEU PAI COMENDO PIPOCA NUM EST\u00c1DIO DE FUTEBOL (JC Sebe Bom Meihy)"},"content":{"rendered":"<p>Confesso que me preparei bastante para esta cr\u00f4nica, muito mais do que para outras tantas. E emocionado. Muitos sabem que em meu calend\u00e1rio sentimental, al\u00e9m de algumas sinaliza\u00e7\u00f5es protocolares, h\u00e1 duas datas soberanas: Dia dos Pais e Dia dos Professores. E a cada ano na chegan\u00e7a do segundo domingo de agosto me pergunto o que mostrar.<\/p>\n<p>N\u00e3o se trata de concurso, mas vale questionar almejadas sobreposi\u00e7\u00f5es e nelas alguma carga de novidade. Imagino a fuga dos ponteiros que querem se liberar do destino dos rel\u00f3gios mesmo sabendo o roteiro fatal. Foi com tal certeza que, pensando em meu pai, busquei est\u00edmulos desdobrados de retalhos tang\u00edveis: reli anota\u00e7\u00f5es corridas com seu portugu\u00eas prec\u00e1rio; apontamentos atentos aos neg\u00f3cios; dois bilhetes escritos na correria da rotina trabalhosa, mas preocupado com meu estado de sa\u00fade; uns tantos cart\u00f5es postais que enviei a ele e muitas, muitas anota\u00e7\u00f5es de contas a pagar&#8230; Enfim, vasculhei at\u00e9 pontuar minha saudade em tr\u00eas fotos que articuladas me enterneceram. Juro, fiquei paralisado. Olhei com ternura maior e tentei relacion\u00e1-las na linhagem de uma hist\u00f3ria que se renova a cada vez que considero a vida de meu pai.<\/p>\n<p>E foi o que bastou: abriu-se um mundo de possibilidades reveladoras daquele homem especial, do ser valente, mas que nunca perdeu a alegria. Nunca. Papai cantava muito, contava casos como ningu\u00e9m e adorava fazer surpresas. Lembro-me de um dia comum em que ele apareceu na hora do almo\u00e7o com 9 convidados, jogadores de futebol do clube que ele amava. Minha m\u00e3e quase enlouquecia. Foi essa recorda\u00e7\u00e3o espec\u00edfica, ali\u00e1s que provocou a aproxima\u00e7\u00e3o das tr\u00eas fotos, de tr\u00eas momentos que explicam o encanto de meu pai.<\/p>\n<p><img loading=\"lazy\" decoding=\"async\" class=\"alignnone size-medium wp-image-19923 aligncenter\" src=\"http:\/\/jornalcontato.com.br\/home\/wp-content\/uploads\/2022\/08\/01-Sebe-217x300.jpg\" alt=\"\" width=\"217\" height=\"300\" srcset=\"https:\/\/jornalcontato.com.br\/home\/wp-content\/uploads\/2022\/08\/01-Sebe-217x300.jpg 217w, https:\/\/jornalcontato.com.br\/home\/wp-content\/uploads\/2022\/08\/01-Sebe.jpg 296w\" sizes=\"auto, (max-width: 217px) 100vw, 217px\" \/><\/p>\n<p style=\"text-align: center;\"><em><strong>Pai de JC Sebe na \u00e9poca em que embarcou sozinho em Beirute<\/strong><\/em><\/p>\n<p>A come\u00e7ar pela imagem dele, menino que na altura de seus 14 anos, sozinho, embarcou de Beirute para o Brasil onde tinha um tio, o \u00faltimo familiar que lhe mandou a passagem. A foto sisuda da \u201cCarteira 19\u201d, documento de emigra\u00e7\u00e3o, desmente outra, uma segunda, de 1937 quando se casou com minha m\u00e3e, ali\u00e1s resultado de um acordo familiar; explico-me: meu av\u00f4 materno, pai de 16 filhos, casava as mo\u00e7as por ordem de idade, e uma tia imediatamente mais crian\u00e7a estava comprometida com \u201cbom partido\u201d, condi\u00e7\u00e3o que exigia o enlace apressado de minha m\u00e3e.<\/p>\n<p><img loading=\"lazy\" decoding=\"async\" class=\"alignnone size-medium wp-image-19924 aligncenter\" src=\"http:\/\/jornalcontato.com.br\/home\/wp-content\/uploads\/2022\/08\/02-Sebe-228x300.jpg\" alt=\"\" width=\"228\" height=\"300\" srcset=\"https:\/\/jornalcontato.com.br\/home\/wp-content\/uploads\/2022\/08\/02-Sebe-228x300.jpg 228w, https:\/\/jornalcontato.com.br\/home\/wp-content\/uploads\/2022\/08\/02-Sebe-341x450.jpg 341w, https:\/\/jornalcontato.com.br\/home\/wp-content\/uploads\/2022\/08\/02-Sebe.jpg 349w\" sizes=\"auto, (max-width: 228px) 100vw, 228px\" \/><\/p>\n<p style=\"text-align: center;\"><em><strong>Casamento dos pais de Mestre Sebe em 1937<\/strong><\/em><\/p>\n<p>Meu pai, jovem muito bonito quando chegou ao Rio de Janeiro, foi morar na bo\u00eamia Lapa, logo foi \u201cadotado\u201d por mo\u00e7oilas que defendiam a vida \u201ccantando e bordando\u201d. O tal Tio Habib, caixeiro viajante, tratou de solucionar o problema arranjando casamento com a mo\u00e7a, minha m\u00e3e. Para a boda, ele esmerou-se e com roupa emprestada, apareceu elegante para o cas\u00f3rio mesmo tendo conhecido mam\u00e3e \u00e0s v\u00e9speras do casamento. Na foto, em sua m\u00e3o esquerda um perturbador par de luvas. E posou lindamente. Em termos afetivos, diga-se, segundo a melhor tradi\u00e7\u00e3o \u00e1rabe, tudo derivava de um mantra repetido por minha av\u00f3 materna que viva repetindo: casa e depois gosta. Aconteceu!<\/p>\n<p>Como estrat\u00e9gia, era comum aos libaneses crist\u00e3os distribuir filhos por cidades pr\u00f3ximas. E assim os irm\u00e3os de minha m\u00e3e se espalharam pelo Vale do Para\u00edba Paulista. Havia um substrato econ\u00f4mico por traz dessa estrat\u00e9gia: abrir lojas que seriam abastecidas por compras centralizadas nos neg\u00f3cios do patriarca. Foi desse jeito que meu pai se tornou comerciante em Taubat\u00e9, SP. E bom comerciante, pois logo da venda de tecidos e armarinhos e para neg\u00f3cios com hot\u00e9is.<\/p>\n<p style=\"text-align: center;\"><img loading=\"lazy\" decoding=\"async\" class=\"alignnone size-medium wp-image-19925\" src=\"http:\/\/jornalcontato.com.br\/home\/wp-content\/uploads\/2022\/08\/03-Sebe-300x175.jpg\" alt=\"\" width=\"300\" height=\"175\" srcset=\"https:\/\/jornalcontato.com.br\/home\/wp-content\/uploads\/2022\/08\/03-Sebe-300x175.jpg 300w, https:\/\/jornalcontato.com.br\/home\/wp-content\/uploads\/2022\/08\/03-Sebe-450x263.jpg 450w, https:\/\/jornalcontato.com.br\/home\/wp-content\/uploads\/2022\/08\/03-Sebe-768x448.jpg 768w, https:\/\/jornalcontato.com.br\/home\/wp-content\/uploads\/2022\/08\/03-Sebe.jpg 994w\" sizes=\"auto, (max-width: 300px) 100vw, 300px\" \/> <img loading=\"lazy\" decoding=\"async\" class=\"alignnone size-medium wp-image-19926\" src=\"http:\/\/jornalcontato.com.br\/home\/wp-content\/uploads\/2022\/08\/04-Sebe.jpg\" alt=\"\" width=\"165\" height=\"159\" \/><\/p>\n<p style=\"text-align: center;\"><em><strong>Pai e filho no meio da torcida do Esporte Clube Taubat\u00e9<\/strong><\/em><\/p>\n<p>Por l\u00f3gico outras fotos poderiam mediar esta epopeia, mas a s\u00edntese de tudo se transparece em um flagrante dele, perfeitamente integrado a um grupo de torcedores na arquibancada do Esporte Clube Taubat\u00e9. E garboso, em seu terno escuro, com inef\u00e1vel sorriso, como se fosse o centro da foto, ele comia pipoca. Diria que para qualquer observador a foto pode parecer corriqueira, mas para mim&#8230; E n\u00e3o h\u00e1 como deixar de me emocionar vendo aquele ser t\u00e3o cheio de hist\u00f3rias, entregando-se lindamente \u00e0 um momento prosaico. Olhei mil vezes para aquela imagem. Viajei na hist\u00f3ria e rolou uma l\u00e1grima, duas, tr\u00eas&#8230; Saudade de meu pai.<\/p>\n<p>Saudade do\u00edda, mas linda. Papai comendo pipoca num est\u00e1dio de futebol. \u00d4 vida&#8230;<\/p>\n","protected":false},"excerpt":{"rendered":"<p>Confesso que me preparei bastante para esta cr\u00f4nica, muito mais do que para outras tantas. E emocionado. Muitos sabem que em meu calend\u00e1rio sentimental, al\u00e9m &#8230;<\/p>\n","protected":false},"author":1,"featured_media":19927,"comment_status":"open","ping_status":"open","sticky":false,"template":"","format":"standard","meta":{"footnotes":""},"categories":[1],"tags":[],"class_list":["post-19922","post","type-post","status-publish","format-standard","has-post-thumbnail","hentry","category-nacional"],"_links":{"self":[{"href":"https:\/\/www.jornalcontato.com.br\/home\/index.php\/wp-json\/wp\/v2\/posts\/19922","targetHints":{"allow":["GET"]}}],"collection":[{"href":"https:\/\/www.jornalcontato.com.br\/home\/index.php\/wp-json\/wp\/v2\/posts"}],"about":[{"href":"https:\/\/www.jornalcontato.com.br\/home\/index.php\/wp-json\/wp\/v2\/types\/post"}],"author":[{"embeddable":true,"href":"https:\/\/www.jornalcontato.com.br\/home\/index.php\/wp-json\/wp\/v2\/users\/1"}],"replies":[{"embeddable":true,"href":"https:\/\/www.jornalcontato.com.br\/home\/index.php\/wp-json\/wp\/v2\/comments?post=19922"}],"version-history":[{"count":3,"href":"https:\/\/www.jornalcontato.com.br\/home\/index.php\/wp-json\/wp\/v2\/posts\/19922\/revisions"}],"predecessor-version":[{"id":19930,"href":"https:\/\/www.jornalcontato.com.br\/home\/index.php\/wp-json\/wp\/v2\/posts\/19922\/revisions\/19930"}],"wp:featuredmedia":[{"embeddable":true,"href":"https:\/\/www.jornalcontato.com.br\/home\/index.php\/wp-json\/wp\/v2\/media\/19927"}],"wp:attachment":[{"href":"https:\/\/www.jornalcontato.com.br\/home\/index.php\/wp-json\/wp\/v2\/media?parent=19922"}],"wp:term":[{"taxonomy":"category","embeddable":true,"href":"https:\/\/www.jornalcontato.com.br\/home\/index.php\/wp-json\/wp\/v2\/categories?post=19922"},{"taxonomy":"post_tag","embeddable":true,"href":"https:\/\/www.jornalcontato.com.br\/home\/index.php\/wp-json\/wp\/v2\/tags?post=19922"}],"curies":[{"name":"wp","href":"https:\/\/api.w.org\/{rel}","templated":true}]}}