{"id":19898,"date":"2022-07-31T08:21:19","date_gmt":"2022-07-31T11:21:19","guid":{"rendered":"http:\/\/www.jornalcontato.com.br\/home\/?p=19898"},"modified":"2022-07-31T13:02:38","modified_gmt":"2022-07-31T16:02:38","slug":"a-nova-caverna-de-platao-lugar-de-fala-x-direito-de-fala-jc-sebe-bom-meihy","status":"publish","type":"post","link":"https:\/\/www.jornalcontato.com.br\/home\/index.php\/a-nova-caverna-de-platao-lugar-de-fala-x-direito-de-fala-jc-sebe-bom-meihy\/","title":{"rendered":"A NOVA CAVERNA DE PLAT\u00c3O:  \u201cLUGAR DE FALA\u201d X \u201cDIREITO DE FALA\u201d (JC Sebe Bom Meihy)"},"content":{"rendered":"<p>Tomemos como ponto partida o pressuposto terraplanista. \u00c9 espantoso, mas h\u00e1 no Planeta cerca de 11 milh\u00f5es de pessoas que acreditam que a Terra \u00e9 fixa e&#8230; plana. Deste total, 7% de brasileiros se incluem nessa lista. H\u00e1 casos mais consequentes como a difus\u00e3o dos efeitos \u201cmilagrosos\u201d da cloroquina e de princ\u00edpios ativos correlatos que, infelizmente, retardaram a vacina\u00e7\u00e3o. Nesse quesito, ali\u00e1s, conv\u00e9m lembrar que dos cerca de 680 mil mortos na onda da Covid19, muitos teriam sido salvos \u2013 o epidemiologista Pedro Hallal diz que 1 em cada 5 vidas.<\/p>\n<p>A par de tantos del\u00edrios infundados, \u00e9 preciso constar que os meios eletr\u00f4nicos permitiram disseminar \u201cnot\u00edcias\u201d que, afinal, t\u00eam tudo a ver com o posicionamento de grupos talhados por messianismos desprovidos de qualidade cient\u00edfica. Qualquer avalia\u00e7\u00e3o dessas pr\u00e1ticas exige fundamentos cr\u00edticos capazes de dar musculatura ao conhecimento elaborado, melhor rem\u00e9dio contra a ignor\u00e2ncia espont\u00e2nea. Mas n\u00e3o basta constatar. Valhamos da cr\u00edtica filos\u00f3fica para medir a trajet\u00f3ria deste fen\u00f4meno nefasto que atinge tamb\u00e9m o conhecimento hist\u00f3rico.<\/p>\n<p><img loading=\"lazy\" decoding=\"async\" class=\"alignnone size-medium wp-image-19899 aligncenter\" src=\"http:\/\/jornalcontato.com.br\/home\/wp-content\/uploads\/2022\/07\/Humberto-Eco-300x225.jpg\" alt=\"\" width=\"300\" height=\"225\" srcset=\"https:\/\/jornalcontato.com.br\/home\/wp-content\/uploads\/2022\/07\/Humberto-Eco-300x225.jpg 300w, https:\/\/jornalcontato.com.br\/home\/wp-content\/uploads\/2022\/07\/Humberto-Eco-450x338.jpg 450w, https:\/\/jornalcontato.com.br\/home\/wp-content\/uploads\/2022\/07\/Humberto-Eco.jpg 620w\" sizes=\"auto, (max-width: 300px) 100vw, 300px\" \/><\/p>\n<p style=\"text-align: center;\"><em><strong>Para Humberto Eco, as redes sociais d\u00e3o &#8220;voz a uma legi\u00e3o de imbecis&#8221;<\/strong><\/em><\/p>\n<p>Pautemos o reconhecimento da dissemina\u00e7\u00e3o de falsas informa\u00e7\u00f5es nas linhas do amplo direito \u00e0 opini\u00e3o, facilitada pelas conquistas eletr\u00f4nicas. Levando-se em conta tais fatores, o fil\u00f3logo italiano, Umberto Eco, declarou que as redes sociais d\u00e3o \u201cvoz a uma legi\u00e3o de imbecis\u201d que, antes, n\u00e3o exerciam poder alargado, apenas afetando companheiros de copo e vizinhos menos avisados.<\/p>\n<p>Foi pensando nisso que me veio \u00e0 cabe\u00e7a a alegoria proposta no texto \u201cA Caverna de Plat\u00e3o\u201d, constante d\u2019A Rep\u00fablica que, ali\u00e1s, versa sobre o governo desej\u00e1vel a um estado ideal. O que entra em pauta na fabula\u00e7\u00e3o proposta pelo pensador grego \u00e9 a percep\u00e7\u00e3o alterada da realidade. Integram o caso alguns habitantes que, situados no interior de uma gruta escura, viriam sombras fantasmag\u00f3ricas projetadas de fora para dentro. Mesmo desfigurados, tais contornos dariam sentido \u00e0s percep\u00e7\u00f5es explic\u00e1veis a partir dos lugares e posi\u00e7\u00f5es dos participantes no interior da cava.<\/p>\n<p>O que mais chama a aten\u00e7\u00e3o nesse mito \u00e9 o sentido do senso comum em oposi\u00e7\u00e3o ao conhecimento da realidade iluminada pelo fogo da realidade. Pelo reverso, o termo \u201cdoxa\u201d, em grego, corresponde ao atilamento sens\u00edvel, desprovido de fundamentos demostr\u00e1veis ou filtrados por cr\u00edticas continuadas, longe de alicerces racionais previamente exercitados. \u201cDoxa\u201d e \u201cepisteme\u201d pois se op\u00f5em, diferenciando o que \u00e9 instintivo do teoricamente constru\u00eddo. No interior escuro, cren\u00e7as e defesas inconsistentes ganham foros de verdade, sem deixar espa\u00e7os para outras l\u00f3gicas. E ent\u00e3o tudo se justificaria por \u201cpontos de vista\u201d, \u201cesta \u00e9 minha opini\u00e3o\u201d ou \u201ccada um tem a sua vers\u00e3o dos fatos\u201d. A s\u00edntese desse clamor resulta na simplifica\u00e7\u00e3o do debate que, afinal, abona o negacionismo e manda para o vazio a \u00e1rdua labora\u00e7\u00e3o cient\u00edfica.<\/p>\n<p><img loading=\"lazy\" decoding=\"async\" class=\"alignnone size-medium wp-image-19900 aligncenter\" src=\"http:\/\/jornalcontato.com.br\/home\/wp-content\/uploads\/2022\/07\/Platao-300x150.jpg\" alt=\"\" width=\"300\" height=\"150\" srcset=\"https:\/\/jornalcontato.com.br\/home\/wp-content\/uploads\/2022\/07\/Platao-300x150.jpg 300w, https:\/\/jornalcontato.com.br\/home\/wp-content\/uploads\/2022\/07\/Platao-450x225.jpg 450w, https:\/\/jornalcontato.com.br\/home\/wp-content\/uploads\/2022\/07\/Platao.jpg 600w\" sizes=\"auto, (max-width: 300px) 100vw, 300px\" \/><\/p>\n<p style=\"text-align: center;\"><em><strong>Caverna, de Plat\u00e3o, versa sobre o governo desej\u00e1vel a um estado ideal<\/strong><\/em><\/p>\n<p>O distanciamento da luz &#8211; ou da ci\u00eancia &#8211; favorece express\u00f5es simplistas que partem de assun\u00e7\u00f5es essencialistas, imediatas, particularizadoras de situa\u00e7\u00f5es questionadas no conjunto.<\/p>\n<p>Anulando sequ\u00eancias universalizantes e integradas, o \u201clugar social\u201d de quem v\u00ea sem conhecimento imputa disputas e prop\u00f5em substitui\u00e7\u00f5es de lugares. Ao fim, a busca\u00a0obscurecida por defini\u00e7\u00f5es pr\u00f3prias de cada encavernado, sem di\u00e1logos com a carga do\u00a0passado, acaba por descosturar-se do conjunto e reivindicar outras irmandades, destitu\u00eddas de diferen\u00e7as. E tudo resta presentificado, defensivo como se n\u00e3o houvesse linhagens din\u00e2micas.<\/p>\n<p>Perten\u00e7o ao grupo favor\u00e1vel \u00e0 leg\u00edtima integra\u00e7\u00e3o cidad\u00e3, e com tantos reconhe\u00e7o, sem pestanejar, a lament\u00e1vel exclus\u00e3o hist\u00f3rica de ind\u00edgenas e negros, mas em vez de assegurar que a solu\u00e7\u00e3o est\u00e1 na garantia do \u201clugar de fala\u201d, prefiro admitir algo mais abrangente e digno, o \u201cdireito de fala\u201d. Sim, todos \u2013 todos sem distin\u00e7\u00e3o \u2013 devem ter direito para se explicar e assim se estabelecer. A alternativa de tal direito derivaria de pol\u00edticas p\u00fablicas capazes de garantir Educa\u00e7\u00e3o de qualidade para qualquer um, sem exce\u00e7\u00e3o. \u00c9 nesta perspectiva polif\u00f4nica que reconhe\u00e7o a import\u00e2ncia e legitimidade das cotas s\u00f3cio raciais e do incentivo \u00e0 participa\u00e7\u00e3o dos desfavorecidos historicamente. \u00c9 a\u00ed que aposto no \u201cdireito de fala\u201d em vez de \u201clugares essencializados\u201d.<\/p>\n<p>Porque acredita-se em di\u00e1logo efetivo, democr\u00e1tico, instru\u00eddo na diferen\u00e7a ineg\u00e1vel, cultural e cientificamente garantido, advoga-se um plano de Educa\u00e7\u00e3o p\u00fablica ampl\u00edssimo, geral e irrestrito, um verdadeiro projeto de futuro. E nesse (poss\u00edvel?) programa seria garantido a participa\u00e7\u00e3o com dosagem favor\u00e1vel aos menos protegidos historicamente. Direito, sem vitimiza\u00e7\u00e3o. Essa \u00e9 a \u00fanica forma de garantir corre\u00e7\u00f5es ao essencialismo proposto por celebridades instant\u00e2neas e corrigir propostas causadoras de dicotomias absurdas, escondidas em ilus\u00f3rios esquemas identit\u00e1rios. Que se discuta abertamente o \u201cdireito de fala\u201d, com espa\u00e7o inclusive e principalmente para quantos podem sair de dentro de cavernas escuras.<\/p>\n","protected":false},"excerpt":{"rendered":"<p>Tomemos como ponto partida o pressuposto terraplanista. \u00c9 espantoso, mas h\u00e1 no Planeta cerca de 11 milh\u00f5es de pessoas que acreditam que a Terra \u00e9 &#8230;<\/p>\n","protected":false},"author":1,"featured_media":19901,"comment_status":"open","ping_status":"open","sticky":false,"template":"","format":"standard","meta":{"footnotes":""},"categories":[1],"tags":[],"class_list":["post-19898","post","type-post","status-publish","format-standard","has-post-thumbnail","hentry","category-nacional"],"_links":{"self":[{"href":"https:\/\/www.jornalcontato.com.br\/home\/index.php\/wp-json\/wp\/v2\/posts\/19898","targetHints":{"allow":["GET"]}}],"collection":[{"href":"https:\/\/www.jornalcontato.com.br\/home\/index.php\/wp-json\/wp\/v2\/posts"}],"about":[{"href":"https:\/\/www.jornalcontato.com.br\/home\/index.php\/wp-json\/wp\/v2\/types\/post"}],"author":[{"embeddable":true,"href":"https:\/\/www.jornalcontato.com.br\/home\/index.php\/wp-json\/wp\/v2\/users\/1"}],"replies":[{"embeddable":true,"href":"https:\/\/www.jornalcontato.com.br\/home\/index.php\/wp-json\/wp\/v2\/comments?post=19898"}],"version-history":[{"count":4,"href":"https:\/\/www.jornalcontato.com.br\/home\/index.php\/wp-json\/wp\/v2\/posts\/19898\/revisions"}],"predecessor-version":[{"id":19907,"href":"https:\/\/www.jornalcontato.com.br\/home\/index.php\/wp-json\/wp\/v2\/posts\/19898\/revisions\/19907"}],"wp:featuredmedia":[{"embeddable":true,"href":"https:\/\/www.jornalcontato.com.br\/home\/index.php\/wp-json\/wp\/v2\/media\/19901"}],"wp:attachment":[{"href":"https:\/\/www.jornalcontato.com.br\/home\/index.php\/wp-json\/wp\/v2\/media?parent=19898"}],"wp:term":[{"taxonomy":"category","embeddable":true,"href":"https:\/\/www.jornalcontato.com.br\/home\/index.php\/wp-json\/wp\/v2\/categories?post=19898"},{"taxonomy":"post_tag","embeddable":true,"href":"https:\/\/www.jornalcontato.com.br\/home\/index.php\/wp-json\/wp\/v2\/tags?post=19898"}],"curies":[{"name":"wp","href":"https:\/\/api.w.org\/{rel}","templated":true}]}}