{"id":19890,"date":"2022-07-29T02:39:08","date_gmt":"2022-07-29T05:39:08","guid":{"rendered":"http:\/\/www.jornalcontato.com.br\/home\/?p=19890"},"modified":"2022-07-29T03:02:39","modified_gmt":"2022-07-29T06:02:39","slug":"bolsonaro-a-beira-do-abismo-paulo-de-tarso","status":"publish","type":"post","link":"https:\/\/www.jornalcontato.com.br\/home\/index.php\/bolsonaro-a-beira-do-abismo-paulo-de-tarso\/","title":{"rendered":"Bolsonaro \u00e0 beira do abismo (Paulo de Tarso)"},"content":{"rendered":"<p style=\"text-align: center;\"><strong><em>Pesquisa do Data Folha \u2013 Lula 47 % X Bolsonaro 29 %\u00a0 e Ciro com 8 % &#8211; ajuda a entender o que mudou no cen\u00e1rio pol\u00edtico de 2018 com o de 2022<\/em><\/strong><\/p>\n<p>\u00c0 primeira vista, quase nada mudou. Lula, ex-dirigente sindical e ex-presidente da Rep\u00fablica foi preso e condenado. Teve o julgamento anulado pelo STF por causa das falcatruas cometidas pelo ent\u00e3o juiz federal S\u00e9rgio Moro e sua equipe de procuradores na Opera\u00e7\u00e3o Lava Jato. Mas nunca teve coragem e honestidade para fazer autocr\u00edtica dos crimes cometidos em seu governo.<\/p>\n<p>Bolsonaro mudou. Ou melhor, se revelou e mostrou o verdadeiro personagem de 2018. Foi candidato por absoluta falta de op\u00e7\u00e3o pol\u00edtica nos setores mais conservadores e reacion\u00e1rios da sociedade. Sua carreira militar foi um desastre. Gostava de confus\u00e3o. Em 1986, deu uma entrevista \u00e0 rep\u00f3rter C\u00e1ssia Maria da revista Veja e acabou revelando os planos para executar atentados a quart\u00e9is do Ex\u00e9rcito. E entregou \u00e0 rep\u00f3rter um croqui manuscrito com detalhes do planejado. Foi preso, processado e expulso das fileiras militares. Na inst\u00e2ncia superior, por\u00e9m, a corte o \u201cabsolveu\u201d, seguindo a orienta\u00e7\u00e3o dos seus superiores que haviam feito um acordo com o capit\u00e3o para evitar a desmoraliza\u00e7\u00e3o do Ex\u00e9rcito. Bolsonaro foi reformado sem promo\u00e7\u00e3o, os sal\u00e1rios mantidos, mas foi proibido de se aproximar dos quart\u00e9is.<\/p>\n<p><img loading=\"lazy\" decoding=\"async\" class=\"alignnone size-medium wp-image-19892 aligncenter\" src=\"http:\/\/jornalcontato.com.br\/home\/wp-content\/uploads\/2022\/07\/Grafico-285x300.jpg\" alt=\"\" width=\"285\" height=\"300\" srcset=\"https:\/\/jornalcontato.com.br\/home\/wp-content\/uploads\/2022\/07\/Grafico-285x300.jpg 285w, https:\/\/jornalcontato.com.br\/home\/wp-content\/uploads\/2022\/07\/Grafico-427x450.jpg 427w, https:\/\/jornalcontato.com.br\/home\/wp-content\/uploads\/2022\/07\/Grafico.jpg 539w\" sizes=\"auto, (max-width: 285px) 100vw, 285px\" \/><\/p>\n<p style=\"text-align: center;\"><em><strong>Lula mant\u00e9m a dianteira a dois meses do primeiro turno<\/strong><\/em><\/p>\n<p>Assim come\u00e7ou a carreira pol\u00edtica de Bolsonaro.<\/p>\n<p>Eleito para o Legislativo por sete mandatos n\u00e3o deixou qualquer registro de proposta ou atividade parlamentar de alguma signific\u00e2ncia. Limitou-se a usar o microfone para defender a ditadura militar (1964\/1985) e renomados carrascos como o coronel Brilhante Ustra, j\u00e1 falecido, \u00fanico militar daquele per\u00edodo condenado por tortura.<\/p>\n<p>Bolsonaro fazia parte do baixo clero parlamentar. Um ilustre desconhecido, salvo o estado do Rio de Janeiro. Mas seus filhos tiveram forma\u00e7\u00e3o pol\u00edtico-ideol\u00f3gica, especialmente Eduardo, o Zero 3, eleito deputado federal por S\u00e3o Paulo com a maior vota\u00e7\u00e3o parlamentar de nossa hist\u00f3ria. Ele passou temporadas nos EUA e se aproximou de Steve Bannon nos idos de 2014. Bannon foi o estrategista de Donald Trump que trouxe para a pol\u00edtica eleitoral o emprego de ofensivas cognitivas desenvolvidas por centros militares norte-americanos. Essa foi uma das ferramentas contribu\u00edram para eleger Bolsonaro em 2018 e estreitar suas rela\u00e7\u00f5es com Trump.<\/p>\n<p><img loading=\"lazy\" decoding=\"async\" class=\"alignnone size-medium wp-image-19891 aligncenter\" src=\"http:\/\/jornalcontato.com.br\/home\/wp-content\/uploads\/2022\/07\/Lula-vence-primeiro-turno-300x177.jpg\" alt=\"\" width=\"300\" height=\"177\" srcset=\"https:\/\/jornalcontato.com.br\/home\/wp-content\/uploads\/2022\/07\/Lula-vence-primeiro-turno-300x177.jpg 300w, https:\/\/jornalcontato.com.br\/home\/wp-content\/uploads\/2022\/07\/Lula-vence-primeiro-turno-450x265.jpg 450w, https:\/\/jornalcontato.com.br\/home\/wp-content\/uploads\/2022\/07\/Lula-vence-primeiro-turno.jpg 640w\" sizes=\"auto, (max-width: 300px) 100vw, 300px\" \/><\/p>\n<p style=\"text-align: center;\"><em><strong>Hoje, Lula venceria venceria no 1\u00ba turno<\/strong><\/em><\/p>\n<p>Em 2018, a direita conservadora e reacion\u00e1ria n\u00e3o tinha nenhum nome expressivo para disputar a elei\u00e7\u00e3o presidencial. Em setembro o ent\u00e3o candidato sofreu uma facada no est\u00f4mago em Juiz de Fora, MG. Foi o in\u00edcio o per\u00edodo, na minha opini\u00e3o, fundamental para a vit\u00f3ria eleitoral: Bolsonaro n\u00e3o participou dos debates. O ilustre desconhecido nacional que dispunha apenas de alguns segundos na TV passou a dispor de 24 horas por dia em todas as m\u00eddias nacionais. Como v\u00edtima, tornou-se muito conhecido enquanto Lula cozinhava em fogo brando a indica\u00e7\u00e3o de Fernando Haddad, outro ilustre desconhecido fora de S\u00e3o Paulo.<\/p>\n<p>Vitimiza\u00e7\u00e3o costuma render votos por uma raz\u00e3o muito simples: o brasileiro \u00e9 muito sens\u00edvel e solid\u00e1rio com quem sofre algum ataque covarde. Foi o que aconteceu com Bolsonaro. Em contrapartida, era muito superficial o conhecimento do candidato v\u00edtima da covarde facada.<\/p>\n<p>Por outro lado, prevalecia o clima antipetista alimentado por den\u00fancias de corrup\u00e7\u00e3o que atingiram importantes pr\u00f3ceres petistas como o pr\u00f3prio Lula. Bolsonaro, a v\u00edtima, pensou que havia descoberto uma f\u00f3rmula imbat\u00edvel para vencer o confronto eleitoral. Eleito, tentou criar uma imagem de v\u00edtima do sistema e institui\u00e7\u00f5es como o STF, que deu poderes aos prefeitos e governadores durante a pandemia e que tamb\u00e9m o investiga; dos procuradores que perseguem seus filhos; confessou at\u00e9 que \u00e9 v\u00edtima da equipe econ\u00f4mica e da pr\u00f3pria Petrobras, que j\u00e1 trocou tr\u00eas presidentes. E por a\u00ed vai.<\/p>\n<p><img loading=\"lazy\" decoding=\"async\" class=\"alignnone size-medium wp-image-19893 aligncenter\" src=\"http:\/\/jornalcontato.com.br\/home\/wp-content\/uploads\/2022\/07\/Rejeicao-Lula-e-Bozo-300x228.jpg\" alt=\"\" width=\"300\" height=\"228\" srcset=\"https:\/\/jornalcontato.com.br\/home\/wp-content\/uploads\/2022\/07\/Rejeicao-Lula-e-Bozo-300x228.jpg 300w, https:\/\/jornalcontato.com.br\/home\/wp-content\/uploads\/2022\/07\/Rejeicao-Lula-e-Bozo-450x342.jpg 450w, https:\/\/jornalcontato.com.br\/home\/wp-content\/uploads\/2022\/07\/Rejeicao-Lula-e-Bozo.jpg 741w\" sizes=\"auto, (max-width: 300px) 100vw, 300px\" \/><\/p>\n<p style=\"text-align: center;\"><em><strong>O \u00edndice de rejei\u00e7\u00e3o de Bolsonaro poder\u00e1 ser fatal<\/strong><\/em><\/p>\n<p>Esse discurso cansou. S\u00f3 os mais fan\u00e1ticos que cantam, dan\u00e7am e andam de motocicletas permanecem dentro da bolha onde se encontram confinados. Para tentar explicar o desempenho med\u00edocre nas pesquisas eleitorais, criaram o Data Povo onde o \u201cpovo nas ruas\u201d s\u00e3o pesquisas mais consistentes. Mas as pesquisas mostravam os riscos de uma derrota acachapante.<\/p>\n<p style=\"text-align: left;\">\u00a0\u00a0\u00a0\u00a0\u00a0\u00a0\u00a0\u00a0\u00a0\u00a0\u00a0 O tempo passava e nada mudava. Na quinta-feira, 28 de julho, a dois meses das elei\u00e7\u00f5es, o Data Folha apresentou os resultados da pesquisa realizada nos dias 27 e 28: Lula 47 %, Bolsonaro 29 % e Ciro 8 %. Tudo continua na mesma. Ou seja, muito provavelmente a elei\u00e7\u00e3o ser\u00e1 decidida no primeiro turno. Nos bastidores da campanha, cogita-se criar a figura do senador vital\u00edcio para abrigar e proteger Bolsonaro abandonado por todos, at\u00e9 mesmo por seus pares fardados, arrependidos com a escolha feita em 2018.<\/p>\n","protected":false},"excerpt":{"rendered":"<p>Pesquisa do Data Folha \u2013 Lula 47 % X Bolsonaro 29 %\u00a0 e Ciro com 8 % &#8211; ajuda a entender o que mudou no &#8230;<\/p>\n","protected":false},"author":1,"featured_media":19896,"comment_status":"open","ping_status":"open","sticky":false,"template":"","format":"standard","meta":{"footnotes":""},"categories":[1],"tags":[],"class_list":["post-19890","post","type-post","status-publish","format-standard","has-post-thumbnail","hentry","category-nacional"],"_links":{"self":[{"href":"https:\/\/www.jornalcontato.com.br\/home\/index.php\/wp-json\/wp\/v2\/posts\/19890","targetHints":{"allow":["GET"]}}],"collection":[{"href":"https:\/\/www.jornalcontato.com.br\/home\/index.php\/wp-json\/wp\/v2\/posts"}],"about":[{"href":"https:\/\/www.jornalcontato.com.br\/home\/index.php\/wp-json\/wp\/v2\/types\/post"}],"author":[{"embeddable":true,"href":"https:\/\/www.jornalcontato.com.br\/home\/index.php\/wp-json\/wp\/v2\/users\/1"}],"replies":[{"embeddable":true,"href":"https:\/\/www.jornalcontato.com.br\/home\/index.php\/wp-json\/wp\/v2\/comments?post=19890"}],"version-history":[{"count":1,"href":"https:\/\/www.jornalcontato.com.br\/home\/index.php\/wp-json\/wp\/v2\/posts\/19890\/revisions"}],"predecessor-version":[{"id":19895,"href":"https:\/\/www.jornalcontato.com.br\/home\/index.php\/wp-json\/wp\/v2\/posts\/19890\/revisions\/19895"}],"wp:featuredmedia":[{"embeddable":true,"href":"https:\/\/www.jornalcontato.com.br\/home\/index.php\/wp-json\/wp\/v2\/media\/19896"}],"wp:attachment":[{"href":"https:\/\/www.jornalcontato.com.br\/home\/index.php\/wp-json\/wp\/v2\/media?parent=19890"}],"wp:term":[{"taxonomy":"category","embeddable":true,"href":"https:\/\/www.jornalcontato.com.br\/home\/index.php\/wp-json\/wp\/v2\/categories?post=19890"},{"taxonomy":"post_tag","embeddable":true,"href":"https:\/\/www.jornalcontato.com.br\/home\/index.php\/wp-json\/wp\/v2\/tags?post=19890"}],"curies":[{"name":"wp","href":"https:\/\/api.w.org\/{rel}","templated":true}]}}