{"id":19787,"date":"2022-05-31T13:39:51","date_gmt":"2022-05-31T16:39:51","guid":{"rendered":"http:\/\/www.jornalcontato.com.br\/home\/?p=19787"},"modified":"2022-05-31T13:39:51","modified_gmt":"2022-05-31T16:39:51","slug":"guedes-fortalecido-carlos-andreazza-oglobo","status":"publish","type":"post","link":"https:\/\/www.jornalcontato.com.br\/home\/index.php\/guedes-fortalecido-carlos-andreazza-oglobo\/","title":{"rendered":"Guedes fortalecido (Carlos Andreazza &#8211; OGlobo)"},"content":{"rendered":"<p>Paulo Guedes n\u00e3o chega fortalecido \u00e0 reta final do governo Bolsonaro por haver imposto suas ideias \u2014 na hip\u00f3tese de que as palestras motivacionais contivessem algo de programa econ\u00f4mico. Nem no mercado o levam a s\u00e9rio. Guedes vai ora forte porque, na hip\u00f3tese de que houvesse alguma resist\u00eancia sua \u00e0 entrega do Or\u00e7amento para Ciro Nogueira e Lira Boys, aderiu absolutamente \u2014 ou melhor, sem mais fingimento \u2014 ao projeto gastador pela reelei\u00e7\u00e3o do chefe.<\/p>\n<p>Veja-se a Petrobras. O que se faz ali expressa esse movimento. Bolsonaro n\u00e3o est\u00e1 preocupado com a maneira como a empresa forma pre\u00e7o. Quer que o pre\u00e7o n\u00e3o suba at\u00e9 a elei\u00e7\u00e3o. Quer um jeito. Jeitinho. Ponto. E ent\u00e3o ascende Guedes, de s\u00fabito prestigiado. Clara Nunes cantaria que, para subir, o ministro desceu. Desceu mais. Guedes como agente interventor numa companhia de capital aberto. Suas crias liberais v\u00eam para segurar o pre\u00e7o dos combust\u00edveis. N\u00e3o mexer\u00e3o no estatuto da petroleira nem no PPI. A m\u00e3o grande pesa na figura de um puxadinho.<\/p>\n<p>Enrolar, ganhar tempo; explorando at\u00e9, esticando ao m\u00e1ximo, o prazo para formaliza\u00e7\u00e3o do novo presidente da Petrobras. Quarenta e cinco, talvez 60 dias. Tudo paralisado, Conselho atual deslegitimado, diretoria pendurada. Nada ocorre. N\u00e3o se bole em pre\u00e7o. E depois, posto o Caio da vez, empurrar: represar pre\u00e7o \u2014 mais 100, 120 dias \u2014 para que a corre\u00e7\u00e3o s\u00f3 bata nas bombas, a\u00ed como enchente, depois das elei\u00e7\u00f5es. Essa \u00e9 a ideia.<\/p>\n<p>A isso se presta Guedes, bra\u00e7o de Bolsonaro num processo que reproduz, na Petrobras, o mesmo a que fora submetido o Minist\u00e9rio da Sa\u00fade no auge da pandemia. Trocas e trocas, de luna em luna, at\u00e9 que a superf\u00edcie \u2014 minist\u00e9rio ou petroleira \u2014 converta-se em Bolsonaro, caio vindo, caio caindo. Trocas e trocas e trocas at\u00e9 que se normalize o presidente da Rep\u00fablica derrubar, num intervalo de 40 dias, o CEO de empresa listada em Bolsa. O quarto CEO da Petrobras em tr\u00eas anos e cinco meses, quebras que minam a resist\u00eancia de qualquer governan\u00e7a, a companhia enfraquecida para ser politicamente manipulada at\u00e9 a elei\u00e7\u00e3o.<\/p>\n<p>A pazuelliza\u00e7\u00e3o da vida p\u00fablica avan\u00e7a. Bolsonarista desde sempre, Guedes enfim expl\u00edcito como um Queiroga.<\/p>\n<p>Veja-se o caso dos reajustes salariais ao funcionalismo. Bloqueio ao Or\u00e7amento para al\u00e9m de R$ 12 bilh\u00f5es \u2014 \u00e9 o que se projeta, a pr\u00f3pria confirma\u00e7\u00e3o do Or\u00e7amento de Fantasia. De fantasia, mas concebido para a preserva\u00e7\u00e3o de interesses bem reais. Se esse bloqueio tocar em algo do or\u00e7amento secreto, ser\u00e1 surpresa \u2014 e ser\u00e1 marginalmente, se tocar. A sociedade entre o governo militar de Bolsonaro com o cons\u00f3rcio Ciro Nogueira\/Arthur Lira\/Valdemar Costa Neto, parceria avalizada por Guedes, cortar\u00e1 dinheiros sobretudo da Sa\u00fade e da Educa\u00e7\u00e3o.<\/p>\n<p><img loading=\"lazy\" decoding=\"async\" class=\"alignnone size-medium wp-image-19790 aligncenter\" src=\"http:\/\/jornalcontato.com.br\/home\/wp-content\/uploads\/2022\/05\/Gaulo-Guedes-300x156.jpg\" alt=\"\" width=\"300\" height=\"156\" srcset=\"https:\/\/jornalcontato.com.br\/home\/wp-content\/uploads\/2022\/05\/Gaulo-Guedes-300x156.jpg 300w, https:\/\/jornalcontato.com.br\/home\/wp-content\/uploads\/2022\/05\/Gaulo-Guedes-450x234.jpg 450w, https:\/\/jornalcontato.com.br\/home\/wp-content\/uploads\/2022\/05\/Gaulo-Guedes.jpg 768w\" sizes=\"auto, (max-width: 300px) 100vw, 300px\" \/><\/p>\n<p style=\"text-align: center;\"><em><strong>Liberal a servi\u00e7o do intervencionismo<\/strong><\/em><\/p>\n<p>N\u00e3o h\u00e1 muita diferen\u00e7a entre Guedes e Lira, sen\u00e3o que Lira faz. Guedes gosta. Incapaz de articular uma reforma tribut\u00e1ria de natureza estrutural, embarca na gambiarra. Em sociedade, destelharam o teto de gastos; e agora se articulam \u2014 um s\u00f3 botando a cara \u2014 pelo teto ao ICMS, um dos impactos a ser sentidos sobre a capacidade de investimentos, por estados e munic\u00edpios, em pol\u00edticas sociais. Outro dos impactos: sobre a energia el\u00e9trica. Est\u00e1 cara. Querem reduzir o custo para o consumidor. N\u00e9? Custo que o Parlamento aumentou, distribuindo subs\u00eddios ao setor e aprovando leis onerosas \u2014 e que o governo, para que Guedes tenha alguma privatiza\u00e7\u00e3o para apregoar, deixar\u00e1 aumentar ainda mais com a capitaliza\u00e7\u00e3o da Eletrobras, infiltrada de gases, dutos e outros contrabandos.<\/p>\n<p>O teto ao ICMS baixar\u00e1 o pre\u00e7o do combust\u00edvel na ponta? Diria que n\u00e3o; e certamente n\u00e3o de modo sustent\u00e1vel. Mas o que d\u00e1 sustentabilidade ao pre\u00e7o do diesel na bomba? O que \u00e9 decisivo a que o pre\u00e7o do litro de gasolina supere os R$ 5? Falemos sobre c\u00e2mbio, j\u00e1 que o barril de petr\u00f3leo \u00e9 negociado em d\u00f3lar. Falemos sobre real desvalorizado. Isso foi pol\u00edtica de governo. Citemos Guedes, em novembro de 2021:<\/p>\n<p>\u2014 N\u00e3o tem problema [o d\u00f3lar estar \u2018l\u00e1 em cima\u2019]. Quem entrar agora [para investir no Brasil] tem uma margem adicional de ganho.<\/p>\n<p>Que tal? Quem entra agora no posto tem uma margem adicional de preju\u00edzo. Pol\u00edtica de governo. Pol\u00edtica setorial, n\u00e9?<\/p>\n<p>Volto ao reajuste aos servidores. Guedes e time se jactam de o haver congelado por tr\u00eas anos e meio. Verdade. Outra verdade: calcularam \u2014 por meio da PEC Emergencial, aquela cujo rigor fiscal vir\u00e1 em 2025 \u2014 para solt\u00e1-lo com tudo, arrega\u00e7\u00e1-lo mesmo, neste ano eleitoral, e com a caracter\u00edstica do corporativismo. Fala-se em 5% em linha, para todos, mas ser\u00e1 surpresa se Bolsonaro n\u00e3o aplicar a distin\u00e7\u00e3o prometida \u00e0 PRF.<\/p>\n<p>Paulo Guedes chega forte ao fim do governo \u2014 \u00e0 campanha eleitoral \u2014 porque faz, com paix\u00e3o, o mesmo que qualquer Sachsida, qualquer Mantega, faria.<\/p>\n","protected":false},"excerpt":{"rendered":"<p>Paulo Guedes n\u00e3o chega fortalecido \u00e0 reta final do governo Bolsonaro por haver imposto suas ideias \u2014 na hip\u00f3tese de que as palestras motivacionais contivessem &#8230;<\/p>\n","protected":false},"author":1,"featured_media":19789,"comment_status":"open","ping_status":"open","sticky":false,"template":"","format":"standard","meta":{"footnotes":""},"categories":[1],"tags":[],"class_list":["post-19787","post","type-post","status-publish","format-standard","has-post-thumbnail","hentry","category-nacional"],"_links":{"self":[{"href":"https:\/\/www.jornalcontato.com.br\/home\/index.php\/wp-json\/wp\/v2\/posts\/19787","targetHints":{"allow":["GET"]}}],"collection":[{"href":"https:\/\/www.jornalcontato.com.br\/home\/index.php\/wp-json\/wp\/v2\/posts"}],"about":[{"href":"https:\/\/www.jornalcontato.com.br\/home\/index.php\/wp-json\/wp\/v2\/types\/post"}],"author":[{"embeddable":true,"href":"https:\/\/www.jornalcontato.com.br\/home\/index.php\/wp-json\/wp\/v2\/users\/1"}],"replies":[{"embeddable":true,"href":"https:\/\/www.jornalcontato.com.br\/home\/index.php\/wp-json\/wp\/v2\/comments?post=19787"}],"version-history":[{"count":1,"href":"https:\/\/www.jornalcontato.com.br\/home\/index.php\/wp-json\/wp\/v2\/posts\/19787\/revisions"}],"predecessor-version":[{"id":19791,"href":"https:\/\/www.jornalcontato.com.br\/home\/index.php\/wp-json\/wp\/v2\/posts\/19787\/revisions\/19791"}],"wp:featuredmedia":[{"embeddable":true,"href":"https:\/\/www.jornalcontato.com.br\/home\/index.php\/wp-json\/wp\/v2\/media\/19789"}],"wp:attachment":[{"href":"https:\/\/www.jornalcontato.com.br\/home\/index.php\/wp-json\/wp\/v2\/media?parent=19787"}],"wp:term":[{"taxonomy":"category","embeddable":true,"href":"https:\/\/www.jornalcontato.com.br\/home\/index.php\/wp-json\/wp\/v2\/categories?post=19787"},{"taxonomy":"post_tag","embeddable":true,"href":"https:\/\/www.jornalcontato.com.br\/home\/index.php\/wp-json\/wp\/v2\/tags?post=19787"}],"curies":[{"name":"wp","href":"https:\/\/api.w.org\/{rel}","templated":true}]}}