{"id":19708,"date":"2022-04-17T08:50:06","date_gmt":"2022-04-17T11:50:06","guid":{"rendered":"http:\/\/www.jornalcontato.com.br\/home\/?p=19708"},"modified":"2022-04-17T08:50:06","modified_gmt":"2022-04-17T11:50:06","slug":"pascoa-coelhinhos-liberdade-e-ressureicoes-jc-sebe-bom-meihy","status":"publish","type":"post","link":"https:\/\/www.jornalcontato.com.br\/home\/index.php\/pascoa-coelhinhos-liberdade-e-ressureicoes-jc-sebe-bom-meihy\/","title":{"rendered":"P\u00c1SCOA: COELHINHOS, LIBERDADE E RESSUREI\u00c7\u00d5ES (JC Sebe Bom Meihy)"},"content":{"rendered":"<p>Lembro-me cantando para meus filhos a toada repetida todos os anos no per\u00edodo da P\u00e1scoa <em>Coelhinho da P\u00e1scoa que trazes pra mim\/ Um ovo, dois ovos, tr\u00eas ovos assim\/ Um ovo, dois ovos, tr\u00eas ovos assim\/ Coelhinho da P\u00e1scoa que cor eles t\u00eam\/ Azul, amarelo, vermelho tamb\u00e9m.<\/em> Dei asas \u00e0 curiosidade e primeiro acionei minhas pr\u00f3prias lembran\u00e7as. Em fam\u00edlia de r\u00edgidos costumes, minha m\u00e3e comprava apenas um ovo para os tr\u00eas filhos, e n\u00e3o era grande. Com gravidade, como se estivesse corrigindo uma tradi\u00e7\u00e3o, ensinava que dever\u00edamos aprender repartir o que era bem comum e at\u00e9 caberia certo comedimento em dosar a del\u00edcia ao longo de dias, n\u00e3o de uma s\u00f3 vez.<\/p>\n<p>Lembro-me adolescente aluno de col\u00e9gio interno, na solenidade cat\u00f3lica dos dias pascais \u00e9ramos despertados por uma sonora banda em vez dos malfadados sinos cotidianos. E havia missa cantada com presen\u00e7a do bispo e coral afinad\u00edssimo. Por algum motivo o hino nacional era entoado e a bandeira papal posta ao lado da brasileira. Vendo agora, acho estranha essa combina\u00e7\u00e3o.<\/p>\n<p><img loading=\"lazy\" decoding=\"async\" class=\"alignnone size-medium wp-image-19709 aligncenter\" src=\"http:\/\/jornalcontato.com.br\/home\/wp-content\/uploads\/2022\/04\/Ovos-de-Pascoa-300x300.webp\" alt=\"\" width=\"300\" height=\"300\" srcset=\"https:\/\/jornalcontato.com.br\/home\/wp-content\/uploads\/2022\/04\/Ovos-de-Pascoa-300x300.webp 300w, https:\/\/jornalcontato.com.br\/home\/wp-content\/uploads\/2022\/04\/Ovos-de-Pascoa-450x450.webp 450w, https:\/\/jornalcontato.com.br\/home\/wp-content\/uploads\/2022\/04\/Ovos-de-Pascoa-150x150.webp 150w, https:\/\/jornalcontato.com.br\/home\/wp-content\/uploads\/2022\/04\/Ovos-de-Pascoa-80x80.webp 80w, https:\/\/jornalcontato.com.br\/home\/wp-content\/uploads\/2022\/04\/Ovos-de-Pascoa-360x360.webp 360w, https:\/\/jornalcontato.com.br\/home\/wp-content\/uploads\/2022\/04\/Ovos-de-Pascoa.webp 620w\" sizes=\"auto, (max-width: 300px) 100vw, 300px\" \/><\/p>\n<p>Cresci acompanhando a ind\u00fastria de ovos de chocolate se expandir e supreendentemente ver multiplicada a variedade de tamanhos, embalagens e exibi\u00e7\u00f5es exuberantes. J\u00e1 pai, cultivei a tradi\u00e7\u00e3o dos ovos escondidos e motivava a lenda do coelhinho, mesmo sem ter certeza da recep\u00e7\u00e3o sempre desconfiada dos filhos. Sinceramente, era mais f\u00e1cil eles engolirem a lenga do Papai Noel do que do coelhinho com os ovos. Ali\u00e1s, eu tinha muita dificuldade em distrai-los contornando o que era sabido ser os ovos botados pelas galinhas. Enfim, tentava e at\u00e9 exagerava nas explica\u00e7\u00f5es estapaf\u00fardias.<\/p>\n<p>Crescido, logo aprendi que o tal coelhinho metaforizava a fartura, ainda que n\u00e3o se conte para as crian\u00e7as suas estripulias sexuais. \u00c9 verdade que h\u00e1 uma vers\u00e3o mais amena da presen\u00e7a do coelho que, apesar de n\u00e3o famosa, reza que em algum lugar uma jovem pobre m\u00e3e escondia os ovos coloridos na noite anterior e, certa feita, ao levar os filhos a descobri-los, mexendo em uma cova, os pimpolhos viram um coelho fugir ligeirinho.<\/p>\n<p>Alguns com certa inventividade hist\u00f3rica relacionam os coelhos \u00e0 mitologia eg\u00edpcia e atestam que desde a Antiguidade os felpudos estavam relacionados \u00e0 abund\u00e2ncia de alimentos. Tamb\u00e9m repousa no tempo a sabedoria de que h\u00e1 nexo entre a \u00e9poca de maior ninhada dos coelhos no hemisf\u00e9rio Norte quando a lua se posiciona de maneira a determinar a fertilidade bichana. Ent\u00e3o, a data \u00e9 comemorada anualmente no primeiro domingo depois da primeira lua cheia que l\u00e1 ocorre no in\u00edcio da primavera &#8211; e do outono em nosso hemisf\u00e9rio.<\/p>\n<p><img loading=\"lazy\" decoding=\"async\" class=\"alignnone size-medium wp-image-19710 aligncenter\" src=\"http:\/\/jornalcontato.com.br\/home\/wp-content\/uploads\/2022\/04\/Lenda-2-300x169.jpg\" alt=\"\" width=\"300\" height=\"169\" srcset=\"https:\/\/jornalcontato.com.br\/home\/wp-content\/uploads\/2022\/04\/Lenda-2-300x169.jpg 300w, https:\/\/jornalcontato.com.br\/home\/wp-content\/uploads\/2022\/04\/Lenda-2-450x253.jpg 450w, https:\/\/jornalcontato.com.br\/home\/wp-content\/uploads\/2022\/04\/Lenda-2-768x432.jpg 768w, https:\/\/jornalcontato.com.br\/home\/wp-content\/uploads\/2022\/04\/Lenda-2-750x420.jpg 750w, https:\/\/jornalcontato.com.br\/home\/wp-content\/uploads\/2022\/04\/Lenda-2-1140x641.jpg 1140w, https:\/\/jornalcontato.com.br\/home\/wp-content\/uploads\/2022\/04\/Lenda-2.jpg 1280w\" sizes=\"auto, (max-width: 300px) 100vw, 300px\" \/><\/p>\n<p>Por l\u00f3gico, n\u00e3o cabe deixar de lado a refer\u00eancia judaica que celebra a liberta\u00e7\u00e3o do povo de Israel do ex\u00edlio eg\u00edpcio, momento biblicamente chamado \u00caxodo. Segundo essa tradi\u00e7\u00e3o, desde que Jos\u00e9 fora vendido como escravo, havia a reivindica\u00e7\u00e3o da liberdade de todo o povo que seguiu seu l\u00edder no cativeiro. Mois\u00e9s foi o grande her\u00f3i e condutor da \u201cfuga\u201d conseguida depois de profetizar a d\u00e9cima praga que, ali\u00e1s, implicava na morte dos primog\u00eanitos das fam\u00edlias eg\u00edpcias. Segundo essa tradi\u00e7\u00e3o, foi o pr\u00f3prio Deus que definiu a data a ocorrer no dia 4 de nis\u00e3, primeiro m\u00eas do calend\u00e1rio judaico. A esse evento deu-se o nome \u201cpessach\u201d.<\/p>\n<p>Para os crist\u00e3os, a P\u00e1scoa \u00e9 o dia da ressurei\u00e7\u00e3o triunfal de Jesus, a data mais sagrada de toda liturgia. Segundo a B\u00edblia, depois de formid\u00e1vel padecimento e morte na cruz, Cristo lavou com sangue os pecados humanos. Abria-se assim nova oportunidade de remiss\u00e3o dos erros significados na passagem desta vida para a eternidade.<\/p>\n<p>Interessante aproximar os fundamentos dessas tradi\u00e7\u00f5es. Na festividade infantil temos uma esp\u00e9cie de ensaio da liberta\u00e7\u00e3o da alegria mercadorizada no chocolate; pela ritual\u00edstica judaica vigora a liberdade de conquista do pr\u00f3prio espa\u00e7o; na situa\u00e7\u00e3o crist\u00e3 a liberdade de reden\u00e7\u00e3o da vida terrena e a ressurei\u00e7\u00e3o para a vida eterna. Por uma ou por outra justificativa, vale considerar a P\u00e1scoa como passagem para novos tempos. Que seja dada a largada para uma P\u00e1scoa pol\u00edtica. Estejamos juntos na alegria, na busca de liberdade e na ressurei\u00e7\u00e3o de nosso pa\u00eds.<\/p>\n","protected":false},"excerpt":{"rendered":"<p>Lembro-me cantando para meus filhos a toada repetida todos os anos no per\u00edodo da P\u00e1scoa Coelhinho da P\u00e1scoa que trazes pra mim\/ Um ovo, dois &#8230;<\/p>\n","protected":false},"author":1,"featured_media":19711,"comment_status":"open","ping_status":"open","sticky":false,"template":"","format":"standard","meta":{"footnotes":""},"categories":[1],"tags":[],"class_list":["post-19708","post","type-post","status-publish","format-standard","has-post-thumbnail","hentry","category-nacional"],"_links":{"self":[{"href":"https:\/\/www.jornalcontato.com.br\/home\/index.php\/wp-json\/wp\/v2\/posts\/19708","targetHints":{"allow":["GET"]}}],"collection":[{"href":"https:\/\/www.jornalcontato.com.br\/home\/index.php\/wp-json\/wp\/v2\/posts"}],"about":[{"href":"https:\/\/www.jornalcontato.com.br\/home\/index.php\/wp-json\/wp\/v2\/types\/post"}],"author":[{"embeddable":true,"href":"https:\/\/www.jornalcontato.com.br\/home\/index.php\/wp-json\/wp\/v2\/users\/1"}],"replies":[{"embeddable":true,"href":"https:\/\/www.jornalcontato.com.br\/home\/index.php\/wp-json\/wp\/v2\/comments?post=19708"}],"version-history":[{"count":1,"href":"https:\/\/www.jornalcontato.com.br\/home\/index.php\/wp-json\/wp\/v2\/posts\/19708\/revisions"}],"predecessor-version":[{"id":19712,"href":"https:\/\/www.jornalcontato.com.br\/home\/index.php\/wp-json\/wp\/v2\/posts\/19708\/revisions\/19712"}],"wp:featuredmedia":[{"embeddable":true,"href":"https:\/\/www.jornalcontato.com.br\/home\/index.php\/wp-json\/wp\/v2\/media\/19711"}],"wp:attachment":[{"href":"https:\/\/www.jornalcontato.com.br\/home\/index.php\/wp-json\/wp\/v2\/media?parent=19708"}],"wp:term":[{"taxonomy":"category","embeddable":true,"href":"https:\/\/www.jornalcontato.com.br\/home\/index.php\/wp-json\/wp\/v2\/categories?post=19708"},{"taxonomy":"post_tag","embeddable":true,"href":"https:\/\/www.jornalcontato.com.br\/home\/index.php\/wp-json\/wp\/v2\/tags?post=19708"}],"curies":[{"name":"wp","href":"https:\/\/api.w.org\/{rel}","templated":true}]}}