{"id":19689,"date":"2022-04-03T12:11:16","date_gmt":"2022-04-03T15:11:16","guid":{"rendered":"http:\/\/www.jornalcontato.com.br\/home\/?p=19689"},"modified":"2022-04-03T12:11:16","modified_gmt":"2022-04-03T15:11:16","slug":"democracias-precisam-se-unir-contra-ameacas-dorrit-harazim-globo","status":"publish","type":"post","link":"https:\/\/www.jornalcontato.com.br\/home\/index.php\/democracias-precisam-se-unir-contra-ameacas-dorrit-harazim-globo\/","title":{"rendered":"Democracias precisam se unir contra amea\u00e7as (Dorrit Harazim, Globo)"},"content":{"rendered":"<h3 class=\"post__content--meta post\" style=\"text-align: center;\">Svalbard Global Seed Vault, o cofre da humanidade, constru\u00eddo em 2008, foi idealizado para sobreviver a todo tipo de apocalipse, inclusive os capitaneados por dirigentes como os bad guys<\/h3>\n<section class=\"post__content--meta post\">\u00a0 \u00a0 \u00a0 \u00a0 \u00a0 O cofre da humanidade existe h\u00e1 quase 15 anos. Constru\u00eddo pelo governo da Noruega em 2008 como banco global de sementes, ele porta o nome oficial de Svalbard Global Seed Vault. Foi idealizado para sobreviver a todo tipo de apocalipse \u2014 clim\u00e1tico, sanit\u00e1rio, nuclear \u2014, por isso est\u00e1 prudentemente fincado 130 metros acima do n\u00edvel do mar, na encosta de uma montanha do arquip\u00e9lago noruegu\u00eas de Svalbard, no meio do Oceano \u00c1rtico. Trata-se do lugar mais extremo, remoto e in\u00f3spito do Hemisf\u00e9rio Norte. Seus 2.700 residentes fixos e quase 300 ursos-polares \u00e0s soltas encaram a cada ano dois meses e meio de escurid\u00e3o ininterrupta (chamada Noite Polar), seguida de cinco meses de sol escancarado 24 horas ao dia. Coisa para vikings de raiz.<\/section>\n<section><img loading=\"lazy\" decoding=\"async\" class=\"alignnone size-medium wp-image-19690 aligncenter\" src=\"http:\/\/jornalcontato.com.br\/home\/wp-content\/uploads\/2022\/04\/Tunel-2-300x150.jpg\" alt=\"\" width=\"300\" height=\"150\" srcset=\"https:\/\/jornalcontato.com.br\/home\/wp-content\/uploads\/2022\/04\/Tunel-2-300x150.jpg 300w, https:\/\/jornalcontato.com.br\/home\/wp-content\/uploads\/2022\/04\/Tunel-2-450x225.jpg 450w, https:\/\/jornalcontato.com.br\/home\/wp-content\/uploads\/2022\/04\/Tunel-2-768x384.jpg 768w, https:\/\/jornalcontato.com.br\/home\/wp-content\/uploads\/2022\/04\/Tunel-2-1536x768.jpg 1536w, https:\/\/jornalcontato.com.br\/home\/wp-content\/uploads\/2022\/04\/Tunel-2-2048x1024.jpg 2048w\" sizes=\"auto, (max-width: 300px) 100vw, 300px\" \/><\/section>\n<section><\/section>\n<section class=\"post__content--meta post\"><em><strong>\u00a0 \u00a0 \u00a0 \u00a0 \u00a0 \u00a0 \u00a0 \u00a0 \u00a0 \u00a0 \u00a0 \u00a0 \u00a0 \u00a0 \u00a0 \u00a0 \u00a0 \u00a0 \u00a0 \u00a0 \u00a0 \u00a0 \u00a0 \u00a0 \u00a0 \u00a0 \u00a0 \u00a0 \u00a0 \u00a0Svalbard Global Seed Vault, banco global de sementes\u00a0<\/strong><\/em> \u00a0 \u00a0 \u00a0\u00a0<\/section>\n<section class=\"post__content--meta post\">\u00a0 \u00a0 \u00a0 \u00a0 \u00a0 Segundo o jornalista Bruno Garattoni, um dos poucos brasileiros que se enfiaram naquelas paragens, \u00e9 preciso atravessar um t\u00fanel de 120 metros escavado na montanha congelada e passar por cinco portas \u00e0 prova de explos\u00f5es para acessar o cofre\/bunker. Ali est\u00e3o as famosas 880 mil sementes de 5.403 esp\u00e9cies vegetais colhidas nos quatro cantos do planeta \u2014 entre elas, nosso arroz, feij\u00e3o e milho enviados pela Embrapa. Trancado o ano todo \u2014 exceto para dias de inspe\u00e7\u00e3o ou recep\u00e7\u00e3o de material novo \u2014, esse banco da vida n\u00e3o deve ser dilapidado antes da hora fatal. At\u00e9 hoje, ocorreu uma \u00fanica retirada, em 2015, quando a S\u00edria devastada pela guerra sacou sementes de algumas esp\u00e9cies do Oriente M\u00e9dio.<\/section>\n<section><img loading=\"lazy\" decoding=\"async\" class=\"alignnone size-medium wp-image-19691 aligncenter\" src=\"http:\/\/jornalcontato.com.br\/home\/wp-content\/uploads\/2022\/04\/Tunel-1-300x111.jpg\" alt=\"\" width=\"300\" height=\"111\" srcset=\"https:\/\/jornalcontato.com.br\/home\/wp-content\/uploads\/2022\/04\/Tunel-1-300x111.jpg 300w, https:\/\/jornalcontato.com.br\/home\/wp-content\/uploads\/2022\/04\/Tunel-1.jpg 369w\" sizes=\"auto, (max-width: 300px) 100vw, 300px\" \/><\/section>\n<section><\/section>\n<section><em><strong>\u00a0 \u00a0 \u00a0 \u00a0 \u00a0 \u00a0 \u00a0 \u00a0 \u00a0 \u00a0 \u00a0 \u00a0 \u00a0 \u00a0 \u00a0 \u00a0 \u00a0 \u00a0 \u00a0 \u00a0 \u00a0 \u00a0 \u00a0 \u00a0 \u00a0 \u00a0 \u00a0 \u00a0 \u00a0 \u00a0 \u00a0 \u00a0 \u00a0 \u00a0 \u00a0 \u00a0 \u00a0 \u00a0 \u00a0 Alguns detalhes do celeiro global<\/strong><\/em><\/section>\n<section class=\"post__content--meta post\">\u00a0 \u00a0 \u00a0 \u00a0 \u00a0 Diante da alarmante decad\u00eancia pol\u00edtica no Brasil \u2014 galopante, reles e destrutiva \u2014, cabe perguntar que tipo de sementes da democracia temos em estoque para uso emergencial. Segundo a historiadora e jornalista americana Anne Applebaum, Pr\u00eamio Pulitzer e autora de \u201cO crep\u00fasculo da democracia: como o autoritarismo seduz e as amizades s\u00e3o desfeitas em nome da pol\u00edtica\u201d (Record, 2021), \u201cn\u00e3o existe um arco da Hist\u00f3ria\u201d. \u201cNada \u00e9 inevit\u00e1vel em se tratando de democracia ou ditadura\u201d, escreve ela. \u201cO que acontece amanh\u00e3 depende do que todos n\u00f3s fazemos hoje.\u201d Applebaum observa que uma ordem mundial liberal nada tem de natural, uma vez que leis de nada servem sem algu\u00e9m para faz\u00ea-las cumprir. A menos que democracias se defendam juntas, as for\u00e7as da autocracia haver\u00e3o de destru\u00ed-las.<\/section>\n<section class=\"post__content--meta post\">\u00a0 \u00a0 \u00a0 \u00a0 \u00a0 A edi\u00e7\u00e3o mais recente da revista The Atlantic traz o ensaio \u201cOs <em>bad guys<\/em>\u00a0est\u00e3o ganhando\u201d, em que ela avisa que as revolu\u00e7\u00f5es democr\u00e1ticas s\u00e3o contagiosas tamb\u00e9m \u00e0s avessas: quando derrotadas num pa\u00eds, torna-se mais f\u00e1cil impedir que brotem noutro. Cinco s\u00e3o os autocratas que lhe servem de fio condutor \u2014 o venezuelano Nicol\u00e1s Maduro, o presidente da Bielorr\u00fasia, Alexander Lukashenko, o russo Vladimir Putin, o chin\u00eas Xi Jinping e o turco Recep Erdogan. Para quem l\u00ea o texto a partir de um \u201cBrasil acima de tudo. Deus acima de todos\u201d, salta aos olhos que falta algu\u00e9m entre os retratados por Applebaum. Ou n\u00e3o. Ela pode ter considerado Jair Bolsonaro med\u00edocre e delirante em demasia para inclu\u00ed-lo entre os\u00a0<em>bad guys<\/em> de alguma envergadura.<\/section>\n<section><img loading=\"lazy\" decoding=\"async\" class=\"alignnone size-full wp-image-19692 aligncenter\" src=\"http:\/\/jornalcontato.com.br\/home\/wp-content\/uploads\/2022\/04\/Bozo-Erdogan-Trump-e-Putin.jpg\" alt=\"\" width=\"300\" height=\"168\" srcset=\"https:\/\/jornalcontato.com.br\/home\/wp-content\/uploads\/2022\/04\/Bozo-Erdogan-Trump-e-Putin.jpg 300w, https:\/\/jornalcontato.com.br\/home\/wp-content\/uploads\/2022\/04\/Bozo-Erdogan-Trump-e-Putin-265x147.jpg 265w\" sizes=\"auto, (max-width: 300px) 100vw, 300px\" \/><\/section>\n<section class=\"post__content--meta post\">\u00a0 \u00a0 \u00a0 \u00a0 \u00a0<em><strong>\u00a0 \u00a0 \u00a0 \u00a0 \u00a0 \u00a0 \u00a0 \u00a0 \u00a0 \u00a0 \u00a0 \u00a0 \u00a0 \u00a0 \u00a0 \u00a0 \u00a0 \u00a0 \u00a0 \u00a0 \u00a0 \u00a0 \u00a0 \u00a0 Bozo tenta, mas n\u00e3o consegue ser inclu\u00eddo no clube dos bad guys<\/strong><\/em><\/section>\n<section><\/section>\n<section class=\"post__content--meta post\">\u00a0 \u00a0 \u00a0 \u00a0 \u00a0 Ficamos ent\u00e3o n\u00f3s, sozinhos, presididos por um capit\u00e3o incendi\u00e1rio que jura botar a cara no fogo por um ministro defenestrado quatro dias depois. Na verdade, o \u00fanico exerc\u00edcio di\u00e1rio do personagem tem sido botar o Brasil no fogo da incivilidade educacional, cultural, ambiental e institucional. Cabe registrar a express\u00e3o certeira cunhada nesta semana pela ministra do Supremo Tribunal Federal, C\u00e1rmen L\u00facia, referindo-se \u00e0 incessante destrui\u00e7\u00e3o do pa\u00eds por dentro: \u201ccupiniza\u00e7\u00e3o institucional\u201d.<\/section>\n<section class=\"post__content--meta post\">\u00a0 \u00a0 \u00a0 \u00a0 \u00a0 Faltando 180 dias at\u00e9 o esperado 2 de outubro do primeiro turno eleitoral, e 240 dias para a posse do presidente e dos governadores eleitos, \u00e9 hora de juntar o maior n\u00famero de sementes democr\u00e1ticas e proteg\u00ea-las da avalanche de pragas. Antes que se multipliquem ainda mais nos tr\u00eas Poderes. Melhor nem listar aqui uma sinistra pl\u00eaiade de egressos do atual governo, com folha corrida capaz de assombrar qualquer cidad\u00e3o normal. Se eleito(a)s, far\u00e3o do Congresso Nacional um p\u00e2ntano ainda mais amoral que a legislatura atual.<\/section>\n<section><img loading=\"lazy\" decoding=\"async\" class=\"alignnone size-medium wp-image-19693 aligncenter\" src=\"http:\/\/jornalcontato.com.br\/home\/wp-content\/uploads\/2022\/04\/Carmen-Lucia-300x170.jpg\" alt=\"\" width=\"300\" height=\"170\" srcset=\"https:\/\/jornalcontato.com.br\/home\/wp-content\/uploads\/2022\/04\/Carmen-Lucia-300x170.jpg 300w, https:\/\/jornalcontato.com.br\/home\/wp-content\/uploads\/2022\/04\/Carmen-Lucia-450x255.jpg 450w, https:\/\/jornalcontato.com.br\/home\/wp-content\/uploads\/2022\/04\/Carmen-Lucia-768x435.jpg 768w, https:\/\/jornalcontato.com.br\/home\/wp-content\/uploads\/2022\/04\/Carmen-Lucia.jpg 880w\" sizes=\"auto, (max-width: 300px) 100vw, 300px\" \/><\/section>\n<section><em><strong>\u00a0 \u00a0 \u00a0 \u00a0 \u00a0 \u00a0 \u00a0 \u00a0 \u00a0 \u00a0 \u00a0 \u00a0 \u00a0 \u00a0 \u00a0 \u00a0 \u00a0 \u00a0 \u00a0 \u00a0 \u00a0 \u00a0 \u00a0 \u00a0 Carmen L\u00facia, do STF, enfrenta a &#8220;cupiniza\u00e7\u00e3o institucional&#8221;<\/strong><\/em><\/section>\n<section><\/section>\n<section class=\"post__content--meta post\">\u00a0 \u00a0 \u00a0 \u00a0 \u00a0 Da\u00ed a utilidade de evocar a iniciativa dos noruegueses. Enquanto a Terra for o \u00fanico lar que temos, e o c\u00e9u nos servir de generoso teto, vale colher e armazenar o que queremos preservar. Antes que essas sementes sadias se tornem esp\u00e9cies em extin\u00e7\u00e3o.<\/section>\n","protected":false},"excerpt":{"rendered":"<p>Svalbard Global Seed Vault, o cofre da humanidade, constru\u00eddo em 2008, foi idealizado para sobreviver a todo tipo de apocalipse, inclusive os capitaneados por dirigentes &#8230;<\/p>\n","protected":false},"author":1,"featured_media":19694,"comment_status":"open","ping_status":"open","sticky":false,"template":"","format":"standard","meta":{"footnotes":""},"categories":[1],"tags":[],"class_list":["post-19689","post","type-post","status-publish","format-standard","has-post-thumbnail","hentry","category-nacional"],"_links":{"self":[{"href":"https:\/\/www.jornalcontato.com.br\/home\/index.php\/wp-json\/wp\/v2\/posts\/19689","targetHints":{"allow":["GET"]}}],"collection":[{"href":"https:\/\/www.jornalcontato.com.br\/home\/index.php\/wp-json\/wp\/v2\/posts"}],"about":[{"href":"https:\/\/www.jornalcontato.com.br\/home\/index.php\/wp-json\/wp\/v2\/types\/post"}],"author":[{"embeddable":true,"href":"https:\/\/www.jornalcontato.com.br\/home\/index.php\/wp-json\/wp\/v2\/users\/1"}],"replies":[{"embeddable":true,"href":"https:\/\/www.jornalcontato.com.br\/home\/index.php\/wp-json\/wp\/v2\/comments?post=19689"}],"version-history":[{"count":1,"href":"https:\/\/www.jornalcontato.com.br\/home\/index.php\/wp-json\/wp\/v2\/posts\/19689\/revisions"}],"predecessor-version":[{"id":19695,"href":"https:\/\/www.jornalcontato.com.br\/home\/index.php\/wp-json\/wp\/v2\/posts\/19689\/revisions\/19695"}],"wp:featuredmedia":[{"embeddable":true,"href":"https:\/\/www.jornalcontato.com.br\/home\/index.php\/wp-json\/wp\/v2\/media\/19694"}],"wp:attachment":[{"href":"https:\/\/www.jornalcontato.com.br\/home\/index.php\/wp-json\/wp\/v2\/media?parent=19689"}],"wp:term":[{"taxonomy":"category","embeddable":true,"href":"https:\/\/www.jornalcontato.com.br\/home\/index.php\/wp-json\/wp\/v2\/categories?post=19689"},{"taxonomy":"post_tag","embeddable":true,"href":"https:\/\/www.jornalcontato.com.br\/home\/index.php\/wp-json\/wp\/v2\/tags?post=19689"}],"curies":[{"name":"wp","href":"https:\/\/api.w.org\/{rel}","templated":true}]}}