{"id":19669,"date":"2022-03-20T08:29:52","date_gmt":"2022-03-20T11:29:52","guid":{"rendered":"http:\/\/www.jornalcontato.com.br\/home\/?p=19669"},"modified":"2022-03-20T08:31:04","modified_gmt":"2022-03-20T11:31:04","slug":"eu-nao-faria-tudo-outra-vez-e-voce-jc-sebe-bom-meihy","status":"publish","type":"post","link":"https:\/\/www.jornalcontato.com.br\/home\/index.php\/eu-nao-faria-tudo-outra-vez-e-voce-jc-sebe-bom-meihy\/","title":{"rendered":"EU (N\u00c3O) FARIA TUDO OUTRA VEZ. E VOC\u00ca? (JC Sebe Bom Meihy)"},"content":{"rendered":"<p style=\"text-align: center;\"><em><strong>Como sempre, respondi de pronto. Como sempre, levei para pensar melhor. Como sempre, surpreendi-me com o progresso dos argumentos e resolvi escrever sobre isso.<\/strong><\/em><\/p>\n<p>A pergunta inicial, por tola que fosse, encerrava um desafio existencial: <em>faria tudo outra vez, tudo do mesmo jeitinho<\/em>? A quest\u00e3o surgiu a partir de uma can\u00e7\u00e3o que servia de fundo para um almo\u00e7o que celebrava a data do meu anivers\u00e1rio, do dia em que comemorava meus inacredit\u00e1veis 79 anos. Creio que havia uma ponta de maldade naquela indaga\u00e7\u00e3o que, por indiscreta que fosse, cabia naquele momento. Mas, perversidade mesmo correu na minha resposta lisa, t\u00e3o boba quanto imediata e desviante. Disse sem solenidade alguma que <em>sim<\/em>, quase parodiado a cantora Simone que gemia baixinho as palavras propostas por Gonzaguinha \u201c<em>Come\u00e7aria tudo outra vez\/ Se preciso fosse meu amor\/ A chama no meu peito ainda queima\/ Saiba, nada foi em v\u00e3o<\/em>\u201d. N\u00e3o satisfeito com a ligeireza do meu rebate, fiz ressuscitar os chav\u00f5es complementares, algo do tipo \u201c<em>eu n\u00e3o seria quem sou se n\u00e3o tivesse passado tudo que passei<\/em>\u201d. Outras bobagens correlatas foram emendadas, mas&#8230; Mas, retomadas na solid\u00e3o de mim mesmo a conversinha convocou gravidades.<\/p>\n<p><img loading=\"lazy\" decoding=\"async\" class=\"alignnone size-medium wp-image-19670 aligncenter\" src=\"http:\/\/jornalcontato.com.br\/home\/wp-content\/uploads\/2022\/03\/Gonzaguinha-300x200.jpeg\" alt=\"\" width=\"300\" height=\"200\" srcset=\"https:\/\/jornalcontato.com.br\/home\/wp-content\/uploads\/2022\/03\/Gonzaguinha-300x200.jpeg 300w, https:\/\/jornalcontato.com.br\/home\/wp-content\/uploads\/2022\/03\/Gonzaguinha-450x300.jpeg 450w, https:\/\/jornalcontato.com.br\/home\/wp-content\/uploads\/2022\/03\/Gonzaguinha.jpeg 750w\" sizes=\"auto, (max-width: 300px) 100vw, 300px\" \/><\/p>\n<p style=\"text-align: center;\"><em><strong>Gonzaguinha inspirou a reflex\u00e3o do autor<\/strong><\/em><\/p>\n<p><em>N\u00e3o<\/em>! Eu n\u00e3o faria tudo outra vez se poss\u00edvel fosse. N\u00e3o mesmo. Legitimei muita besteira vida corrida, falei coisas que n\u00e3o devia, abusei de horas inadequadas, escrevi linhas que me fazem perplexo ante a mim mesmo, detratei pessoas que n\u00e3o mereciam, embarquei em rotas vexaminosas. Nossa, seria bom se pudesse apagar determinados epis\u00f3dios, cancelar situa\u00e7\u00f5es que endossei, retirar apoios indevidos. E me d\u00f3i saber que n\u00e3o devia estar em lugares que me constrangem lembrar, e ainda mais: com certeza, teria brigado com mais ardor por algumas causas. Ah se eu pudesse!&#8230;<\/p>\n<p>Pares de d\u00fabios se fizeram coro naquela dan\u00e7a de arrependimentos, e at\u00e9 maldisse minha mem\u00f3ria sempre t\u00e3o benevolente, facilitadora de escusas e esquecimentos convenientes. Seria horr\u00edvel viver sem deixar de lado algumas passagens e, nesse sentido, achei-me piedoso demais comigo mesmo. Sutilmente, me aperfei\u00e7oei em aniquilar os tais \u201cmaus momentos\u201d e tenho seguido em frente como se o passado fosse um conjunto de li\u00e7\u00f5es boas, e eu aprendiz exemplar. Entendo agora a dificuldade que temos em pedir perd\u00e3o e em viver arrumando sentido para os nossos desvios. Contestando Fernando Pessoa &#8211; imaginem &#8211; cheguei ao momento penitente que me permite reconhecer que minha alma n\u00e3o \u00e9 grande e que nem tudo vale a pena e sequer cabe na palavra \u201cexperi\u00eancia\u201d. N\u00e3o mesmo.<\/p>\n<p><img loading=\"lazy\" decoding=\"async\" class=\"alignnone size-medium wp-image-19671 aligncenter\" src=\"http:\/\/jornalcontato.com.br\/home\/wp-content\/uploads\/2022\/03\/Pedra-no-caminho-300x157.jpg\" alt=\"\" width=\"300\" height=\"157\" srcset=\"https:\/\/jornalcontato.com.br\/home\/wp-content\/uploads\/2022\/03\/Pedra-no-caminho-300x157.jpg 300w, https:\/\/jornalcontato.com.br\/home\/wp-content\/uploads\/2022\/03\/Pedra-no-caminho-450x235.jpg 450w, https:\/\/jornalcontato.com.br\/home\/wp-content\/uploads\/2022\/03\/Pedra-no-caminho-768x402.jpg 768w, https:\/\/jornalcontato.com.br\/home\/wp-content\/uploads\/2022\/03\/Pedra-no-caminho.jpg 956w\" sizes=\"auto, (max-width: 300px) 100vw, 300px\" \/><\/p>\n<p style=\"text-align: center;\"><em><strong>E quando &#8220;havia uma pedra no meio do caminho&#8221;?<\/strong><\/em><\/p>\n<p>Imagino que o avesso dos meus argumentos impresum\u00edveis esteja latejando em alguns interlocutores que podem insistir no \u201c<em>mas n\u00e3o fossem as pedras do caminho&#8230;<\/em>\u201d Ah, os trope\u00e7os! Verdade. Mas, quem disse que quebrar a cara resultaria em um eu bem emendado? Como saber? Chegar a essas constata\u00e7\u00f5es, juro, implica dores, arrependimentos, retomadas. Implica tamb\u00e9m estabelecimento de novas metas, retra\u00e7os que podem encolher supostos triunfos e nos resultar mais humildes e mansos. \u00c9, ali\u00e1s, exatamente este o ponto chegada do balan\u00e7o vivencial, pois a vida continua e a provoca\u00e7\u00e3o do existir exige pretens\u00f5es que se encerram na fat\u00eddica senten\u00e7a: e agora? Que fazer daqui para a frente?<\/p>\n<p>Sabe, se pudesse, se me fosse dada a beleza do di\u00e1logo, com toda ternura do mundo perguntaria a quem me l\u00ea: faria tudo outra vez? Faria?&#8230;<\/p>\n","protected":false},"excerpt":{"rendered":"<p>Como sempre, respondi de pronto. Como sempre, levei para pensar melhor. Como sempre, surpreendi-me com o progresso dos argumentos e resolvi escrever sobre isso. A &#8230;<\/p>\n","protected":false},"author":1,"featured_media":19672,"comment_status":"open","ping_status":"open","sticky":false,"template":"","format":"standard","meta":{"footnotes":""},"categories":[1],"tags":[],"class_list":["post-19669","post","type-post","status-publish","format-standard","has-post-thumbnail","hentry","category-nacional"],"_links":{"self":[{"href":"https:\/\/www.jornalcontato.com.br\/home\/index.php\/wp-json\/wp\/v2\/posts\/19669","targetHints":{"allow":["GET"]}}],"collection":[{"href":"https:\/\/www.jornalcontato.com.br\/home\/index.php\/wp-json\/wp\/v2\/posts"}],"about":[{"href":"https:\/\/www.jornalcontato.com.br\/home\/index.php\/wp-json\/wp\/v2\/types\/post"}],"author":[{"embeddable":true,"href":"https:\/\/www.jornalcontato.com.br\/home\/index.php\/wp-json\/wp\/v2\/users\/1"}],"replies":[{"embeddable":true,"href":"https:\/\/www.jornalcontato.com.br\/home\/index.php\/wp-json\/wp\/v2\/comments?post=19669"}],"version-history":[{"count":2,"href":"https:\/\/www.jornalcontato.com.br\/home\/index.php\/wp-json\/wp\/v2\/posts\/19669\/revisions"}],"predecessor-version":[{"id":19674,"href":"https:\/\/www.jornalcontato.com.br\/home\/index.php\/wp-json\/wp\/v2\/posts\/19669\/revisions\/19674"}],"wp:featuredmedia":[{"embeddable":true,"href":"https:\/\/www.jornalcontato.com.br\/home\/index.php\/wp-json\/wp\/v2\/media\/19672"}],"wp:attachment":[{"href":"https:\/\/www.jornalcontato.com.br\/home\/index.php\/wp-json\/wp\/v2\/media?parent=19669"}],"wp:term":[{"taxonomy":"category","embeddable":true,"href":"https:\/\/www.jornalcontato.com.br\/home\/index.php\/wp-json\/wp\/v2\/categories?post=19669"},{"taxonomy":"post_tag","embeddable":true,"href":"https:\/\/www.jornalcontato.com.br\/home\/index.php\/wp-json\/wp\/v2\/tags?post=19669"}],"curies":[{"name":"wp","href":"https:\/\/api.w.org\/{rel}","templated":true}]}}