{"id":19592,"date":"2022-02-18T08:13:47","date_gmt":"2022-02-18T11:13:47","guid":{"rendered":"http:\/\/www.jornalcontato.com.br\/home\/?p=19592"},"modified":"2022-02-18T11:18:22","modified_gmt":"2022-02-18T14:18:22","slug":"tutela-militar-tse-caiu-em-armadilha-de-bolsonaro-ao-dar-cargos-a-generais-bernardo-mello-franco-oglobo","status":"publish","type":"post","link":"https:\/\/www.jornalcontato.com.br\/home\/index.php\/tutela-militar-tse-caiu-em-armadilha-de-bolsonaro-ao-dar-cargos-a-generais-bernardo-mello-franco-oglobo\/","title":{"rendered":"Tutela militar: TSE caiu em armadilha de Bolsonaro ao dar cargos a generais (Bernardo Mello Franco &#8211; OGLOBO)"},"content":{"rendered":"<p style=\"text-align: center;\"><em><strong>Ministro Lu\u00eds Roberto Barroso condecorado pelo Ex\u00e9rcito, em abril de 2018, depois de dar o primeiro voto no STF que levou Lula \u00e0 pris\u00e3o<\/strong><\/em><\/p>\n<p>Jair Bolsonaro retomou os ataques \u00e0 urna eletr\u00f4nica e \u00e0 Justi\u00e7a Eleitoral. O capit\u00e3o disse que os ministros do TSE \u201ct\u00eam partido\u201d e querem torn\u00e1-lo ineleg\u00edvel \u201cna base da canetada\u201d. Acrescentou que os ju\u00edzes teriam um objetivo secreto: \u201celeger seu candidato, o Lula\u201d.<\/p>\n<p>A tese seria c\u00f4mica se n\u00e3o fosse rid\u00edcula. Bolsonaro se elegeu numa disputa em que o mesmo Lula, ent\u00e3o l\u00edder das pesquisas, teve a candidatura negada pelo TSE. O atual presidente da Corte, Lu\u00eds Roberto Barroso, deu o primeiro dos seis votos para barrar o petista.<\/p>\n<p>O capit\u00e3o n\u00e3o precisa temer a Lei da Ficha Limpa. Conta com a prote\u00e7\u00e3o do cargo e com a omiss\u00e3o do procurador-geral da Rep\u00fablica. Apesar da blindagem, ele manter\u00e1 o discurso da persegui\u00e7\u00e3o. Quer minar a confian\u00e7a nas urnas e incitar a tropa contra o TSE.<\/p>\n<p>Bolsonaro nunca escondeu seu plano golpista. Se for derrotado, tentar\u00e1 virar a mesa e melar a elei\u00e7\u00e3o. O roteiro original inclu\u00eda a volta do voto impresso. Agora a ideia \u00e9 arrastar os militares para o centro do tumulto.<\/p>\n<p>Em Moscou, o capit\u00e3o disse que o Ex\u00e9rcito determinar\u00e1 os \u201cpr\u00f3ximos passos\u201d do processo eleitoral e que as For\u00e7as Armadas ser\u00e3o \u201cfiadoras da lisura das elei\u00e7\u00f5es\u201d. A tarefa nunca esteve prevista na Constitui\u00e7\u00e3o. Mas o TSE tem sua parcela de culpa pelo engodo.<\/p>\n<p>Em dezembro, a Corte ofereceu o cargo de diretor-geral ao general Fernando Azevedo e Silva. Ele aceitou o convite e marcou a data da posse. No in\u00edcio da semana, anunciou sua desist\u00eancia. Alegou raz\u00f5es de sa\u00fade e deixou o tribunal com um abacaxi.<\/p>\n<p><img loading=\"lazy\" decoding=\"async\" class=\"alignnone size-medium wp-image-19593 aligncenter\" src=\"http:\/\/jornalcontato.com.br\/home\/wp-content\/uploads\/2022\/02\/Fernando-Azevedo-Sila-300x188.jpeg\" alt=\"\" width=\"300\" height=\"188\" srcset=\"https:\/\/jornalcontato.com.br\/home\/wp-content\/uploads\/2022\/02\/Fernando-Azevedo-Sila-300x188.jpeg 300w, https:\/\/jornalcontato.com.br\/home\/wp-content\/uploads\/2022\/02\/Fernando-Azevedo-Sila-450x282.jpeg 450w, https:\/\/jornalcontato.com.br\/home\/wp-content\/uploads\/2022\/02\/Fernando-Azevedo-Sila.jpeg 652w\" sizes=\"auto, (max-width: 300px) 100vw, 300px\" \/><\/p>\n<p style=\"text-align: center;\"><em><strong>Gal. Fernando Azevedo convidado pelo ministro Dias Toffoli<\/strong><\/em><\/p>\n<p>O general n\u00e3o tinha credenciais para atuar como guardi\u00e3o da legalidade. Como ministro do governo Bolsonaro, celebrou o golpe de 1964 como um \u201cmarco para a democracia\u201d. Os defensores da sua presen\u00e7a sonhavam atrair a simpatia dos quart\u00e9is. Na pr\u00e1tica, legitimaram a ideia da tutela militar sobre a elei\u00e7\u00e3o.<\/p>\n<p>O TSE ainda abriu as portas ao general Heber Portella, indicado pelo ministro Braga Netto para um certo comit\u00ea de transpar\u00eancia. O militar apresentou um question\u00e1rio sobre o voto eletr\u00f4nico. Com base nele, Bolsonaro inventou que o Ex\u00e9rcito teria identificado \u201cdezenas de vulnerabilidades\u201d no sistema.<\/p>\n<p>\u201cEstou presumindo que as For\u00e7as Armadas est\u00e3o aqui para ajudar a democracia brasileira. E n\u00e3o para municiar um presidente que quer atac\u00e1-la\u201d, disse ontem o ministro Barroso. Talvez a ficha tenha ca\u00eddo tarde demais.<\/p>\n<p>&nbsp;<\/p>\n<p>&nbsp;<\/p>\n<p>&nbsp;<\/p>\n<p>&nbsp;<\/p>\n","protected":false},"excerpt":{"rendered":"<p>Ministro Lu\u00eds Roberto Barroso condecorado pelo Ex\u00e9rcito, em abril de 2018, depois de dar o primeiro voto no STF que levou Lula \u00e0 pris\u00e3o Jair &#8230;<\/p>\n","protected":false},"author":1,"featured_media":19594,"comment_status":"open","ping_status":"open","sticky":false,"template":"","format":"standard","meta":{"footnotes":""},"categories":[1],"tags":[],"class_list":["post-19592","post","type-post","status-publish","format-standard","has-post-thumbnail","hentry","category-nacional"],"_links":{"self":[{"href":"https:\/\/www.jornalcontato.com.br\/home\/index.php\/wp-json\/wp\/v2\/posts\/19592","targetHints":{"allow":["GET"]}}],"collection":[{"href":"https:\/\/www.jornalcontato.com.br\/home\/index.php\/wp-json\/wp\/v2\/posts"}],"about":[{"href":"https:\/\/www.jornalcontato.com.br\/home\/index.php\/wp-json\/wp\/v2\/types\/post"}],"author":[{"embeddable":true,"href":"https:\/\/www.jornalcontato.com.br\/home\/index.php\/wp-json\/wp\/v2\/users\/1"}],"replies":[{"embeddable":true,"href":"https:\/\/www.jornalcontato.com.br\/home\/index.php\/wp-json\/wp\/v2\/comments?post=19592"}],"version-history":[{"count":1,"href":"https:\/\/www.jornalcontato.com.br\/home\/index.php\/wp-json\/wp\/v2\/posts\/19592\/revisions"}],"predecessor-version":[{"id":19595,"href":"https:\/\/www.jornalcontato.com.br\/home\/index.php\/wp-json\/wp\/v2\/posts\/19592\/revisions\/19595"}],"wp:featuredmedia":[{"embeddable":true,"href":"https:\/\/www.jornalcontato.com.br\/home\/index.php\/wp-json\/wp\/v2\/media\/19594"}],"wp:attachment":[{"href":"https:\/\/www.jornalcontato.com.br\/home\/index.php\/wp-json\/wp\/v2\/media?parent=19592"}],"wp:term":[{"taxonomy":"category","embeddable":true,"href":"https:\/\/www.jornalcontato.com.br\/home\/index.php\/wp-json\/wp\/v2\/categories?post=19592"},{"taxonomy":"post_tag","embeddable":true,"href":"https:\/\/www.jornalcontato.com.br\/home\/index.php\/wp-json\/wp\/v2\/tags?post=19592"}],"curies":[{"name":"wp","href":"https:\/\/api.w.org\/{rel}","templated":true}]}}