{"id":19384,"date":"2021-10-10T08:05:40","date_gmt":"2021-10-10T11:05:40","guid":{"rendered":"http:\/\/www.jornalcontato.com.br\/home\/?p=19384"},"modified":"2021-10-10T08:05:40","modified_gmt":"2021-10-10T11:05:40","slug":"outubro-rosa-as-cores-do-ano-jc-sebe-bom-meihy","status":"publish","type":"post","link":"https:\/\/www.jornalcontato.com.br\/home\/index.php\/outubro-rosa-as-cores-do-ano-jc-sebe-bom-meihy\/","title":{"rendered":"OUTUBRO ROSA: AS CORES DO ANO (JC Sebe Bom Meihy)"},"content":{"rendered":"<p>Fiquei curioso. De maneira sutil, aos poucos aquelas fitinhas dobradas de maneira a imitar um la\u00e7o mal terminado e com as pontas voltadas para baixo foi marcando minha percep\u00e7\u00e3o. E comecei a prestar aten\u00e7\u00e3o nas cores que variam de m\u00eas a m\u00eas. Intrigado, busquei informa\u00e7\u00f5es e encontrei algumas curiosidades. As tais fitinhas que hoje emblemam campanhas, nasceram das homenagens aos retornados da Guerra do Golfo (agosto de 1990 \u2013 fevereiro de 1991). No desembarque nos portos norte-americanos, eles portavam uma fita amarela no bra\u00e7o direito. A simp\u00e1tica homenagem foi retomada por ocasi\u00e3o do esfor\u00e7o contra estigmas de pessoas contagiadas com o v\u00edrus da aids. Corria o ano de 1991 e a empesa <em>Visual Aids<\/em> iniciava uma campanha de sucesso mundial. H\u00e1 v\u00e1rias vers\u00f5es sobre a continuidade dessa pr\u00e1tica, algumas bem sugestivas.<\/p>\n<p>Os profissionais empenhados na proposta antiaids desenvolveram relat\u00f3rios explicativos que continham justificativas merecedoras de aten\u00e7\u00e3o. A cor vermelho, por exemplo, remetia \u00e0 representa\u00e7\u00e3o tanto do sangue como da paix\u00e3o. O apoio de celebridades e pol\u00edticos logo popularizou a proposta que passou a compor cen\u00e1rios de premia\u00e7\u00f5es art\u00edsticas, escolares e esportivas. Em Nova York, a suntuosa igreja <em>Saint John the Divine<\/em>, o maior templo anglicano do mundo, assumiu o s\u00edmbolo do la\u00e7o vermelho em seu interior e isto valeu como licen\u00e7a para a discuss\u00e3o da aids al\u00e9m das consequ\u00eancias f\u00edsicas. Estava dada a largada para o debate tamb\u00e9m sobre outras mol\u00e9stias ou males.<\/p>\n<p><img loading=\"lazy\" decoding=\"async\" class=\"alignnone size-medium wp-image-19386 aligncenter\" src=\"http:\/\/jornalcontato.com.br\/home\/wp-content\/uploads\/2021\/10\/Retornados-do-Golfo-1-300x203.jpg\" alt=\"\" width=\"300\" height=\"203\" srcset=\"https:\/\/jornalcontato.com.br\/home\/wp-content\/uploads\/2021\/10\/Retornados-do-Golfo-1-300x203.jpg 300w, https:\/\/jornalcontato.com.br\/home\/wp-content\/uploads\/2021\/10\/Retornados-do-Golfo-1-450x305.jpg 450w, https:\/\/jornalcontato.com.br\/home\/wp-content\/uploads\/2021\/10\/Retornados-do-Golfo-1-768x520.jpg 768w, https:\/\/jornalcontato.com.br\/home\/wp-content\/uploads\/2021\/10\/Retornados-do-Golfo-1.jpg 1152w\" sizes=\"auto, (max-width: 300px) 100vw, 300px\" \/><\/p>\n<p style=\"text-align: center;\"><em><strong>Milhares de militares retornados da Guerra do Golfo recebiam uma fita amarela<\/strong><\/em><\/p>\n<p>Na hist\u00f3ria das campanhas publicit\u00e1rias, os la\u00e7os ocupam lugar especial, pois n\u00e3o se remetem apenas aos aspectos do marketing comercial. O prop\u00f3sito de conscientiza\u00e7\u00e3o enterneceu o mundo todo atravessando diferentes culturas, mantendo a proposta de sensibiliza\u00e7\u00e3o social. Al\u00e9m do aspecto humanit\u00e1rio, essas campanhas t\u00eam sido usadas tamb\u00e9m para arrecadar fundos para pesquisas e foi exatamente esta tend\u00eancia que facilitou a organiza\u00e7\u00e3o de cores. Destinadas \u00e0 orienta\u00e7\u00e3o de debates gerais, cada m\u00eas do ano ganhou uma refer\u00eancia que, em alguns casos, se desdobram em duas ou mais propostas. Ainda que n\u00e3o haja unanimidade, assim as campanhas podem ser consideradas:<\/p>\n<p>JANEIRO BRANCO: remete aos cuidados com a sa\u00fade mental<\/p>\n<p>FEVEREIRO: tem dupla colora\u00e7\u00e3o, o roxo remete \u00e0 crescente onda do Alzheimer e na vers\u00e3o laranja inscreve campanhas sobre a leucemia<\/p>\n<p>MAR\u00c7O LIL\u00c1S: destinado \u00e0 preven\u00e7\u00e3o de c\u00e2nceres, tanto o de colo do \u00fatero como o combate ao c\u00e2ncer colorretal<\/p>\n<p>ABRIL AZUL: os la\u00e7os claros se prontificam \u00e0s representa\u00e7\u00f5es em favor de esclarecimentos sobre o autismo<\/p>\n<p>MAIO: a cor encarnada serve para debater males da hepatite<\/p>\n<p>JUNHO VERMELHO: m\u00eas ligado \u00e0 doa\u00e7\u00e3o de sangue<\/p>\n<p>JULHO AMARELO: tom claro, indicativo do combate ao c\u00e2ncer \u00f3sseo.<\/p>\n<p>AGOSTO: duplica as cores, o ALARANJADO destinado \u00e0 esclerose m\u00faltipla e o DOURADO para o aleitamento materno<\/p>\n<p>SETEMBRO AMARELO FORTE: remete \u00e0 preven\u00e7\u00e3o do suic\u00eddio<\/p>\n<p><img loading=\"lazy\" decoding=\"async\" class=\"alignnone size-medium wp-image-19387 aligncenter\" src=\"http:\/\/jornalcontato.com.br\/home\/wp-content\/uploads\/2021\/10\/Outubro-rosa-2-300x164.jpg\" alt=\"\" width=\"300\" height=\"164\" srcset=\"https:\/\/jornalcontato.com.br\/home\/wp-content\/uploads\/2021\/10\/Outubro-rosa-2-300x164.jpg 300w, https:\/\/jornalcontato.com.br\/home\/wp-content\/uploads\/2021\/10\/Outubro-rosa-2-450x245.jpg 450w, https:\/\/jornalcontato.com.br\/home\/wp-content\/uploads\/2021\/10\/Outubro-rosa-2-768x419.jpg 768w, https:\/\/jornalcontato.com.br\/home\/wp-content\/uploads\/2021\/10\/Outubro-rosa-2.jpg 1100w\" sizes=\"auto, (max-width: 300px) 100vw, 300px\" \/><\/p>\n<p>OUTUBRO ROSA: vale para o alerta ao c\u00e2ncer de mama<\/p>\n<p>NOVEMBRO AZUL FORTE: para chamar a aten\u00e7\u00e3o para o c\u00e2ncer de pr\u00f3stata<\/p>\n<p>DEZEMBRO duplica as cores: o VERMELHO relativo ao combate \u00e0 aids e o LARANJA contra o c\u00e2ncer de pele<\/p>\n<p>Pois \u00e9, estamos em outubro, alinhando o final do ano. O m\u00eas n\u00famero 10 carrega tamb\u00e9m a homenagem ao dia em que os europeus chegaram \u00e0 Am\u00e9rica, \u00e0 Padroeira do Brasil e aos professores. O destaque sugerido pela \u00e1rea da sa\u00fade, contudo, recomenda cuidados especiais com o c\u00e2ncer de mama e isto demanda aten\u00e7\u00e3o. De maneira provocante, acho que o mote do la\u00e7o rosa merece mais do que se tem visto. Falar deste c\u00e2ncer amplia responsabilidades por remeter tamb\u00e9m a outro destaque do m\u00eas: a sa\u00fade mental comemorada no dia 10. A considera\u00e7\u00e3o do combate ao c\u00e2ncer de mana no dia da rever\u00eancia \u00e0 sa\u00fade mental duplica deveres. Consideremos ambas.<\/p>\n","protected":false},"excerpt":{"rendered":"<p>Fiquei curioso. De maneira sutil, aos poucos aquelas fitinhas dobradas de maneira a imitar um la\u00e7o mal terminado e com as pontas voltadas para baixo &#8230;<\/p>\n","protected":false},"author":1,"featured_media":19388,"comment_status":"open","ping_status":"open","sticky":false,"template":"","format":"standard","meta":{"footnotes":""},"categories":[1],"tags":[],"class_list":["post-19384","post","type-post","status-publish","format-standard","has-post-thumbnail","hentry","category-nacional"],"_links":{"self":[{"href":"https:\/\/www.jornalcontato.com.br\/home\/index.php\/wp-json\/wp\/v2\/posts\/19384","targetHints":{"allow":["GET"]}}],"collection":[{"href":"https:\/\/www.jornalcontato.com.br\/home\/index.php\/wp-json\/wp\/v2\/posts"}],"about":[{"href":"https:\/\/www.jornalcontato.com.br\/home\/index.php\/wp-json\/wp\/v2\/types\/post"}],"author":[{"embeddable":true,"href":"https:\/\/www.jornalcontato.com.br\/home\/index.php\/wp-json\/wp\/v2\/users\/1"}],"replies":[{"embeddable":true,"href":"https:\/\/www.jornalcontato.com.br\/home\/index.php\/wp-json\/wp\/v2\/comments?post=19384"}],"version-history":[{"count":1,"href":"https:\/\/www.jornalcontato.com.br\/home\/index.php\/wp-json\/wp\/v2\/posts\/19384\/revisions"}],"predecessor-version":[{"id":19389,"href":"https:\/\/www.jornalcontato.com.br\/home\/index.php\/wp-json\/wp\/v2\/posts\/19384\/revisions\/19389"}],"wp:featuredmedia":[{"embeddable":true,"href":"https:\/\/www.jornalcontato.com.br\/home\/index.php\/wp-json\/wp\/v2\/media\/19388"}],"wp:attachment":[{"href":"https:\/\/www.jornalcontato.com.br\/home\/index.php\/wp-json\/wp\/v2\/media?parent=19384"}],"wp:term":[{"taxonomy":"category","embeddable":true,"href":"https:\/\/www.jornalcontato.com.br\/home\/index.php\/wp-json\/wp\/v2\/categories?post=19384"},{"taxonomy":"post_tag","embeddable":true,"href":"https:\/\/www.jornalcontato.com.br\/home\/index.php\/wp-json\/wp\/v2\/tags?post=19384"}],"curies":[{"name":"wp","href":"https:\/\/api.w.org\/{rel}","templated":true}]}}