{"id":19346,"date":"2021-09-20T09:22:11","date_gmt":"2021-09-20T12:22:11","guid":{"rendered":"http:\/\/www.jornalcontato.com.br\/home\/?p=19346"},"modified":"2021-09-20T09:25:24","modified_gmt":"2021-09-20T12:25:24","slug":"o-woodstock-negro-e-um-lotus-branco-marcello-serpa-oglobo","status":"publish","type":"post","link":"https:\/\/www.jornalcontato.com.br\/home\/index.php\/o-woodstock-negro-e-um-lotus-branco-marcello-serpa-oglobo\/","title":{"rendered":"O Woodstock negro e um l\u00f3tus branco (Marcello Serpa &#8211; OGlobo)"},"content":{"rendered":"<p style=\"text-align: right;\"><em><strong>Ao Mestre Sebe, um pouco da Hist\u00f3ria que o Imp\u00e9rio tenta esconder<\/strong><\/em><\/p>\n<p style=\"text-align: center;\"><em><strong>Desde 1969, caixas com fitas de v\u00eddeo e \u00e1udio, num total de 40 horas de grava\u00e7\u00f5es, ficaram guardadas num por\u00e3o esperando em v\u00e3o por algum interesse da ind\u00fastria cultural americana<\/strong><\/em><\/p>\n<p>Acaba de sair um filme surpreendente: \u201cSummer of soul (ou, quando a revolu\u00e7\u00e3o n\u00e3o p\u00f4de ser televisionada)\u201d, sobre o Harlem Cultural Festival. Ao ar livre, num parque ao norte de Nova York, lendas do soul, blues, gospel e latin jazz tocaram para mais de 50 mil pessoas em cada um de seis domingos no ver\u00e3o de 1969 para, em vez de entrar para a Hist\u00f3ria da m\u00fasica negra, passar em branco pela m\u00eddia americana por mais de 50 anos.<\/p>\n<p>\u201cUma rosa crescendo no cimento\u201d, segundo quem assistiu \u00e0 dignidade de uma Nina Simone se juntar a um B.B. King em transe. A catarse de Stevie Wonder tocando bateria e teclados, que, al\u00e9m de quem l\u00e1 estava, ningu\u00e9m ouviu, viu ou conhecia at\u00e9 o lan\u00e7amento do document\u00e1rio de Ahmir \u201cQuestlove\u201d Thompson, m\u00fasico, produtor, l\u00edder de banda hip-hop e conhecido por ser aquela figura enorme e sorridente que dirigiu a orquestra na \u00faltima cerim\u00f4nia do Oscar.<\/p>\n<p><a href=\"http:\/\/jornalcontato.com.br\/home\/wp-content\/uploads\/2021\/09\/Questlovo-do-The-Roots-diretor-do-documentario.png\"><img loading=\"lazy\" decoding=\"async\" class=\"aligncenter size-large wp-image-19347\" src=\"http:\/\/jornalcontato.com.br\/home\/wp-content\/uploads\/2021\/09\/Questlovo-do-The-Roots-diretor-do-documentario-450x305.png\" alt=\"\" width=\"450\" height=\"305\" srcset=\"https:\/\/jornalcontato.com.br\/home\/wp-content\/uploads\/2021\/09\/Questlovo-do-The-Roots-diretor-do-documentario-450x305.png 450w, https:\/\/jornalcontato.com.br\/home\/wp-content\/uploads\/2021\/09\/Questlovo-do-The-Roots-diretor-do-documentario-300x204.png 300w, https:\/\/jornalcontato.com.br\/home\/wp-content\/uploads\/2021\/09\/Questlovo-do-The-Roots-diretor-do-documentario.png 628w\" sizes=\"auto, (max-width: 450px) 100vw, 450px\" \/><\/a><\/p>\n<p style=\"text-align: center;\"><em><strong>Questlove, do The Roots, dirigiu o document\u00e1rio<\/strong><\/em><\/p>\n<p>Na tentativa de atrair as redes de televis\u00e3o ou os est\u00fadios de Hollywood, o produtor e dono das imagens, Hal Tulchin, apelidou o festival de Black Woodstock. S\u00f3 depois de sua morte, em 2017, as imagens in\u00e9ditas chegaram at\u00e9 Questlove, que, n\u00e3o acreditando no que via e ouvia, resolveu produzir o document\u00e1rio.<\/p>\n<p>O Harlem, ainda em luto depois do assassinato de Martin Luther King um ano antes, recebeu o festival como v\u00e1lvula de escape para as frustra\u00e7\u00f5es de uma comunidade em luta contra a discrimina\u00e7\u00e3o e em busca da sua identidade. Segundo o ativista de direitos civis Al Sharpton, Jr., esse ver\u00e3o de 69 \u00e9 \u201c<em>where the negro died and black was born<\/em>\u201d, onde o termo pejorativo \u201cnegro\u201d morre, e nasce o orgulho \u201c<em>black<\/em>\u201d.<\/p>\n<p>O ver\u00e3o de 1969 foi intenso. O homem pousou na Lua, Charles Mason e seus disc\u00edpulos cometeram um dos crimes mais brutais da Hist\u00f3ria dos Estados Unidos, e, a duas horas de dist\u00e2ncia do Harlem, um evento definiu uma gera\u00e7\u00e3o: Woodstock. Tudo filmado, televisionado, documentado, escrito e discutido por uma m\u00eddia e uma ind\u00fastria cultural que, com sua mem\u00f3ria seletiva, esqueceram num por\u00e3o um cap\u00edtulo incr\u00edvel da hist\u00f3ria da m\u00fasica americana.<\/p>\n<p><a href=\"http:\/\/jornalcontato.com.br\/home\/wp-content\/uploads\/2021\/09\/Nina-Simone.jpg\"><img loading=\"lazy\" decoding=\"async\" class=\"aligncenter size-large wp-image-19348\" src=\"http:\/\/jornalcontato.com.br\/home\/wp-content\/uploads\/2021\/09\/Nina-Simone-450x348.jpg\" alt=\"\" width=\"450\" height=\"348\" srcset=\"https:\/\/jornalcontato.com.br\/home\/wp-content\/uploads\/2021\/09\/Nina-Simone-450x348.jpg 450w, https:\/\/jornalcontato.com.br\/home\/wp-content\/uploads\/2021\/09\/Nina-Simone-300x232.jpg 300w, https:\/\/jornalcontato.com.br\/home\/wp-content\/uploads\/2021\/09\/Nina-Simone-768x594.jpg 768w, https:\/\/jornalcontato.com.br\/home\/wp-content\/uploads\/2021\/09\/Nina-Simone-1536x1189.jpg 1536w, https:\/\/jornalcontato.com.br\/home\/wp-content\/uploads\/2021\/09\/Nina-Simone.jpg 1969w\" sizes=\"auto, (max-width: 450px) 100vw, 450px\" \/><\/a><\/p>\n<p style=\"text-align: center;\"><em><strong>Nina Simone, ao contr\u00e1rio de Jimmy Hendrix, prestigiou o Black Woodstock<\/strong><\/em><\/p>\n<p>\u00a0As m\u00fasicas de \u201cSummer of soul\u201d s\u00e3o alguns dos chicletes de ouvido de uma era. O grupo The 5th Dimension cantando a m\u00fasica mais tocada de 1969, \u201cAquarius \u2014 Let the sunshine in\u201d, do musical \u201cHair\u201d. Sly &amp; The Family Stone, mais pop do que nunca, e seu \u201cEveryday people\u201d. A rainha do gospel, Mahalia Jackson, num vocal de arrepiar, e o grupo religioso Edwin Hawkins Singers, todos de verde-lim\u00e3o, cantando \u201cOh happy day\u201d, me converteram instantaneamente.<\/p>\n<p><strong>Se \u201cSummer of soul\u201d \u00e9 fundamental, a s\u00e9rie de seis epis\u00f3dios \u201cL\u00f3tus branco\u201d \u00e9 imperd\u00edvel<\/strong>.<\/p>\n<p>Personagens e atores incr\u00edveis numa hist\u00f3ria criada por um quase s\u00e1dico Mike White, que nunca nos deixa saber se devemos rir, chorar, sentir vergonha ou raiva.<\/p>\n<p>Um grupo de superprivilegiados de f\u00e9rias num luxuoso resort havaiano. A cada epis\u00f3dio, a tens\u00e3o vai acumulando entre os funcion\u00e1rios do hotel, com seus sorrisos artificiais e condescendentes, e os h\u00f3spedes agindo como crian\u00e7as mimadas, carentes da aten\u00e7\u00e3o especial que acham estar embutida no pacote. Comportam-se como se o \u00fanico objetivo nesta vida fosse acumular dinheiro, vantagens, coisas, experi\u00eancias, incapazes de perceber o mal que podem causar a quem est\u00e1 por baixo ou ao lado.<\/p>\n<p><a href=\"http:\/\/jornalcontato.com.br\/home\/wp-content\/uploads\/2021\/09\/Black-Woodstock-1969.jpg\"><img loading=\"lazy\" decoding=\"async\" class=\"aligncenter size-large wp-image-19349\" src=\"http:\/\/jornalcontato.com.br\/home\/wp-content\/uploads\/2021\/09\/Black-Woodstock-1969-450x271.jpg\" alt=\"\" width=\"450\" height=\"271\" srcset=\"https:\/\/jornalcontato.com.br\/home\/wp-content\/uploads\/2021\/09\/Black-Woodstock-1969-450x271.jpg 450w, https:\/\/jornalcontato.com.br\/home\/wp-content\/uploads\/2021\/09\/Black-Woodstock-1969-300x180.jpg 300w, https:\/\/jornalcontato.com.br\/home\/wp-content\/uploads\/2021\/09\/Black-Woodstock-1969.jpg 640w\" sizes=\"auto, (max-width: 450px) 100vw, 450px\" \/><\/a><\/p>\n<p style=\"text-align: center;\"><em><strong>Panor\u00e2mica do Black Woodstock em 1969<\/strong><\/em><\/p>\n<p>Numa discuss\u00e3o sobre a opress\u00e3o do povo nativo do Hava\u00ed, desde a derrubada do reino do Hava\u00ed e sua anexa\u00e7\u00e3o pelos Estados Unidos, em 1898, um dos personagens d\u00e1 para a filha adolescente sua vers\u00e3o sobre o que \u00e9 privil\u00e9gio: \u201cNingu\u00e9m cede seus privil\u00e9gios. Isso \u00e9 um absurdo, vai contra a natureza humana. Todos estamos tentando ganhar o jogo da vida\u201d. Para ele, estava tudo certo, os havaianos perderam, e agora que soprem as conchas para chamar para o jantar e dancem hula para os turistas.<\/p>\n<p>Se a imagem da rosa crescendo no cimento define bem o Harlem Festival, o t\u00edtulo dado pelos criadores de \u201cL\u00f3tus branco\u201d \u00e9 de uma ironia cruel: no Hava\u00ed, uma flor de l\u00f3tus nascendo da lama e da sombra para reinar linda e branca.<\/p>\n","protected":false},"excerpt":{"rendered":"<p>Ao Mestre Sebe, um pouco da Hist\u00f3ria que o Imp\u00e9rio tenta esconder Desde 1969, caixas com fitas de v\u00eddeo e \u00e1udio, num total de 40 &#8230;<\/p>\n","protected":false},"author":1,"featured_media":19350,"comment_status":"open","ping_status":"open","sticky":false,"template":"","format":"standard","meta":{"footnotes":""},"categories":[1],"tags":[],"class_list":["post-19346","post","type-post","status-publish","format-standard","has-post-thumbnail","hentry","category-nacional"],"_links":{"self":[{"href":"https:\/\/www.jornalcontato.com.br\/home\/index.php\/wp-json\/wp\/v2\/posts\/19346","targetHints":{"allow":["GET"]}}],"collection":[{"href":"https:\/\/www.jornalcontato.com.br\/home\/index.php\/wp-json\/wp\/v2\/posts"}],"about":[{"href":"https:\/\/www.jornalcontato.com.br\/home\/index.php\/wp-json\/wp\/v2\/types\/post"}],"author":[{"embeddable":true,"href":"https:\/\/www.jornalcontato.com.br\/home\/index.php\/wp-json\/wp\/v2\/users\/1"}],"replies":[{"embeddable":true,"href":"https:\/\/www.jornalcontato.com.br\/home\/index.php\/wp-json\/wp\/v2\/comments?post=19346"}],"version-history":[{"count":3,"href":"https:\/\/www.jornalcontato.com.br\/home\/index.php\/wp-json\/wp\/v2\/posts\/19346\/revisions"}],"predecessor-version":[{"id":19353,"href":"https:\/\/www.jornalcontato.com.br\/home\/index.php\/wp-json\/wp\/v2\/posts\/19346\/revisions\/19353"}],"wp:featuredmedia":[{"embeddable":true,"href":"https:\/\/www.jornalcontato.com.br\/home\/index.php\/wp-json\/wp\/v2\/media\/19350"}],"wp:attachment":[{"href":"https:\/\/www.jornalcontato.com.br\/home\/index.php\/wp-json\/wp\/v2\/media?parent=19346"}],"wp:term":[{"taxonomy":"category","embeddable":true,"href":"https:\/\/www.jornalcontato.com.br\/home\/index.php\/wp-json\/wp\/v2\/categories?post=19346"},{"taxonomy":"post_tag","embeddable":true,"href":"https:\/\/www.jornalcontato.com.br\/home\/index.php\/wp-json\/wp\/v2\/tags?post=19346"}],"curies":[{"name":"wp","href":"https:\/\/api.w.org\/{rel}","templated":true}]}}