{"id":19295,"date":"2021-08-28T18:33:29","date_gmt":"2021-08-28T21:33:29","guid":{"rendered":"http:\/\/www.jornalcontato.com.br\/home\/?p=19295"},"modified":"2021-08-28T18:33:29","modified_gmt":"2021-08-28T21:33:29","slug":"piada-numa-hora-dessas-carlos-alberto-sardenberg-o-globo","status":"publish","type":"post","link":"https:\/\/www.jornalcontato.com.br\/home\/index.php\/piada-numa-hora-dessas-carlos-alberto-sardenberg-o-globo\/","title":{"rendered":"Piada numa hora dessas? (Carlos Alberto Sardenberg &#8211; O Globo)"},"content":{"rendered":"<p><strong><em>Pois \u00e9, estava preparando uma coluna de humor, na medida de minhas limita\u00e7\u00f5es. Ocorre que os fatos ajudavam.<\/em><\/strong><\/p>\n<p>Considerem a senten\u00e7a da ju\u00edza Pollyanna Kelly Maciel Medeiros Martins Alves que livrou o blogueiro Allan dos Santos do crime de amea\u00e7as ao ministro Lu\u00eds Roberto Barroso. Ela faz uma argumenta\u00e7\u00e3o at\u00e9 pertinente sobre como caracterizar uma amea\u00e7a, mas escorrega feio na conclus\u00e3o. Diz que n\u00e3o haveria possibilidade de concretiza\u00e7\u00e3o da amea\u00e7a, j\u00e1 que o ministro possui equipe de \u201cseguran\u00e7as qualificados\u201d e um setor de intelig\u00eancia \u201cigualmente preparado\u201d.<\/p>\n<p>Ora, se um ministro do STF, numa democracia, precisa de \u201cseguran\u00e7as qualificados\u201d para sair na rua, s\u00f3 pode ser porque est\u00e1 sendo&#8230; amea\u00e7ado.<\/p>\n<p>Mas tamb\u00e9m tem humor no coment\u00e1rio do procurador-geral da Rep\u00fablica, Augusto Aras, quando tentou explicar por que n\u00e3o tomava provid\u00eancias contra o presidente Bolsonaro por n\u00e3o usar a m\u00e1scara e ainda incentivar outros a n\u00e3o us\u00e1-la.<\/p>\n<p><a href=\"http:\/\/jornalcontato.com.br\/home\/wp-content\/uploads\/2021\/08\/Bozo-com-fuzil.jpg\"><img loading=\"lazy\" decoding=\"async\" class=\"aligncenter size-large wp-image-19297\" src=\"http:\/\/jornalcontato.com.br\/home\/wp-content\/uploads\/2021\/08\/Bozo-com-fuzil-450x333.jpg\" alt=\"\" width=\"450\" height=\"333\" srcset=\"https:\/\/jornalcontato.com.br\/home\/wp-content\/uploads\/2021\/08\/Bozo-com-fuzil-450x333.jpg 450w, https:\/\/jornalcontato.com.br\/home\/wp-content\/uploads\/2021\/08\/Bozo-com-fuzil-300x222.jpg 300w, https:\/\/jornalcontato.com.br\/home\/wp-content\/uploads\/2021\/08\/Bozo-com-fuzil.jpg 640w\" sizes=\"auto, (max-width: 450px) 100vw, 450px\" \/><\/a><\/p>\n<p style=\"text-align: center;\"><em><strong>Se um ministro do STF precisa de \u201cseguran\u00e7as qualificados\u201d s\u00f3 pode ser porque est\u00e1 sendo&#8230; amea\u00e7ado<\/strong><\/em><\/p>\n<p>O procurador n\u00e3o tem d\u00favida da ilicitude do comportamento presidencial, afirmou. Mas ressalvou: \u00e9 caso de multa administrativa. E arrematou: \u201cFalar (no caso das m\u00e1scaras) em pena de natureza criminal, que \u00e9 diferente de outras san\u00e7\u00f5es, pode ser algo extremamente perigoso\u201d.<\/p>\n<p>Ou seja, \u00e9 \u201cextremamente perigoso\u201d denunciar o presidente pela conduta de colocar em risco a vida de pessoas, inclusive crian\u00e7as.<\/p>\n<p>Tem outra: o procurador disse que n\u00e3o \u201ccriminaliza a pol\u00edtica\u201d, por isso desmontou a Lava-Jato. O que quer dizer isso? A Lava-Jato n\u00e3o criminalizou a pol\u00edtica, apenas apanhou pol\u00edticos ladr\u00f5es, assim contribuindo para sanear o ambiente pol\u00edtico. Logo, o que fez Aras? Livrou os pol\u00edticos e criminalizou a Lava-Jato.<\/p>\n<p>O trof\u00e9u de campe\u00e3o nesse departamento continua com o ministro Guedes. Fechando a cole\u00e7\u00e3o de semanas atr\u00e1s, mandou ver h\u00e1 dias: \u201cQual o problema agora que a energia vai ficar um pouco mais cara porque choveu menos?\u201d.<\/p>\n<p>Sabem qu\u00e3o \u201cpouco\u201d a energia el\u00e9trica ficou mais cara nos 12 meses terminados em agosto? S\u00f3 20,4%, bem acima da infla\u00e7\u00e3o, 9,3%, penalizando as fam\u00edlias mais pobres e toda atividade econ\u00f4mica dependente dessa energia.<\/p>\n<p>Mas, para o ministro, essa infla\u00e7\u00e3o tamb\u00e9m n\u00e3o \u00e9 problema. Tem infla\u00e7\u00e3o tamb\u00e9m nos EUA; logo, est\u00e3o reclamando do qu\u00ea? Estamos ali, mano a mano.<\/p>\n<p>Nem precisava, mas mostramos no Jornal da Globo e na CBN que a infla\u00e7\u00e3o nos EUA \u00e9 menor, o PIB \u00e9 maior, o desemprego muito menor, a taxa de juros \u00e9 zero.<\/p>\n<p>Teve mais: o ministro da Sa\u00fade, Marcelo Queiroga, numa boa, cometeu a irregularidade de vacinar o deputado Eduardo Bolsonaro \u2014 n\u00e3o pela vacina, claro, mas porque o deputado estava sem m\u00e1scara!<\/p>\n<p>Segue a s\u00e9rie: enquanto o pr\u00f3prio governo admite que os reservat\u00f3rios das hidrel\u00e9tricas est\u00e3o no limite do limite, o presidente Bolsonaro, com sua sabedoria de botequim, pede \u00e0s fam\u00edlias: apaguem uma l\u00e2mpada.<\/p>\n<p>Assim, a gente vinha nessa toada de goza\u00e7\u00e3o at\u00e9 ontem. A\u00ed a coisa engrossou. O presidente Bolsonaro, no cercadinho, disparou: \u201cTem que todo mundo comprar fuzil, p\u00f4\u201d. Ainda recomendou o fuzil, o 762, pesado, ressalvou que \u00e9 caro \u2014 por volta dos R$ 14 mil \u2014e a\u00ed mandou ver: \u201cTem um idiota: \u2018Ah, tem que comprar \u00e9 feij\u00e3o\u2019. Cara, se n\u00e3o quer comprar fuzil, n\u00e3o enche o saco de quem quer comprar\u201d.<\/p>\n<p><a href=\"http:\/\/jornalcontato.com.br\/home\/wp-content\/uploads\/2021\/08\/Inflacao.jpg\"><img loading=\"lazy\" decoding=\"async\" class=\"aligncenter size-large wp-image-19298\" src=\"http:\/\/jornalcontato.com.br\/home\/wp-content\/uploads\/2021\/08\/Inflacao-450x282.jpg\" alt=\"\" width=\"450\" height=\"282\" srcset=\"https:\/\/jornalcontato.com.br\/home\/wp-content\/uploads\/2021\/08\/Inflacao-450x282.jpg 450w, https:\/\/jornalcontato.com.br\/home\/wp-content\/uploads\/2021\/08\/Inflacao-300x188.jpg 300w, https:\/\/jornalcontato.com.br\/home\/wp-content\/uploads\/2021\/08\/Inflacao-768x482.jpg 768w, https:\/\/jornalcontato.com.br\/home\/wp-content\/uploads\/2021\/08\/Inflacao.jpg 800w\" sizes=\"auto, (max-width: 450px) 100vw, 450px\" \/><\/a><\/p>\n<p style=\"text-align: center;\"><em><strong>Infla\u00e7\u00e3o: s\u00f3 n\u00e3o v\u00ea quem n\u00e3o quer ver<\/strong><\/em><\/p>\n<p>N\u00e3o tem mais gra\u00e7a. A\u00ed \u00e9 ofender a popula\u00e7\u00e3o, especialmente a mais pobre. Os alimentos tiveram forte alta de pre\u00e7o neste ano. O feij\u00e3o subiu quase 11% em 12 meses e ainda ficou bem atr\u00e1s do arroz, com alta de 37%.<\/p>\n<p>Eis onde estamos: a infla\u00e7\u00e3o alta tira poder aquisitivo das fam\u00edlias; a crise h\u00eddrica encarece a energia el\u00e9trica; o d\u00f3lar e os pre\u00e7os internacionais encarecem todos os tipos de energia, etanol (52,7%, nos \u00faltimos 12 meses), gasolina (39%), diesel (35%), g\u00e1s de botij\u00e3o (31%); o desemprego segue recorde; o PIB minguando; risco forte de falta de energia.<\/p>\n<p>O presidente manda apagar uma l\u00e2mpada, comprar fuzil e badernar no 7 de Setembro.<\/p>\n<p>N\u00e3o est\u00e1 para brincadeira.<\/p>\n","protected":false},"excerpt":{"rendered":"<p>Pois \u00e9, estava preparando uma coluna de humor, na medida de minhas limita\u00e7\u00f5es. Ocorre que os fatos ajudavam. Considerem a senten\u00e7a da ju\u00edza Pollyanna Kelly &#8230;<\/p>\n","protected":false},"author":1,"featured_media":19296,"comment_status":"open","ping_status":"open","sticky":false,"template":"","format":"standard","meta":{"footnotes":""},"categories":[1],"tags":[],"class_list":["post-19295","post","type-post","status-publish","format-standard","has-post-thumbnail","hentry","category-nacional"],"_links":{"self":[{"href":"https:\/\/www.jornalcontato.com.br\/home\/index.php\/wp-json\/wp\/v2\/posts\/19295","targetHints":{"allow":["GET"]}}],"collection":[{"href":"https:\/\/www.jornalcontato.com.br\/home\/index.php\/wp-json\/wp\/v2\/posts"}],"about":[{"href":"https:\/\/www.jornalcontato.com.br\/home\/index.php\/wp-json\/wp\/v2\/types\/post"}],"author":[{"embeddable":true,"href":"https:\/\/www.jornalcontato.com.br\/home\/index.php\/wp-json\/wp\/v2\/users\/1"}],"replies":[{"embeddable":true,"href":"https:\/\/www.jornalcontato.com.br\/home\/index.php\/wp-json\/wp\/v2\/comments?post=19295"}],"version-history":[{"count":1,"href":"https:\/\/www.jornalcontato.com.br\/home\/index.php\/wp-json\/wp\/v2\/posts\/19295\/revisions"}],"predecessor-version":[{"id":19299,"href":"https:\/\/www.jornalcontato.com.br\/home\/index.php\/wp-json\/wp\/v2\/posts\/19295\/revisions\/19299"}],"wp:featuredmedia":[{"embeddable":true,"href":"https:\/\/www.jornalcontato.com.br\/home\/index.php\/wp-json\/wp\/v2\/media\/19296"}],"wp:attachment":[{"href":"https:\/\/www.jornalcontato.com.br\/home\/index.php\/wp-json\/wp\/v2\/media?parent=19295"}],"wp:term":[{"taxonomy":"category","embeddable":true,"href":"https:\/\/www.jornalcontato.com.br\/home\/index.php\/wp-json\/wp\/v2\/categories?post=19295"},{"taxonomy":"post_tag","embeddable":true,"href":"https:\/\/www.jornalcontato.com.br\/home\/index.php\/wp-json\/wp\/v2\/tags?post=19295"}],"curies":[{"name":"wp","href":"https:\/\/api.w.org\/{rel}","templated":true}]}}