{"id":19218,"date":"2021-07-27T12:16:54","date_gmt":"2021-07-27T15:16:54","guid":{"rendered":"http:\/\/www.jornalcontato.com.br\/home\/?p=19218"},"modified":"2021-07-27T12:18:23","modified_gmt":"2021-07-27T15:18:23","slug":"cerco-a-conrado-hubner-mendes-cristina-serra-folha","status":"publish","type":"post","link":"https:\/\/www.jornalcontato.com.br\/home\/index.php\/cerco-a-conrado-hubner-mendes-cristina-serra-folha\/","title":{"rendered":"Cerco a Conrado H\u00fcbner Mendes  (Cristina Serra &#8211; Folha)"},"content":{"rendered":"<p style=\"text-align: center;\"><em><strong>Respeitado jurista \u00e9 considerado uma amea\u00e7a pelos bolsonaristas como Augsto (PGR) Aras e K\u00e1ssio Nunes Marques (STF)<\/strong><\/em><\/p>\n<p style=\"text-align: center;\"><strong><em>A trucul\u00eancia \u00e9 coordenada e tem o prop\u00f3sito de intimida\u00e7\u00e3o e censura<\/em><\/strong><\/p>\n<p>\u00c0s v\u00e9speras da P\u00e1scoa, o v\u00edrus se espalhava com f\u00faria entre n\u00f3s. Mar\u00e7o havia fechado com 320 mil brasileiros mortos, quase 4.000 por dia. E o que fez o ministro do Supremo Tribunal Federal K\u00e1ssio Nunes Marques? No S\u00e1bado de Aleluia, atendeu pedido de uma associa\u00e7\u00e3o de juristas evang\u00e9licos e liberou a presen\u00e7a dos fieis em templos. Dias depois, o plen\u00e1rio derrubou a liminar.<\/p>\n<p>Na \u00e9poca, a decis\u00e3o do ministro foi criticada em artigo de Conrado H\u00fcbner Mendes, professor de direito constitucional da Universidade de S\u00e3o Paulo (USP) e colunista desta Folha. H\u00fcbner Mendes tem sido observador atento de desvios e falhas do Judici\u00e1rio, em especial do STF, prestando servi\u00e7o inestim\u00e1vel aos leitores, ajudando-nos a entender o funcionamento do mais opaco dos Poderes.<\/p>\n<p><a href=\"http:\/\/jornalcontato.com.br\/home\/wp-content\/uploads\/2021\/07\/Conrado-Hubneer-Mendes.jpg\"><img loading=\"lazy\" decoding=\"async\" class=\"aligncenter size-large wp-image-19219\" src=\"http:\/\/jornalcontato.com.br\/home\/wp-content\/uploads\/2021\/07\/Conrado-Hubneer-Mendes-450x300.jpg\" alt=\"\" width=\"450\" height=\"300\" srcset=\"https:\/\/jornalcontato.com.br\/home\/wp-content\/uploads\/2021\/07\/Conrado-Hubneer-Mendes-450x300.jpg 450w, https:\/\/jornalcontato.com.br\/home\/wp-content\/uploads\/2021\/07\/Conrado-Hubneer-Mendes-300x200.jpg 300w, https:\/\/jornalcontato.com.br\/home\/wp-content\/uploads\/2021\/07\/Conrado-Hubneer-Mendes.jpg 768w\" sizes=\"auto, (max-width: 450px) 100vw, 450px\" \/><\/a><\/p>\n<p style=\"text-align: center;\"><strong><em>Conrado H\u00fcbner Mendes, professor de direito constitucional na USP<\/em><\/strong><\/p>\n<p>Sabe-se agora que Sua Excel\u00eancia n\u00e3o gostou do texto e pediu investiga\u00e7\u00e3o criminal ao procurador-geral da Rep\u00fablica, Augusto Aras, que j\u00e1 persegue H\u00fcbner Mendes por contrariedade com outras publica\u00e7\u00f5es do colunista, inclusive postagens em rede social. Aras entrou com uma a\u00e7\u00e3o na Justi\u00e7a Federal e com representa\u00e7\u00e3o no Conselho de \u00c9tica da USP. A trucul\u00eancia \u00e9 coordenada e tem o prop\u00f3sito de intimida\u00e7\u00e3o e censura.<\/p>\n<p>Autoridades deveriam entender que a submiss\u00e3o ao escrut\u00ednio p\u00fablico \u00e9 insepar\u00e1vel do exerc\u00edcio do poder. N\u00e3o \u00e9 o caso, obviamente, do ministro e do procurador-geral, que agem como instrumentos do bolsonarismo. Ambos desconhecem \u2014ou fingem desconhecer\u2014 que a liberdade de express\u00e3o \u00e9 direito consagrado na Constitui\u00e7\u00e3o e reafirmado pelo Supremo.<\/p>\n<p><a href=\"http:\/\/jornalcontato.com.br\/home\/wp-content\/uploads\/2021\/07\/Kassio-Nunes-Marques-1.jpg\"><img loading=\"lazy\" decoding=\"async\" class=\"aligncenter size-full wp-image-19221\" src=\"http:\/\/jornalcontato.com.br\/home\/wp-content\/uploads\/2021\/07\/Kassio-Nunes-Marques-1.jpg\" alt=\"\" width=\"275\" height=\"183\" \/><\/a><\/p>\n<p style=\"text-align: center;\"><em><strong>Ministro K\u00e1ssio Nunes Marques, primeira nomea\u00e7\u00e3o de Bolsonaro para o STF<\/strong><\/em><\/p>\n<p>O cerco a Conrado H\u00fcbner Mendes fere tamb\u00e9m a autonomia universit\u00e1ria. A representa\u00e7\u00e3o contra ele est\u00e1 parada no \u00e2mbito da Reitoria da USP. Investidas autorit\u00e1rias t\u00eam que ser enfrentadas sem medo e hesita\u00e7\u00e3o. O corpo docente precisa ter a certeza de que a universidade est\u00e1 do seu lado contra qualquer tentativa de silenciamento.<\/p>\n","protected":false},"excerpt":{"rendered":"<p>Respeitado jurista \u00e9 considerado uma amea\u00e7a pelos bolsonaristas como Augsto (PGR) Aras e K\u00e1ssio Nunes Marques (STF) A trucul\u00eancia \u00e9 coordenada e tem o prop\u00f3sito &#8230;<\/p>\n","protected":false},"author":1,"featured_media":19222,"comment_status":"open","ping_status":"open","sticky":false,"template":"","format":"standard","meta":{"footnotes":""},"categories":[1],"tags":[],"class_list":["post-19218","post","type-post","status-publish","format-standard","has-post-thumbnail","hentry","category-nacional"],"_links":{"self":[{"href":"https:\/\/www.jornalcontato.com.br\/home\/index.php\/wp-json\/wp\/v2\/posts\/19218","targetHints":{"allow":["GET"]}}],"collection":[{"href":"https:\/\/www.jornalcontato.com.br\/home\/index.php\/wp-json\/wp\/v2\/posts"}],"about":[{"href":"https:\/\/www.jornalcontato.com.br\/home\/index.php\/wp-json\/wp\/v2\/types\/post"}],"author":[{"embeddable":true,"href":"https:\/\/www.jornalcontato.com.br\/home\/index.php\/wp-json\/wp\/v2\/users\/1"}],"replies":[{"embeddable":true,"href":"https:\/\/www.jornalcontato.com.br\/home\/index.php\/wp-json\/wp\/v2\/comments?post=19218"}],"version-history":[{"count":2,"href":"https:\/\/www.jornalcontato.com.br\/home\/index.php\/wp-json\/wp\/v2\/posts\/19218\/revisions"}],"predecessor-version":[{"id":19224,"href":"https:\/\/www.jornalcontato.com.br\/home\/index.php\/wp-json\/wp\/v2\/posts\/19218\/revisions\/19224"}],"wp:featuredmedia":[{"embeddable":true,"href":"https:\/\/www.jornalcontato.com.br\/home\/index.php\/wp-json\/wp\/v2\/media\/19222"}],"wp:attachment":[{"href":"https:\/\/www.jornalcontato.com.br\/home\/index.php\/wp-json\/wp\/v2\/media?parent=19218"}],"wp:term":[{"taxonomy":"category","embeddable":true,"href":"https:\/\/www.jornalcontato.com.br\/home\/index.php\/wp-json\/wp\/v2\/categories?post=19218"},{"taxonomy":"post_tag","embeddable":true,"href":"https:\/\/www.jornalcontato.com.br\/home\/index.php\/wp-json\/wp\/v2\/tags?post=19218"}],"curies":[{"name":"wp","href":"https:\/\/api.w.org\/{rel}","templated":true}]}}