{"id":19184,"date":"2021-07-18T09:52:05","date_gmt":"2021-07-18T12:52:05","guid":{"rendered":"http:\/\/www.jornalcontato.com.br\/home\/?p=19184"},"modified":"2021-07-18T09:55:52","modified_gmt":"2021-07-18T12:55:52","slug":"o-metodo-da-mentira-marlene-couto-oglobo","status":"publish","type":"post","link":"https:\/\/www.jornalcontato.com.br\/home\/index.php\/o-metodo-da-mentira-marlene-couto-oglobo\/","title":{"rendered":"O M\u00c9TODO DA MENTIRA (Marlene Couto \u2013 OGLOBO)"},"content":{"rendered":"<p style=\"text-align: center;\"><strong><em>Sites bolsonaristas divulgam dados cient\u00edficos falsos sobre Covid-19, compartilhados depois por parlamentares<\/em><\/strong><\/p>\n<p>Uma das frentes de investiga\u00e7\u00e3o da CPI da Covid, a desinforma\u00e7\u00e3o sobre a doen\u00e7a no pa\u00eds \u00e9 marcada pela distribui\u00e7\u00e3o de mensagens falsas que simulam e falsificam a linguagem cient\u00edfica, fen\u00f4meno conhecido como \u201c<em>fake science<\/em>\u201d (ci\u00eancia falsa, em ingl\u00eas). O alerta \u00e9 de um estudo realizado por pesquisadores da Universidade Federal do Rio de Janeiro (UFRJ) e da Universidade Federal Fluminense (UFF) que identificou o uso da estrat\u00e9gia em ao menos 57 publica\u00e7\u00f5es feitas por 38 sites, a maioria bolsonarista, ao longo da pandemia. O GLOBO apurou que parte desses textos foi divulgada, inclusive, por parlamentares da base do governo.<\/p>\n<p>Essas publica\u00e7\u00f5es, no formato de reportagens jornal\u00edsticas, se valem de estrat\u00e9gias variadas: garimpam estudos cient\u00edficos reais e distorcem seu conte\u00fado, usam dados preliminares como se fossem definitivos ou citam informa\u00e7\u00f5es n\u00e3o verdadeiras para promover rem\u00e9dios ineficazes contra a Covid-19, como a ivermectina e a cloroquina.<\/p>\n<p>Tamb\u00e9m h\u00e1 exemplos de lan\u00e7amento de d\u00favidas sobre vacinas, al\u00e9m do combate ao uso de m\u00e1scara e ao distanciamento social, em uma ret\u00f3rica semelhante \u00e0 adotada pelo presidente Jair Bolsonaro e seus apoiadores. Alguns sites respons\u00e1veis por esses conte\u00fados j\u00e1 s\u00e3o alvo do inqu\u00e9rito das <em>fake news<\/em> no Supremo Tribunal Federal (STF).<\/p>\n<p><a href=\"http:\/\/jornalcontato.com.br\/home\/wp-content\/uploads\/2021\/07\/Deputado-federal-Helio-Lopes-e-Bozo.jpg\"><img loading=\"lazy\" decoding=\"async\" class=\"aligncenter size-large wp-image-19185\" src=\"http:\/\/jornalcontato.com.br\/home\/wp-content\/uploads\/2021\/07\/Deputado-federal-Helio-Lopes-e-Bozo-338x450.jpg\" alt=\"\" width=\"338\" height=\"450\" srcset=\"https:\/\/jornalcontato.com.br\/home\/wp-content\/uploads\/2021\/07\/Deputado-federal-Helio-Lopes-e-Bozo-338x450.jpg 338w, https:\/\/jornalcontato.com.br\/home\/wp-content\/uploads\/2021\/07\/Deputado-federal-Helio-Lopes-e-Bozo-225x300.jpg 225w, https:\/\/jornalcontato.com.br\/home\/wp-content\/uploads\/2021\/07\/Deputado-federal-Helio-Lopes-e-Bozo-768x1023.jpg 768w, https:\/\/jornalcontato.com.br\/home\/wp-content\/uploads\/2021\/07\/Deputado-federal-Helio-Lopes-e-Bozo.jpg 1022w\" sizes=\"auto, (max-width: 338px) 100vw, 338px\" \/><\/a><\/p>\n<p style=\"text-align: center;\"><em><strong>Deputado Federal H\u00e9lio Lopes (PSL), sub tenente do Ex\u00e9rcito, divulgador de fake news<\/strong><\/em><\/p>\n<p><strong>DIN\u00c2MICA SOFISTICADA<\/strong><\/p>\n<p>Coordenadora da pesquisa, que foi financiada pelo Conselho Nacional de Desenvolvimento Cient\u00edfico e Tecnol\u00f3gico (CNPq), a professora da UFRJ Rose Marie Santini destaca que, na pandemia, a \u201cfake science\u201d ganhou escala, velocidade e volume jamais vistos. No caso do Brasil, as mensagens falsas foram disseminadas e amplificadas por pol\u00edticos e influenciadores, al\u00e9m de canais institucionais oficiais do governo.<\/p>\n<p>\u2014 A din\u00e2mica de dissemina\u00e7\u00e3o da \u201c<em>fake science<\/em>\u201d ficou mais sofisticada. Os sites de desinforma\u00e7\u00e3o passaram a publicar \u201c<em>fake science<\/em>\u201d para embasar argumentos mentirosos sobre a pandemia. Portanto, tanto as not\u00edcias falsas sobre ci\u00eancia como artigos cient\u00edficos falsos passaram a ser massivamente compartilhados nas redes sociais. Isso demonstra que a ind\u00fastria de falsifica\u00e7\u00e3o de informa\u00e7\u00e3o passou a afetar a ci\u00eancia como vem afetando o jornalismo.<\/p>\n<p>O site com mais conte\u00fados publicados, segundo o levantamento, \u00e9 o Estudos Nacionais, com sete. A plataforma foi fundada pelo jornalista Cristian Derosa, que se apresenta como aluno do curso do ide\u00f3logo de direita Olavo de Carvalho, e j\u00e1 foi alvo de campanhas de desmonetiza\u00e7\u00e3o do movimento Sleeping Giants Brasil, que alerta as empresas sobre an\u00fancios em sites desinformativos. Em junho, a audi\u00eancia do Estudos Nacionais chegou a 410 mil visualiza\u00e7\u00f5es, segundo a plataforma SimilarWeb.<\/p>\n<p>Em um dos casos de \u201cfake science\u201d levantados, o Estudos Nacionais afirma que a vacina contra a Covid-19 desenvolvida pela Universidade de Oxford em parceria com a AstraZeneca \u201c\u00e9 produzida a partir de c\u00e9lulas de beb\u00eas abortados\u201d.<\/p>\n<p><a href=\"http:\/\/jornalcontato.com.br\/home\/wp-content\/uploads\/2021\/07\/Senador_Eduardo_Girao.jpg\"><img loading=\"lazy\" decoding=\"async\" class=\"size-large wp-image-19186 aligncenter\" src=\"http:\/\/jornalcontato.com.br\/home\/wp-content\/uploads\/2021\/07\/Senador_Eduardo_Girao-424x450.jpg\" alt=\"\" width=\"424\" height=\"450\" srcset=\"https:\/\/jornalcontato.com.br\/home\/wp-content\/uploads\/2021\/07\/Senador_Eduardo_Girao-424x450.jpg 424w, https:\/\/jornalcontato.com.br\/home\/wp-content\/uploads\/2021\/07\/Senador_Eduardo_Girao-283x300.jpg 283w, https:\/\/jornalcontato.com.br\/home\/wp-content\/uploads\/2021\/07\/Senador_Eduardo_Girao-768x815.jpg 768w, https:\/\/jornalcontato.com.br\/home\/wp-content\/uploads\/2021\/07\/Senador_Eduardo_Girao.jpg 1358w\" sizes=\"auto, (max-width: 424px) 100vw, 424px\" \/><\/a><\/p>\n<p style=\"text-align: center;\"><em><strong>Senador Eduardo Gir\u00e3o (Podemos) divulgador de fake sciences<\/strong><\/em><\/p>\n<p>Conte\u00fado falso semelhante sobre a Coronavac foi divulgado nas redes bolsonaristas e chegou a ser citado pelo senador Eduardo Gir\u00e3o (Podemos-CE) em uma sess\u00e3o da CPI em maio.<\/p>\n<p>Tamb\u00e9m comp\u00f5e a lista o site bolsonarista Ter\u00e7a Livre, do blogueiro Allan dos Santos. Em novembro de 2020, o site divulgou a afirma\u00e7\u00e3o falsa de que um artigo publicado no jornal acad\u00eamico <em>Nature Communication<\/em> comprovou que assintom\u00e1ticos n\u00e3o transmitem o coronav\u00edrus. Em m\u00e9dia, o Ter\u00e7a Livre tem mais de 1 milh\u00e3o de visualiza\u00e7\u00f5es mensais e est\u00e1 presente tamb\u00e9m nas redes. Na quinta-feira, o canal do site foi removido do YouTube, ap\u00f3s uma decis\u00e3o judicial, por violar diretrizes da plataforma.<\/p>\n<p>Outro site bolsonarista relevante nesse cen\u00e1rio \u00e9 o Brasil Sem Medo, que tem tr\u00e1fego de mais de 500 mil visitantes em m\u00e9dia e tamb\u00e9m \u00e9 comandado por apoiadores de Olavo de Carvalho. Em janeiro, o portal publicou dados de uma pesquisa da Universidade de Liverpool, no Reino Unido, sobre a efic\u00e1cia da ivermectina, sem indicar que a an\u00e1lise era preliminar. O conte\u00fado foi compartilhado pelos deputados federais H\u00e9lio Lopes (PSL-RJ), Otoni de Paula (PSC-RJ), Marco Feliciano (Republicanos-SP), Daniel Silveira (PSL-RJ) e pelo deputado estadual Delegado Francischini (PSL), do Paran\u00e1.<\/p>\n<p><a href=\"http:\/\/jornalcontato.com.br\/home\/wp-content\/uploads\/2021\/07\/Osmar-Terra.jpg\"><img loading=\"lazy\" decoding=\"async\" class=\"size-large wp-image-19187 aligncenter\" src=\"http:\/\/jornalcontato.com.br\/home\/wp-content\/uploads\/2021\/07\/Osmar-Terra-450x300.jpg\" alt=\"\" width=\"450\" height=\"300\" srcset=\"https:\/\/jornalcontato.com.br\/home\/wp-content\/uploads\/2021\/07\/Osmar-Terra-450x300.jpg 450w, https:\/\/jornalcontato.com.br\/home\/wp-content\/uploads\/2021\/07\/Osmar-Terra-300x200.jpg 300w, https:\/\/jornalcontato.com.br\/home\/wp-content\/uploads\/2021\/07\/Osmar-Terra-768x512.jpg 768w, https:\/\/jornalcontato.com.br\/home\/wp-content\/uploads\/2021\/07\/Osmar-Terra.jpg 800w\" sizes=\"auto, (max-width: 450px) 100vw, 450px\" \/><\/a><\/p>\n<p style=\"text-align: center;\"><em><strong>Osmar Terra, deputado Federal (MDB) queria ser ministro da Sa\u00fade e divulgou fake news<\/strong><\/em><\/p>\n<p><strong>IDENTIDADE PERDIDA<\/strong><\/p>\n<p>Os pesquisadores da UFRJ e da UFF tamb\u00e9m identificaram 22 links para bancos de dados cient\u00edficos falsos. Os links est\u00e3o em ingl\u00eas e foram compartilhados em grupos de WhatsApp e Telegram no Brasil. Todos utilizam a ferramenta canadense de anonimato Tucows Domains para n\u00e3o revelarem sua identidade. Os conte\u00fados n\u00e3o foram aprovados em nenhuma revista cient\u00edfica e n\u00e3o h\u00e1 comprova\u00e7\u00e3o de revis\u00e3o por pares sobre o m\u00e9todo utilizado.<\/p>\n<p>Um desses sites, que re\u00fane informa\u00e7\u00f5es falsas sobre ivermectina, foi publicado 978 vezes em 1.074 grupos de Telegram monitorados pelos pesquisadores. J\u00e1 em outros 149 grupos bolsonaristas no WhatsApp, tamb\u00e9m acompanhados, o estudo localizou mais de 500 publica\u00e7\u00f5es. Autointitulado apenas como Ivmmeta, o portal possui uma se\u00e7\u00e3o de cunho pol\u00edtico em que critica o fato de o Twitter ter aplicado em janeiro um alerta em uma postagem do perfil do Minist\u00e9rio da Sa\u00fade brasileiro por publicar um conte\u00fado que estimulava a ades\u00e3o a tratamentos contra a Covid-19 sem efic\u00e1cia.<\/p>\n<p>A identifica\u00e7\u00e3o e responsabiliza\u00e7\u00e3o dos envolvidos na dissemina\u00e7\u00e3o de desinforma\u00e7\u00e3o \u00e9 alvo da CPI da Covid. Uma das linhas de apura\u00e7\u00e3o \u00e9 mapear perfis e influenciadores digitais respons\u00e1veis por ampliar o alcance de conte\u00fados antivacina e dados falsos sobre a doen\u00e7a. At\u00e9 o momento, foram encontrados pela comiss\u00e3o casos envolvendo 68 contas e 17 influenciadores. Tr\u00eas assessores do Pal\u00e1cio do Planalto apontados como parte do chamado \u201cgabinete do \u00f3dio\u201d j\u00e1 tiveram seus sigilos quebrados.<\/p>\n<p><a href=\"http:\/\/jornalcontato.com.br\/home\/wp-content\/uploads\/2021\/07\/Sep-Daniel-Silveira.jpg\"><img loading=\"lazy\" decoding=\"async\" class=\"aligncenter size-large wp-image-19188\" src=\"http:\/\/jornalcontato.com.br\/home\/wp-content\/uploads\/2021\/07\/Sep-Daniel-Silveira-450x317.jpg\" alt=\"\" width=\"450\" height=\"317\" srcset=\"https:\/\/jornalcontato.com.br\/home\/wp-content\/uploads\/2021\/07\/Sep-Daniel-Silveira-450x317.jpg 450w, https:\/\/jornalcontato.com.br\/home\/wp-content\/uploads\/2021\/07\/Sep-Daniel-Silveira-300x212.jpg 300w, https:\/\/jornalcontato.com.br\/home\/wp-content\/uploads\/2021\/07\/Sep-Daniel-Silveira-768x542.jpg 768w, https:\/\/jornalcontato.com.br\/home\/wp-content\/uploads\/2021\/07\/Sep-Daniel-Silveira.jpg 984w\" sizes=\"auto, (max-width: 450px) 100vw, 450px\" \/><\/a><\/p>\n<p style=\"text-align: center;\"><strong>Deputado federal Daniel Silveira (PTB), PM, divulgador de fake news, levou sua m\u00e3e pedir desculpas ao ministro Alexandre de Moraes do STF amea\u00e7ado pelo parlamentar <\/strong><\/p>\n<p>A outra linha \u00e9 analisar os efeitos da desinforma\u00e7\u00e3o no tamanho da pandemia no pa\u00eds. Uma das estrat\u00e9gias ser\u00e1 cruzar declara\u00e7\u00f5es de autoridades e not\u00edcias falsas, como incentivo ao descumprimento de medidas para conter o avan\u00e7o do v\u00edrus, e os n\u00fameros de mortos pela doen\u00e7a.<\/p>\n<p>\u2014 N\u00e3o existe d\u00favida de que a CPI precisa se debru\u00e7ar sobre publica\u00e7\u00f5es feitas atrav\u00e9s de subs\u00eddio governamental para sites, blogs e perfis que desinformaram o cidad\u00e3o na crise \u2014 disse o senador Alessandro Vieira (Cidadania-SE).<\/p>\n<p>O GLOBO questionou parte dos sites identificados pela pesquisa sobre os casos de desinforma\u00e7\u00e3o. Apenas o Brasil Sem Medo e Estudos Nacionais responderam. Ambos negaram que seus textos distorcem estudos cient\u00edficos.<\/p>\n<p style=\"text-align: right;\"><em><strong>PS: Essa reportagem foi veiculada hoje, 18\/07\/2021 no jornal OGlobo<\/strong><\/em><\/p>\n","protected":false},"excerpt":{"rendered":"<p>Sites bolsonaristas divulgam dados cient\u00edficos falsos sobre Covid-19, compartilhados depois por parlamentares Uma das frentes de investiga\u00e7\u00e3o da CPI da Covid, a desinforma\u00e7\u00e3o sobre a &#8230;<\/p>\n","protected":false},"author":1,"featured_media":19189,"comment_status":"open","ping_status":"open","sticky":false,"template":"","format":"standard","meta":{"footnotes":""},"categories":[1],"tags":[],"class_list":["post-19184","post","type-post","status-publish","format-standard","has-post-thumbnail","hentry","category-nacional"],"_links":{"self":[{"href":"https:\/\/www.jornalcontato.com.br\/home\/index.php\/wp-json\/wp\/v2\/posts\/19184","targetHints":{"allow":["GET"]}}],"collection":[{"href":"https:\/\/www.jornalcontato.com.br\/home\/index.php\/wp-json\/wp\/v2\/posts"}],"about":[{"href":"https:\/\/www.jornalcontato.com.br\/home\/index.php\/wp-json\/wp\/v2\/types\/post"}],"author":[{"embeddable":true,"href":"https:\/\/www.jornalcontato.com.br\/home\/index.php\/wp-json\/wp\/v2\/users\/1"}],"replies":[{"embeddable":true,"href":"https:\/\/www.jornalcontato.com.br\/home\/index.php\/wp-json\/wp\/v2\/comments?post=19184"}],"version-history":[{"count":4,"href":"https:\/\/www.jornalcontato.com.br\/home\/index.php\/wp-json\/wp\/v2\/posts\/19184\/revisions"}],"predecessor-version":[{"id":19193,"href":"https:\/\/www.jornalcontato.com.br\/home\/index.php\/wp-json\/wp\/v2\/posts\/19184\/revisions\/19193"}],"wp:featuredmedia":[{"embeddable":true,"href":"https:\/\/www.jornalcontato.com.br\/home\/index.php\/wp-json\/wp\/v2\/media\/19189"}],"wp:attachment":[{"href":"https:\/\/www.jornalcontato.com.br\/home\/index.php\/wp-json\/wp\/v2\/media?parent=19184"}],"wp:term":[{"taxonomy":"category","embeddable":true,"href":"https:\/\/www.jornalcontato.com.br\/home\/index.php\/wp-json\/wp\/v2\/categories?post=19184"},{"taxonomy":"post_tag","embeddable":true,"href":"https:\/\/www.jornalcontato.com.br\/home\/index.php\/wp-json\/wp\/v2\/tags?post=19184"}],"curies":[{"name":"wp","href":"https:\/\/api.w.org\/{rel}","templated":true}]}}