{"id":19178,"date":"2021-07-11T08:29:35","date_gmt":"2021-07-11T11:29:35","guid":{"rendered":"http:\/\/www.jornalcontato.com.br\/home\/?p=19178"},"modified":"2021-07-11T08:29:35","modified_gmt":"2021-07-11T11:29:35","slug":"sexo-na-terceira-idade-jc-sebe-bom-meihy","status":"publish","type":"post","link":"https:\/\/www.jornalcontato.com.br\/home\/index.php\/sexo-na-terceira-idade-jc-sebe-bom-meihy\/","title":{"rendered":"SEXO NA TERCEIRA IDADE (JC Sebe Bom Meihy)"},"content":{"rendered":"<p>Sejamos francos, h\u00e1 ainda muita hipocrisia nas formas de conv\u00edvio social. O tempo passou, habituamo-nos a pensar o transcurso dos anos como modernidade, e no reboque decantamos a supera\u00e7\u00e3o de tabus e pr\u00e1ticas \u201cdaqueles tempos\u201d. Supondo-nos no \u00e1pice da pir\u00e2mide hist\u00f3rica, entoamos ladainhas sobre \u201ctemas superados\u201d. E at\u00e9 rimos das \u201ccoisas de antigamente\u201d, de solu\u00e7\u00f5es \u201cdo arco da velha\u201d. A mo\u00ad\u00adda, os utens\u00edlios dom\u00e9sticos, as celebra\u00e7\u00f5es festivas ou mesmo o luto, muito mudou. Mudar, nesse contexto, metaforiza melhoria, progresso. Ao mesmo tempo preside, sabe-se, uma nostalgia que junta saudade com humor, e quase sempre tudo fica como que encantado num remoto que permite transformar situa\u00e7\u00f5es constrangedoras exercitadas em conversas animadas na base do \u201cah, naqueles dias&#8230;\u201d<\/p>\n<p>Sim, a mem\u00f3ria \u00e9 seletiva e quando vira a chave da m\u00e1goa at\u00e9 fica divertida. Nesses casos, \u00e9 tanta idealiza\u00e7\u00e3o, tanto romantismo, tanta deforma\u00e7\u00e3o que nos permitimos esquecer do tratamento a temas que mereceriam mais cuidados, mas que, ironicamente, ainda permanecem na elipse da inconveni\u00eancia. Estranhos mecanismos regem escolhas do que deve ser comentado e do que ainda n\u00e3o. Como s\u00e3o estranhos os impulsos que instigam nossas conversas corriqueiras. H\u00e1 coisas que n\u00e3o s\u00e3o de bom tom e ent\u00e3o o interdito funciona como crit\u00e9rio saneador do conv\u00edvio harmonioso.<\/p>\n<p><a href=\"http:\/\/jornalcontato.com.br\/home\/wp-content\/uploads\/2021\/07\/Seis-passos.jpg\"><img loading=\"lazy\" decoding=\"async\" class=\"aligncenter size-large wp-image-19179\" src=\"http:\/\/jornalcontato.com.br\/home\/wp-content\/uploads\/2021\/07\/Seis-passos-450x405.jpg\" alt=\"\" width=\"450\" height=\"405\" srcset=\"https:\/\/jornalcontato.com.br\/home\/wp-content\/uploads\/2021\/07\/Seis-passos-450x405.jpg 450w, https:\/\/jornalcontato.com.br\/home\/wp-content\/uploads\/2021\/07\/Seis-passos-300x270.jpg 300w, https:\/\/jornalcontato.com.br\/home\/wp-content\/uploads\/2021\/07\/Seis-passos.jpg 600w\" sizes=\"auto, (max-width: 450px) 100vw, 450px\" \/><\/a><\/p>\n<p>Os filtros que atuam nas escolhas tem\u00e1ticas acatam mudan\u00e7as triunfantes, e, ent\u00e3o, assuntos que eram vetados ganham autoridade e rompem sil\u00eancios. Assim emergem quest\u00f5es que dignificam lutas que se apresentam como direitos conquistados. Somente as batalhas triunfantes s\u00e3o dignas de falas, e assim as conquistas das mulheres, de certos segmentos negros, de deficientes f\u00edsicos s\u00e3o celebradas. O processo seletivo do que vale ser festejado ou interdito \u00e9 mecanismo sagaz, sutil, trai\u00e7oeiro. Consequ\u00eancias como a amplia\u00e7\u00e3o dos processos depressivos e o aumento dos \u00edndices de suic\u00eddio sugerem que as pautas de encontros tendem a prezar o perif\u00e9rico n\u00e3o problem\u00e1tico. A tal ponto isto chegou no presente que assuntos sobre sexo se mant\u00e9m resistentes como tabus intocados.<\/p>\n<p>Mesmo entre casais vigora um interdito que quando, por acaso, resvalado chega a ser constrangedor. Talvez, a prova explicativa mais pungente desse pudor dial\u00f3gico resida no absurdo lugar ocupado pelo tema \u201ceduca\u00e7\u00e3o sexual nas escolas\u201d. Como se fora quest\u00e3o familiar exclusiva, investida de n\u00e9voas religiosas \u2013 de uma religiosidade tragicamente ignorante \u2013 o assunto \u00e9 t\u00e3o delicado que al\u00e7a debates no Congresso Nacional e no Supremo Tribunal Federal. Avesso disso, o tema n\u00e3o circula em rodas comuns ou sociais.<\/p>\n<p><a href=\"http:\/\/jornalcontato.com.br\/home\/wp-content\/uploads\/2021\/07\/Aquecimento.jpg\"><img loading=\"lazy\" decoding=\"async\" class=\"aligncenter size-large wp-image-19180\" src=\"http:\/\/jornalcontato.com.br\/home\/wp-content\/uploads\/2021\/07\/Aquecimento-450x338.jpg\" alt=\"\" width=\"450\" height=\"338\" srcset=\"https:\/\/jornalcontato.com.br\/home\/wp-content\/uploads\/2021\/07\/Aquecimento-450x338.jpg 450w, https:\/\/jornalcontato.com.br\/home\/wp-content\/uploads\/2021\/07\/Aquecimento-300x225.jpg 300w, https:\/\/jornalcontato.com.br\/home\/wp-content\/uploads\/2021\/07\/Aquecimento-768x576.jpg 768w, https:\/\/jornalcontato.com.br\/home\/wp-content\/uploads\/2021\/07\/Aquecimento.jpg 900w\" sizes=\"auto, (max-width: 450px) 100vw, 450px\" \/><\/a><\/p>\n<p>A interdi\u00e7\u00e3o da tem\u00e1tica afeita ao sexo e suas pr\u00e1ticas nos diversos c\u00edrculos chega \u00e0 beira da neurose. O vazio de abordagem promove, por sua vez, distanciamentos que se afundam nas zonas de preconceitos. E haja deforma\u00e7\u00f5es. Machismos alucinantes d\u00e3o aos homens licen\u00e7as para a formula\u00e7\u00e3o de discursos redutores do papel feminino. A silenciosa opera\u00e7\u00e3o que oprime as mulheres se d\u00e1 exatamente nas tramas do n\u00e3o exerc\u00edcio tem\u00e1tico. Se no geral o tema \u00e9 cercado de melindres, imagine-se entre os mais velhos. \u00c9 verdade que h\u00e1 uma variada cole\u00e7\u00e3o de piadas, musiquinhas, tiradas em frases feitas, recursos que tocam na quest\u00e3o por vias p\u00e2ndegas, mas sempre sem os alvos necess\u00e1rios.<\/p>\n<p>\u00c9 preciso mais. Neste sentido, uma campanha iniciada no Reino Unido, sob a orienta\u00e7\u00e3o da ONG Relato (relate.org.uk), convida repensar o tema. Partindo de dois princ\u00edpios mestres, os est\u00edmulos visam lembrar que 1) o corpo envelhece, perde for\u00e7as e elasticidade, mas 2) afetos e prazeres se remo\u00e7am com conv\u00edvio sadio. O interessante da pesquisa \u00e9 a rela\u00e7\u00e3o entre ter mais tempo para a atividade sexual e a mudan\u00e7a de pr\u00e1ticas que demandam mais toques, aproxima\u00e7\u00f5es e massagens.<\/p>\n<p><a href=\"http:\/\/jornalcontato.com.br\/home\/wp-content\/uploads\/2021\/07\/Beijo-em-pe.jpg\"><img loading=\"lazy\" decoding=\"async\" class=\"aligncenter size-full wp-image-19181\" src=\"http:\/\/jornalcontato.com.br\/home\/wp-content\/uploads\/2021\/07\/Beijo-em-pe.jpg\" alt=\"\" width=\"400\" height=\"326\" srcset=\"https:\/\/jornalcontato.com.br\/home\/wp-content\/uploads\/2021\/07\/Beijo-em-pe.jpg 400w, https:\/\/jornalcontato.com.br\/home\/wp-content\/uploads\/2021\/07\/Beijo-em-pe-300x245.jpg 300w\" sizes=\"auto, (max-width: 400px) 100vw, 400px\" \/><\/a><\/p>\n<p>Detive-me em leituras sobre a tal campanha de favorecimento da discuss\u00e3o do \u201csexo entre velhos\u201d. Gostei de ler hist\u00f3rias pessoais, de ver fotos de casais de mais de 70 anos se amando, de aprender com dicas er\u00f3ticas, mas, pensei, e os solit\u00e1rios? E os que n\u00e3o t\u00eam parceiras\/os fixos\/as? E aqueles que optam pela solitude? Esses n\u00e3o t\u00eam vez? Para esses tantos o sexo n\u00e3o mais existe? E tantos foram os questionamentos que fiquei ainda mais estimulado. Solit\u00e1rio por n\u00e3o ter interlocutores. Algu\u00e9m teria coragem de conversar sobre isso? Cartas para a reda\u00e7\u00e3o&#8230;<\/p>\n","protected":false},"excerpt":{"rendered":"<p>Sejamos francos, h\u00e1 ainda muita hipocrisia nas formas de conv\u00edvio social. O tempo passou, habituamo-nos a pensar o transcurso dos anos como modernidade, e no &#8230;<\/p>\n","protected":false},"author":1,"featured_media":19182,"comment_status":"open","ping_status":"open","sticky":false,"template":"","format":"standard","meta":{"footnotes":""},"categories":[1],"tags":[],"class_list":["post-19178","post","type-post","status-publish","format-standard","has-post-thumbnail","hentry","category-nacional"],"_links":{"self":[{"href":"https:\/\/www.jornalcontato.com.br\/home\/index.php\/wp-json\/wp\/v2\/posts\/19178","targetHints":{"allow":["GET"]}}],"collection":[{"href":"https:\/\/www.jornalcontato.com.br\/home\/index.php\/wp-json\/wp\/v2\/posts"}],"about":[{"href":"https:\/\/www.jornalcontato.com.br\/home\/index.php\/wp-json\/wp\/v2\/types\/post"}],"author":[{"embeddable":true,"href":"https:\/\/www.jornalcontato.com.br\/home\/index.php\/wp-json\/wp\/v2\/users\/1"}],"replies":[{"embeddable":true,"href":"https:\/\/www.jornalcontato.com.br\/home\/index.php\/wp-json\/wp\/v2\/comments?post=19178"}],"version-history":[{"count":1,"href":"https:\/\/www.jornalcontato.com.br\/home\/index.php\/wp-json\/wp\/v2\/posts\/19178\/revisions"}],"predecessor-version":[{"id":19183,"href":"https:\/\/www.jornalcontato.com.br\/home\/index.php\/wp-json\/wp\/v2\/posts\/19178\/revisions\/19183"}],"wp:featuredmedia":[{"embeddable":true,"href":"https:\/\/www.jornalcontato.com.br\/home\/index.php\/wp-json\/wp\/v2\/media\/19182"}],"wp:attachment":[{"href":"https:\/\/www.jornalcontato.com.br\/home\/index.php\/wp-json\/wp\/v2\/media?parent=19178"}],"wp:term":[{"taxonomy":"category","embeddable":true,"href":"https:\/\/www.jornalcontato.com.br\/home\/index.php\/wp-json\/wp\/v2\/categories?post=19178"},{"taxonomy":"post_tag","embeddable":true,"href":"https:\/\/www.jornalcontato.com.br\/home\/index.php\/wp-json\/wp\/v2\/tags?post=19178"}],"curies":[{"name":"wp","href":"https:\/\/api.w.org\/{rel}","templated":true}]}}