{"id":19171,"date":"2021-07-06T19:06:08","date_gmt":"2021-07-06T22:06:08","guid":{"rendered":"http:\/\/www.jornalcontato.com.br\/home\/?p=19171"},"modified":"2021-07-06T19:06:08","modified_gmt":"2021-07-06T22:06:08","slug":"a-coisa-ta-feia-eliane-cantanhede-estadao","status":"publish","type":"post","link":"https:\/\/www.jornalcontato.com.br\/home\/index.php\/a-coisa-ta-feia-eliane-cantanhede-estadao\/","title":{"rendered":"A coisa t\u00e1 feia (Eliane Cantanh\u00eade &#8211; Estad\u00e3o)"},"content":{"rendered":"<p style=\"text-align: center;\"><strong><em>Nenhum outro presidente fez t\u00e3o mal \u00e0s For\u00e7as Armadas como o capit\u00e3o insubordinado Jair Bolsonaro<\/em><\/strong><\/p>\n<p>O Minist\u00e9rio da Sa\u00fade do governo Jair Bolsonaro, em plena pandemia, embolou militares da ativa e da reserva com PM lotado a quil\u00f4metros de dist\u00e2ncia, pastor dito \u201chumanit\u00e1rio\u201d, empresas fajutas nacionais e internacionais, atravessadores picaretas, apadrinhados do l\u00edder do governo e do Centr\u00e3o. De perder o f\u00f4lego. E isso d\u00e1 em \u201crolo\u201d na certa.<\/p>\n<p>Se Bolsonaro foi longe demais ao irritara sociedade, as For\u00e7as Armadas precisam agir para evitar o cont\u00e1gio enquanto \u00e9 tempo, se ainda h\u00e1 tempo. N\u00e3o \u00e9 trivial um general da ativa e tantos coron\u00e9is e tenentes coron\u00e9is, da ativa e da reserva, citados de forma nada dignificante, inclusive em encontros com gente de p\u00e9ssima reputa\u00e7\u00e3o, representando empresas suspeitas e oferecendo vacinas a pre\u00e7os exorbitantes.<\/p>\n<p>A lista de oficiais citados, liderada por Eduardo Pazuello, general da ativa, continua aumentando. Os dois novos, trazidos pela Rede Globo, com base em e-mails entre a Sa\u00fade e a tal \u201cempresa\u201d Davati, s\u00e3o: coronel H\u00e9lcio Bruno de Almeida, que participou de reuni\u00f5es com um pastor dedicado subitamente ao ramo das vacinas, e um tal \u201ccoronel Guerra\u201d, que se mete em neg\u00f3cios do minist\u00e9rio diretamente dos EUA.<\/p>\n<p><a href=\"http:\/\/jornalcontato.com.br\/home\/wp-content\/uploads\/2021\/07\/Pazuello.jpg\"><img loading=\"lazy\" decoding=\"async\" class=\"aligncenter size-large wp-image-19172\" src=\"http:\/\/jornalcontato.com.br\/home\/wp-content\/uploads\/2021\/07\/Pazuello-450x284.jpg\" alt=\"\" width=\"450\" height=\"284\" srcset=\"https:\/\/jornalcontato.com.br\/home\/wp-content\/uploads\/2021\/07\/Pazuello-450x284.jpg 450w, https:\/\/jornalcontato.com.br\/home\/wp-content\/uploads\/2021\/07\/Pazuello-300x189.jpg 300w, https:\/\/jornalcontato.com.br\/home\/wp-content\/uploads\/2021\/07\/Pazuello-768x485.jpg 768w, https:\/\/jornalcontato.com.br\/home\/wp-content\/uploads\/2021\/07\/Pazuello.jpg 1280w\" sizes=\"auto, (max-width: 450px) 100vw, 450px\" \/><\/a><\/p>\n<p style=\"text-align: center;\"><em><strong>General Pazuello, especialista em log\u00edstica, de Sa\u00fade, zero<\/strong><\/em><\/p>\n<p>Dos oito listados, dois j\u00e1 foram acomodados no Planalto, Pazuello e o coronel da reserva Elcio Franco. D\u00e1 para enfiar os outros seis l\u00e1? E, afinal, o que a Defesa, o Ex\u00e9rcito, a Marinha e a Aeron\u00e1utica acham de tudo isso? Caiu ou n\u00e3o a ficha? Nenhum outro presidente fez t\u00e3o mal \u00e0s FA como o capit\u00e3o insubordinado Jair Bolsonaro.<\/p>\n<p>Com tantas certezas nesta vida, ele diz que n\u00e3o sabe nada do que acontece nos minist\u00e9rios e, sempre t\u00e3o falante, n\u00e3o diz absolutamente nada sobre a vers\u00e3o dos irm\u00e3os Luis Miranda, deputado federal, e Luis Ricardo Miranda, diretor de Importa\u00e7\u00e3o da Sa\u00fade: de que relataram a ele todo o \u201crolo\u201d Covaxin \u2013 e ele, que nem pareceu surpreso, n\u00e3o fez nada.<\/p>\n<p><a href=\"http:\/\/jornalcontato.com.br\/home\/wp-content\/uploads\/2021\/07\/Elcio-Franco.jpg\"><img loading=\"lazy\" decoding=\"async\" class=\"aligncenter size-large wp-image-19173\" src=\"http:\/\/jornalcontato.com.br\/home\/wp-content\/uploads\/2021\/07\/Elcio-Franco-450x237.jpg\" alt=\"\" width=\"450\" height=\"237\" srcset=\"https:\/\/jornalcontato.com.br\/home\/wp-content\/uploads\/2021\/07\/Elcio-Franco-450x237.jpg 450w, https:\/\/jornalcontato.com.br\/home\/wp-content\/uploads\/2021\/07\/Elcio-Franco-300x158.jpg 300w, https:\/\/jornalcontato.com.br\/home\/wp-content\/uploads\/2021\/07\/Elcio-Franco.jpg 694w\" sizes=\"auto, (max-width: 450px) 100vw, 450px\" \/><\/a><\/p>\n<p style=\"text-align: center;\"><em><strong>Cel Elcio Franco, secret\u00e1rio executivo da Sa\u00fade com a caveira na lapela<\/strong><\/em><\/p>\n<p>Bolsonaro tem obsess\u00f5es: acabar com a urna eletr\u00f4nica e reinstaurar o voto impresso, que fazia a festa dos \u201ccoron\u00e9is\u201d da pol\u00edtica; armar toda a popula\u00e7\u00e3o civil; derrubar a floresta para \u201cdesenvolver\u201d a Amaz\u00f4nia; tirar as reservas dos ind\u00edgenas, que s\u00f3 querem \u201ccelular e internet\u201d.<\/p>\n<p>\u00c9 uma enxurrada de ideias muito pr\u00f3prias, peculiares, chocantes, mas talvez fosse mais conveniente o presidente acompanhar o que ocorre n\u00e3o s\u00f3 na Sa\u00fade e no Meio Ambiente, mas em todos os minist\u00e9rios. Ou seja, passar a governar, botar a m\u00e3o na massa, porque a coisa est\u00e1 ficando feia para o lado dele.<\/p>\n<p>A CPI da Covid est\u00e1 indo mais longe do que se imaginava, com depoimentos, dados e provas abundantes do descaso do presidente pela ci\u00eancia e \u00e9 imposs\u00edvel achar uma explica\u00e7\u00e3o razo\u00e1vel para o desprezo por Coronavac, Pfizer e Covax Facility em favor de Covaxin, Convidecia, Sputnik e a tal Davati, uma farsa.<\/p>\n<p>\u00c0 CPI, soma-se mais uma investiga\u00e7\u00e3o no Supremo: al\u00e9m da acusa\u00e7\u00e3o de S\u00e9rgio Moro de interven\u00e7\u00e3o pol\u00edtica na Pol\u00edcia Federal, agora a de tr\u00eas senadores de que ele prevaricou, ao desprezar a den\u00fancia dos irm\u00e3os Miranda.<\/p>\n<p>Pior: depois convocou Pazuello para matar no peito, numa hist\u00f3ria sem p\u00e9 nem cabe\u00e7a.<\/p>\n<p><a href=\"http:\/\/jornalcontato.com.br\/home\/wp-content\/uploads\/2021\/07\/Braga-Neto.jpg\"><img loading=\"lazy\" decoding=\"async\" class=\"aligncenter size-large wp-image-19174\" src=\"http:\/\/jornalcontato.com.br\/home\/wp-content\/uploads\/2021\/07\/Braga-Neto-450x300.jpg\" alt=\"\" width=\"450\" height=\"300\" srcset=\"https:\/\/jornalcontato.com.br\/home\/wp-content\/uploads\/2021\/07\/Braga-Neto-450x300.jpg 450w, https:\/\/jornalcontato.com.br\/home\/wp-content\/uploads\/2021\/07\/Braga-Neto-300x200.jpg 300w, https:\/\/jornalcontato.com.br\/home\/wp-content\/uploads\/2021\/07\/Braga-Neto.jpg 600w\" sizes=\"auto, (max-width: 450px) 100vw, 450px\" \/><\/a><\/p>\n<p style=\"text-align: center;\"><em><strong>General Braga Neto era considerado um profissional, mas&#8230;<\/strong><\/em><\/p>\n<p>A isso, acrescentem-se as investiga\u00e7\u00f5es do Minist\u00e9rio P\u00fablico e do TCU, os 124 pedidos de impeachment na mesa do presidente da C\u00e2mara, Arthur Lira, e as manifesta\u00e7\u00f5es do \u201cFora, Bolsonaro\u201d, em S\u00e3o Paulo, Rio, Bras\u00edlia e todas as capitais. Teve quebra-quebra no fim? Esses v\u00e2ndalos t\u00eam cara, cheiro e jeito de infiltrados&#8230;<\/p>\n<p>Se a semana passada acabou mal, esta j\u00e1 come\u00e7a com os \u00e1udios da excunhada de Bolsonaro, Andrea Siqueira Valle, no UOL, relatando como ele n\u00e3o apenas participava como tinha voz ativa nas \u201crachadinhas\u201d dos gabinetes parlamentares da fam\u00edlia. Pinga daqui, pinga dali, a sensa\u00e7\u00e3o \u00e9 de que o barco Bolsonaro faz \u00e1gua por todo lado.<\/p>\n","protected":false},"excerpt":{"rendered":"<p>Nenhum outro presidente fez t\u00e3o mal \u00e0s For\u00e7as Armadas como o capit\u00e3o insubordinado Jair Bolsonaro O Minist\u00e9rio da Sa\u00fade do governo Jair Bolsonaro, em plena &#8230;<\/p>\n","protected":false},"author":1,"featured_media":19175,"comment_status":"open","ping_status":"open","sticky":false,"template":"","format":"standard","meta":{"footnotes":""},"categories":[1],"tags":[],"class_list":["post-19171","post","type-post","status-publish","format-standard","has-post-thumbnail","hentry","category-nacional"],"_links":{"self":[{"href":"https:\/\/www.jornalcontato.com.br\/home\/index.php\/wp-json\/wp\/v2\/posts\/19171","targetHints":{"allow":["GET"]}}],"collection":[{"href":"https:\/\/www.jornalcontato.com.br\/home\/index.php\/wp-json\/wp\/v2\/posts"}],"about":[{"href":"https:\/\/www.jornalcontato.com.br\/home\/index.php\/wp-json\/wp\/v2\/types\/post"}],"author":[{"embeddable":true,"href":"https:\/\/www.jornalcontato.com.br\/home\/index.php\/wp-json\/wp\/v2\/users\/1"}],"replies":[{"embeddable":true,"href":"https:\/\/www.jornalcontato.com.br\/home\/index.php\/wp-json\/wp\/v2\/comments?post=19171"}],"version-history":[{"count":1,"href":"https:\/\/www.jornalcontato.com.br\/home\/index.php\/wp-json\/wp\/v2\/posts\/19171\/revisions"}],"predecessor-version":[{"id":19176,"href":"https:\/\/www.jornalcontato.com.br\/home\/index.php\/wp-json\/wp\/v2\/posts\/19171\/revisions\/19176"}],"wp:featuredmedia":[{"embeddable":true,"href":"https:\/\/www.jornalcontato.com.br\/home\/index.php\/wp-json\/wp\/v2\/media\/19175"}],"wp:attachment":[{"href":"https:\/\/www.jornalcontato.com.br\/home\/index.php\/wp-json\/wp\/v2\/media?parent=19171"}],"wp:term":[{"taxonomy":"category","embeddable":true,"href":"https:\/\/www.jornalcontato.com.br\/home\/index.php\/wp-json\/wp\/v2\/categories?post=19171"},{"taxonomy":"post_tag","embeddable":true,"href":"https:\/\/www.jornalcontato.com.br\/home\/index.php\/wp-json\/wp\/v2\/tags?post=19171"}],"curies":[{"name":"wp","href":"https:\/\/api.w.org\/{rel}","templated":true}]}}