{"id":19122,"date":"2021-06-18T09:32:29","date_gmt":"2021-06-18T12:32:29","guid":{"rendered":"http:\/\/www.jornalcontato.com.br\/home\/?p=19122"},"modified":"2021-06-18T09:32:29","modified_gmt":"2021-06-18T12:32:29","slug":"a-agonia-da-terceira-via-bernardo-mello-franco-o-globo","status":"publish","type":"post","link":"https:\/\/www.jornalcontato.com.br\/home\/index.php\/a-agonia-da-terceira-via-bernardo-mello-franco-o-globo\/","title":{"rendered":"A agonia da terceira via (Bernardo Mello Franco &#8211; O Globo)"},"content":{"rendered":"<p style=\"text-align: center;\"><strong><em>A ideia j\u00e1 esbarrava na falta de votos. Agora come\u00e7a a agonizar com a fuga de candidatos<\/em><\/strong><\/p>\n<p>Luciano Huck desistiu de concorrer \u00e0 Presid\u00eancia. Preferiu assumir o lugar do Faust\u00e3o. O animador estava indeciso entre governar o pa\u00eds e comandar um programa de audit\u00f3rio. Ao escolher a segunda op\u00e7\u00e3o, mostrou que n\u00e3o era a pessoa certa para a primeira.<\/p>\n<p>A candidatura Huck j\u00e1 havia sido ensaiada antes da elei\u00e7\u00e3o de 2018. O clima era favor\u00e1vel a um outsider, mas ele n\u00e3o quis arriscar a fama no campo minado da pol\u00edtica. Um deputado de sete mandatos se fantasiou de novidade e conseguiu chegar l\u00e1.<\/p>\n<p>O novo recuo do apresentador exp\u00f5e os problemas da direita liberal, que hoje reivindica o r\u00f3tulo de \u201ccentro\u201d. Com apoio do empresariado, o grupo tenta fabricar um presidenci\u00e1vel para concorrer com Lula e Jair Bolsonaro. A ideia j\u00e1 esbarrava na falta de votos. Agora come\u00e7a a agonizar com a fuga de candidatos.<\/p>\n<p>O ex-ministro Sergio Moro puxou a fila das desist\u00eancias. Desgastado ap\u00f3s romper com o capit\u00e3o, mudou-se para os EUA e sumiu do debate pol\u00edtico. A anula\u00e7\u00e3o de suas senten\u00e7as no Supremo parece ter sepultado de vez a hip\u00f3tese de uma aventura eleitoral.<\/p>\n<p>Na semana passada, foi a vez de Jo\u00e3o Amo\u00eado pular do barco. Sua pr\u00e9-candidatura durou apenas nove dias. Foi bombardeada por deputados do Novo que viraram linha auxiliar do bolsonarismo.<\/p>\n<p><a href=\"http:\/\/jornalcontato.com.br\/home\/wp-content\/uploads\/2021\/06\/Lula-e-Bozo.jpg\"><img loading=\"lazy\" decoding=\"async\" class=\"aligncenter size-large wp-image-19123\" src=\"http:\/\/jornalcontato.com.br\/home\/wp-content\/uploads\/2021\/06\/Lula-e-Bozo-450x253.jpg\" alt=\"\" width=\"450\" height=\"253\" srcset=\"https:\/\/jornalcontato.com.br\/home\/wp-content\/uploads\/2021\/06\/Lula-e-Bozo-450x253.jpg 450w, https:\/\/jornalcontato.com.br\/home\/wp-content\/uploads\/2021\/06\/Lula-e-Bozo-300x169.jpg 300w, https:\/\/jornalcontato.com.br\/home\/wp-content\/uploads\/2021\/06\/Lula-e-Bozo-768x432.jpg 768w, https:\/\/jornalcontato.com.br\/home\/wp-content\/uploads\/2021\/06\/Lula-e-Bozo-750x420.jpg 750w, https:\/\/jornalcontato.com.br\/home\/wp-content\/uploads\/2021\/06\/Lula-e-Bozo.jpg 1024w\" sizes=\"auto, (max-width: 450px) 100vw, 450px\" \/><\/a><\/p>\n<p style=\"text-align: center;\"><em><strong>As pesquisas apontam que Bolsonaro e Lula encantam 2\/3 do eleitorado<\/strong><\/em><\/p>\n<p>A retirada do trio poderia reabilitar a velha dobradinha entre PSDB e DEM. No entanto, os dois partidos est\u00e3o em processo de autofagia. O antigo PFL acaba de expulsar Rodrigo Maia, refor\u00e7ando os la\u00e7os com o governo. Isso pode fazer do ex-ministro Luiz Henrique Mandetta o pr\u00f3ximo a deixar o p\u00e1reo.<\/p>\n<p>Os tucanos come\u00e7aram a se depenar antes do habitual. Apesar da vacina e da m\u00e1quina do governo paulista, Jo\u00e3o Doria n\u00e3o decola. Enfrenta resist\u00eancias na sigla e apareceu com apenas 3% no \u00faltimo Datafolha.<\/p>\n<p>A pesquisa indicou haver pouco espa\u00e7o para a tal terceira via. Lula e Bolsonaro somam dois ter\u00e7os das inten\u00e7\u00f5es de voto, e os outros pr\u00e9-candidatos patinam na casa de um d\u00edgito.<\/p>\n<p>Ciro Gomes foi a maior v\u00edtima do retorno do ex-presidente: encolheu para 6%. Ele contratou o marqueteiro Jo\u00e3o Santana e mudou o discurso para tentar atrair o eleitorado antipetista. Mas deve ter dificuldade at\u00e9 para segurar a legenda do PDT.<\/p>\n","protected":false},"excerpt":{"rendered":"<p>A ideia j\u00e1 esbarrava na falta de votos. Agora come\u00e7a a agonizar com a fuga de candidatos Luciano Huck desistiu de concorrer \u00e0 Presid\u00eancia. Preferiu &#8230;<\/p>\n","protected":false},"author":1,"featured_media":19124,"comment_status":"open","ping_status":"open","sticky":false,"template":"","format":"standard","meta":{"footnotes":""},"categories":[1],"tags":[],"class_list":["post-19122","post","type-post","status-publish","format-standard","has-post-thumbnail","hentry","category-nacional"],"_links":{"self":[{"href":"https:\/\/www.jornalcontato.com.br\/home\/index.php\/wp-json\/wp\/v2\/posts\/19122","targetHints":{"allow":["GET"]}}],"collection":[{"href":"https:\/\/www.jornalcontato.com.br\/home\/index.php\/wp-json\/wp\/v2\/posts"}],"about":[{"href":"https:\/\/www.jornalcontato.com.br\/home\/index.php\/wp-json\/wp\/v2\/types\/post"}],"author":[{"embeddable":true,"href":"https:\/\/www.jornalcontato.com.br\/home\/index.php\/wp-json\/wp\/v2\/users\/1"}],"replies":[{"embeddable":true,"href":"https:\/\/www.jornalcontato.com.br\/home\/index.php\/wp-json\/wp\/v2\/comments?post=19122"}],"version-history":[{"count":1,"href":"https:\/\/www.jornalcontato.com.br\/home\/index.php\/wp-json\/wp\/v2\/posts\/19122\/revisions"}],"predecessor-version":[{"id":19125,"href":"https:\/\/www.jornalcontato.com.br\/home\/index.php\/wp-json\/wp\/v2\/posts\/19122\/revisions\/19125"}],"wp:featuredmedia":[{"embeddable":true,"href":"https:\/\/www.jornalcontato.com.br\/home\/index.php\/wp-json\/wp\/v2\/media\/19124"}],"wp:attachment":[{"href":"https:\/\/www.jornalcontato.com.br\/home\/index.php\/wp-json\/wp\/v2\/media?parent=19122"}],"wp:term":[{"taxonomy":"category","embeddable":true,"href":"https:\/\/www.jornalcontato.com.br\/home\/index.php\/wp-json\/wp\/v2\/categories?post=19122"},{"taxonomy":"post_tag","embeddable":true,"href":"https:\/\/www.jornalcontato.com.br\/home\/index.php\/wp-json\/wp\/v2\/tags?post=19122"}],"curies":[{"name":"wp","href":"https:\/\/api.w.org\/{rel}","templated":true}]}}