{"id":19117,"date":"2021-06-14T00:45:20","date_gmt":"2021-06-14T03:45:20","guid":{"rendered":"http:\/\/www.jornalcontato.com.br\/home\/?p=19117"},"modified":"2021-06-14T00:47:10","modified_gmt":"2021-06-14T03:47:10","slug":"por-que-envolver-o-exercito-em-crise-politica-carlos-alberto-dos-santos-cruz","status":"publish","type":"post","link":"https:\/\/www.jornalcontato.com.br\/home\/index.php\/por-que-envolver-o-exercito-em-crise-politica-carlos-alberto-dos-santos-cruz\/","title":{"rendered":"Por que envolver o Ex\u00e9rcito em crise pol\u00edtica? (Carlos Alberto dos Santos Cruz*)"},"content":{"rendered":"<p style=\"text-align: center;\"><strong><em>Bolsonaro age para destruir e desmoralizar as institui\u00e7\u00f5es; com seguidores extremistas, alimenta fanatismo que terminar\u00e1 em viol\u00eancia<\/em><\/strong><\/p>\n<p>\u00a0\u00a0\u00a0\u00a0\u00a0\u00a0\u00a0\u00a0\u00a0\u00a0\u00a0 A resposta \u00e9 simples: o sonho chavista de poder do presidente que tenta usar o Ex\u00e9rcito em seu projeto pessoal. O Brasil n\u00e3o \u00e9 a terra do \u00eddolo inspirador do presidente e n\u00e3o vai se transformar em algo similar. Aqui, \u201cEB\u201d quer dizer Ex\u00e9rcito Brasileiro e n\u00e3o \u201cEx\u00e9rcito Bolsonarista\u201d. O Ex\u00e9rcito enfrenta o mesmo problema das outras institui\u00e7\u00f5es brasileiras: o risco de eros\u00e3o. Infelizmente, a mentalidade anarquista do presidente age para destruir e desmoralizar as institui\u00e7\u00f5es, e banalizar o desrespeito pessoal, funcional e institucional. Junto com seguidores extremistas, alimenta um fanatismo que certamente terminar\u00e1 em viol\u00eancia.<\/p>\n<p>Para aventuras pol\u00edticas pessoais, institui\u00e7\u00f5es s\u00f3lidas e funcionais s\u00e3o sempre um imenso obst\u00e1culo. Projetos populistas e totalit\u00e1rios, n\u00e3o importa seu matiz ideol\u00f3gico, n\u00e3o avan\u00e7am sem subverter a ordem, sem corromper as institui\u00e7\u00f5es. E uma das institui\u00e7\u00f5es mais s\u00f3lidas \u00e9 o Ex\u00e9rcito (assim como a Marinha e a For\u00e7a A\u00e9rea). Ao inv\u00e9s de recupera\u00e7\u00e3o e aperfei\u00e7oamento das institui\u00e7\u00f5es, assistimos ao agravamento da situa\u00e7\u00e3o existente e a eros\u00e3o da Sa\u00fade, Justi\u00e7a, Meio Ambiente e Educa\u00e7\u00e3o.<\/p>\n<p style=\"text-align: center;\">O presidente tenta tamb\u00e9m desmoralizar o sistema eleitoral, mas n\u00e3o apresenta as provas de fraude que diz possuir. Semeia d\u00favidas sobre o Tribunal de Contas da Uni\u00e3o, valendo-se de relat\u00f3rio e dados falsos. No or\u00e7amento da Uni\u00e3o, apresenta uma nova forma de \u201cmensal\u00e3o\u201d \u2013 o chamado or\u00e7amento secreto. Nas Rela\u00e7\u00f5es Exteriores, gra\u00e7as ao Senado, escapamos do vexame da quase nomea\u00e7\u00e3o de um embaixador esdr\u00faxulo junto aos EUA, e agora temos \u00e0 frente a investida demag\u00f3gica de uma nomea\u00e7\u00e3o para a \u00c1frica do Sul. Oxal\u00e1 o Senado poupe o Brasil de mais essa.<\/p>\n<p><a href=\"http:\/\/jornalcontato.com.br\/home\/wp-content\/uploads\/2021\/06\/General-Santos-Cruz.jpg\"><img loading=\"lazy\" decoding=\"async\" class=\"size-large wp-image-19118 aligncenter\" src=\"http:\/\/jornalcontato.com.br\/home\/wp-content\/uploads\/2021\/06\/General-Santos-Cruz-450x300.jpg\" alt=\"\" width=\"450\" height=\"300\" srcset=\"https:\/\/jornalcontato.com.br\/home\/wp-content\/uploads\/2021\/06\/General-Santos-Cruz-450x300.jpg 450w, https:\/\/jornalcontato.com.br\/home\/wp-content\/uploads\/2021\/06\/General-Santos-Cruz-300x200.jpg 300w, https:\/\/jornalcontato.com.br\/home\/wp-content\/uploads\/2021\/06\/General-Santos-Cruz-768x512.jpg 768w, https:\/\/jornalcontato.com.br\/home\/wp-content\/uploads\/2021\/06\/General-Santos-Cruz.jpg 1140w\" sizes=\"auto, (max-width: 450px) 100vw, 450px\" \/><\/a><\/p>\n<p style=\"text-align: center;\"><em><strong>&#8220;VERGONHA&#8221;, general Santos Cruz sobre a n\u00e3o puni\u00e7\u00e3o de Pazuello<\/strong><\/em><\/p>\n<p><span style=\"font-size: 16px;\">Esse \u00e9 o contexto em que se desenvolve mais uma tentativa de eros\u00e3o de uma das institui\u00e7\u00f5es de maior prest\u00edgio do Brasil \u2013 o Ex\u00e9rcito Brasileiro. O caso do general no palanque, em mais um evento populista promovido pela autoridade maior, \u00e9 da al\u00e7ada do comandante da For\u00e7a, que decidiu dentro das suas atribui\u00e7\u00f5es. Problemas disciplinares s\u00e3o resolvidos diariamente por todos os comandantes, nos diversos n\u00edveis. N\u00e3o \u00e9 esse o problema. O problema \u00e9 muito maior e mais grave. \u00c9 pol\u00edtico. E tem um respons\u00e1vel \u2013 o presidente. Para realizar seu projeto pessoal, ele vem testando o Ex\u00e9rcito frequentemente. Isso \u00e9 deliberado. \u00c9 projeto de poder. N\u00e3o acontece s\u00f3 por despreparo, irresponsabilidade e inconsequ\u00eancia. Isso \u00e9 processo planejado, que vem sendo adotado e tentado de forma sistem\u00e1tica. \u00c9 tamb\u00e9m um processo covarde, pois as consequ\u00eancias s\u00e3o sempre creditadas a outras pessoas e institui\u00e7\u00f5es. Ocorre que a responsabilidade pessoal e funcional est\u00e1 muito bem definida e o respons\u00e1vel maior deve arcar com as consequ\u00eancias.<\/span><\/p>\n<p>\u00c9 covardia transferir essa conta ao Ex\u00e9rcito. E \u00e9 totalmente inaceit\u00e1vel a tentativa permanente de arrastar o Ex\u00e9rcito para o erro hist\u00f3rico de assumir um protagonismo pol\u00edtico em apoio a uma aventura pessoal perseguida de forma paranoica. O Ex\u00e9rcito n\u00e3o \u00e9 e n\u00e3o pode ser uma ferramenta de uso pessoal, partid\u00e1rio ou de intimida\u00e7\u00e3o pol\u00edtica. A miss\u00e3o do Ex\u00e9rcito n\u00e3o \u00e9 auxiliar uns e outros em disputas eleitorais e em jogo de poder, dividindo os brasileiros. O Ex\u00e9rcito tem uma miss\u00e3o constitucional definida.<\/p>\n<p>O Brasil precisa de paz, de uni\u00e3o nacional, de governo que trabalhe e promova o desenvolvimento socioecon\u00f4mico com boa administra\u00e7\u00e3o. O Brasil precisa de pol\u00edticas p\u00fablicas sensatas, de combate \u00e0 corrup\u00e7\u00e3o, elimina\u00e7\u00e3o de privil\u00e9gios e redu\u00e7\u00e3o da desigualdade. Precisa de vacina e emprego. \u00c9 preciso que o voto da maioria sirva para governar para o bem de todos e n\u00e3o para interesses pessoais, familiares ou de grupos. O Brasil n\u00e3o merece uma polariza\u00e7\u00e3o entre quem j\u00e1 teve oportunidade de governar e se perdeu em demagogia e esc\u00e2ndalos de corrup\u00e7\u00e3o e quem mostra diariamente que tem como objetivo um projeto de poder semelhante, apenas com sinal trocado.<\/p>\n<p>O Pa\u00eds n\u00e3o pode ficar entre dois polos que se alimentam e se comportam como cabos eleitorais um do outro. O Brasil n\u00e3o merece mais eros\u00e3o em suas institui\u00e7\u00f5es. Ao contr\u00e1rio, nossas institui\u00e7\u00f5es precisam de melhorias e aperfei\u00e7oamentos. A democracia depende do aperfei\u00e7oamento institucional constante. O Ex\u00e9rcito Brasileiro, assim como as outras institui\u00e7\u00f5es que comp\u00f5em a Na\u00e7\u00e3o, n\u00e3o pode continuar a ser covardemente prejudicado por causa de um projeto de poder pessoal e populista.<\/p>\n<p style=\"text-align: right;\"><strong><em>*General da reserva e ex-ministro da Secretaria de Governo &#8211; Estad\u00e3o 13 \/06\/2021<\/em><\/strong><\/p>\n","protected":false},"excerpt":{"rendered":"<p>Bolsonaro age para destruir e desmoralizar as institui\u00e7\u00f5es; com seguidores extremistas, alimenta fanatismo que terminar\u00e1 em viol\u00eancia \u00a0\u00a0\u00a0\u00a0\u00a0\u00a0\u00a0\u00a0\u00a0\u00a0\u00a0 A resposta \u00e9 simples: o sonho chavista &#8230;<\/p>\n","protected":false},"author":1,"featured_media":19119,"comment_status":"open","ping_status":"open","sticky":false,"template":"","format":"standard","meta":{"footnotes":""},"categories":[1],"tags":[],"class_list":["post-19117","post","type-post","status-publish","format-standard","has-post-thumbnail","hentry","category-nacional"],"_links":{"self":[{"href":"https:\/\/www.jornalcontato.com.br\/home\/index.php\/wp-json\/wp\/v2\/posts\/19117","targetHints":{"allow":["GET"]}}],"collection":[{"href":"https:\/\/www.jornalcontato.com.br\/home\/index.php\/wp-json\/wp\/v2\/posts"}],"about":[{"href":"https:\/\/www.jornalcontato.com.br\/home\/index.php\/wp-json\/wp\/v2\/types\/post"}],"author":[{"embeddable":true,"href":"https:\/\/www.jornalcontato.com.br\/home\/index.php\/wp-json\/wp\/v2\/users\/1"}],"replies":[{"embeddable":true,"href":"https:\/\/www.jornalcontato.com.br\/home\/index.php\/wp-json\/wp\/v2\/comments?post=19117"}],"version-history":[{"count":2,"href":"https:\/\/www.jornalcontato.com.br\/home\/index.php\/wp-json\/wp\/v2\/posts\/19117\/revisions"}],"predecessor-version":[{"id":19121,"href":"https:\/\/www.jornalcontato.com.br\/home\/index.php\/wp-json\/wp\/v2\/posts\/19117\/revisions\/19121"}],"wp:featuredmedia":[{"embeddable":true,"href":"https:\/\/www.jornalcontato.com.br\/home\/index.php\/wp-json\/wp\/v2\/media\/19119"}],"wp:attachment":[{"href":"https:\/\/www.jornalcontato.com.br\/home\/index.php\/wp-json\/wp\/v2\/media?parent=19117"}],"wp:term":[{"taxonomy":"category","embeddable":true,"href":"https:\/\/www.jornalcontato.com.br\/home\/index.php\/wp-json\/wp\/v2\/categories?post=19117"},{"taxonomy":"post_tag","embeddable":true,"href":"https:\/\/www.jornalcontato.com.br\/home\/index.php\/wp-json\/wp\/v2\/tags?post=19117"}],"curies":[{"name":"wp","href":"https:\/\/api.w.org\/{rel}","templated":true}]}}