{"id":19106,"date":"2021-06-07T09:02:06","date_gmt":"2021-06-07T12:02:06","guid":{"rendered":"http:\/\/www.jornalcontato.com.br\/home\/?p=19106"},"modified":"2021-06-07T09:02:06","modified_gmt":"2021-06-07T12:02:06","slug":"o-pais-desabando-antonio-prata-folha-de-spaulo","status":"publish","type":"post","link":"https:\/\/www.jornalcontato.com.br\/home\/index.php\/o-pais-desabando-antonio-prata-folha-de-spaulo\/","title":{"rendered":"O pa\u00eds desabando (Antonio Prata &#8211; Folha de SPaulo)"},"content":{"rendered":"<p style=\"text-align: center;\"><strong><em>Ilustra\u00e7\u00e3o de Adams Carvalho para coluna de Antonio Prata mostra crian\u00e7a desenhada em verde e amarelo de frente para fenda de uma rachadura<\/em><\/strong><\/p>\n<p style=\"text-align: center;\"><em><strong>Se fosse &#8216;Star Wars&#8217;, voc\u00eas estariam do lado de Darth Vader<\/strong><\/em><\/p>\n<p>Um edif\u00edcio irregular, num bairro irregular, numa cidade irregular, num estado irregular, num pa\u00eds irregular, desabou. Quando o delinquente Ricardo Salles fala em \u201cpassar a boiada\u201d, em desregulamentar, ele est\u00e1 simplesmente aplicando \u00e0 Amaz\u00f4nia os m\u00e9todos da mil\u00edcia em Rio das Pedras. A gente sabe como termina: em escombros, fogo e morte.<\/p>\n<p>Rio das Pedras, o ber\u00e7o das mil\u00edcias cariocas, do Escrit\u00f3rio do Crime, dos assassinos da Marielle, \u00e9 tamb\u00e9m curral eleitoral da fam\u00edlia Bolsonaro. Local de grande influ\u00eancia do Fabr\u00edcio Queiroz, capataz do presidente e bab\u00e1 de seus filhos. O MP-RJ tem grava\u00e7\u00e3o do Queiroz falando com a mulher sobre ajudar os milicianos do bairro. E isso deve ser s\u00f3 a ponta do iceberg.<\/p>\n<p>Deus do c\u00e9u, precisa de CPI?! Fabr\u00edcio Queiroz at\u00e9 outro dia estava escondido na casa do advogado do senador Fl\u00e1vio Bolsonaro. Fl\u00e1vio que, segundo mat\u00e9ria do The Intercept, financiou com dinheiro da \u201crachadinha\u201d, coletado por Queiroz, constru\u00e7\u00f5es irregulares de milicianos em Rio das Pedras. Tipo essa que desabou. O dinheiro era dado ao matador Adriano da N\u00f3brega. Um homem que assassinava por dinheiro, mas tamb\u00e9m por prazer: se pudesse escolher, preferia a faca. O artes\u00e3o do homic\u00eddio foi homenageado por Fl\u00e1vio Bolsonaro com a maior honraria legislativa do Rio de Janeiro, a Medalha Tiradentes. Bolsonaro disse, em mar\u00e7o deste ano, que foi ele quem mandou Fl\u00e1vio fazer a homenagem.<\/p>\n<p><a href=\"http:\/\/jornalcontato.com.br\/home\/wp-content\/uploads\/2021\/06\/predio-desabados.jpg\"><img loading=\"lazy\" decoding=\"async\" class=\"aligncenter size-large wp-image-19107\" src=\"http:\/\/jornalcontato.com.br\/home\/wp-content\/uploads\/2021\/06\/predio-desabados-450x253.jpg\" alt=\"\" width=\"450\" height=\"253\" srcset=\"https:\/\/jornalcontato.com.br\/home\/wp-content\/uploads\/2021\/06\/predio-desabados-450x253.jpg 450w, https:\/\/jornalcontato.com.br\/home\/wp-content\/uploads\/2021\/06\/predio-desabados-300x169.jpg 300w, https:\/\/jornalcontato.com.br\/home\/wp-content\/uploads\/2021\/06\/predio-desabados.jpg 711w\" sizes=\"auto, (max-width: 450px) 100vw, 450px\" \/><\/a><\/p>\n<p style=\"text-align: center;\"><em><strong>Escombros do pr\u00e9dio que desabou em Rio da Pedras na quinta-feira 3<\/strong><\/em><\/p>\n<p>O pr\u00e9dio desabado em Rio das Pedras e a anistia das For\u00e7as Armadas a Pazuello s\u00e3o a mesma coisa: a destrui\u00e7\u00e3o das estruturas. O desprezo \u00e0 lei. Como \u00e9 a mesma coisa o sil\u00eancio c\u00famplice do Conselho Federal de Medicina e dos CRMs diante de profissionais criminosos que recomendaram e seguem recomendando cloroquina. \u00c9 a mesma coisa o apoio t\u00e1cito ou expl\u00edcito dos industriais, dos empres\u00e1rios, do mercado financeiro, do Facebook e do Twitter, que analisam a morte de 500 mil brasileiros de HP na m\u00e3o. Talvez digam que j\u00e1 estava \u201cprecificado\u201d. Se fosse \u201cStar Wars\u201d, voc\u00eas estariam do lado de Darth Vader. Como voc\u00eas dormem?<\/p>\n<p>Est\u00e1 errado dizer que Bolsonaro \u00e9 um genocida: o genocida quer acabar exclusivamente com um grupo \u00e9tnico, religioso ou cultural. Bolsonaro \u00e9 mais generoso em sua morbidez. Ele passar\u00e1 por cima de quem for preciso para instalar seu projeto miliciano, para perpetuar-se em seu Gabinete do Crime e do \u00d3dio, com a ajuda dos \u201c<em>consiglieri<\/em>\u201d de p\u00f3s-doc na parede, \u00f3culos de tartaruga na fu\u00e7a e sangue nas m\u00e3os. Guedes e Salles, o contador e o meirinho da m\u00e1fia. Perd\u00e3o pela compara\u00e7\u00e3o, Corleone, pois este bando n\u00e3o conhece a \u201c<em>omert\u00e0<\/em>\u201d.<\/p>\n<p>Todos os que n\u00e3o est\u00e3o se insurgindo agora diante do desmoronamento do pa\u00eds ter\u00e3o que explicar aos filhos e netos, um dia, quando esta mortandade for ensinada nas escolas: por que se calaram? Por que n\u00e3o fizeram nada quando os judeus embarcavam em trens de carga e o chicote cantava no pelourinho? Covardes.<\/p>\n<p>Eu sei o que direi aos meus filhos. Olivia e Daniel, deixo aqui registrado: eu e muitos \u00e0 minha volta est\u00e1vamos lutando pela lei, pela verdade, pela justi\u00e7a. Est\u00e1vamos escrevendo, nos manifestando, reportando, unindo for\u00e7as, arrecadando dinheiro para a resist\u00eancia e assim continuaremos at\u00e9 o fim, o nosso ou o da trag\u00e9dia, para que voc\u00eas e todos os outros brasileiros, brancos e pretos, homens e mulheres, possam um dia viver num pa\u00eds decente. Pode soar piegas, mas eu n\u00e3o quero ser original, eu quero sobreviver.<\/p>\n<p>&nbsp;<\/p>\n<p><em>\u00a0<\/em><\/p>\n","protected":false},"excerpt":{"rendered":"<p>Ilustra\u00e7\u00e3o de Adams Carvalho para coluna de Antonio Prata mostra crian\u00e7a desenhada em verde e amarelo de frente para fenda de uma rachadura Se fosse &#8230;<\/p>\n","protected":false},"author":1,"featured_media":19108,"comment_status":"open","ping_status":"open","sticky":false,"template":"","format":"standard","meta":{"footnotes":""},"categories":[1],"tags":[],"class_list":["post-19106","post","type-post","status-publish","format-standard","has-post-thumbnail","hentry","category-nacional"],"_links":{"self":[{"href":"https:\/\/www.jornalcontato.com.br\/home\/index.php\/wp-json\/wp\/v2\/posts\/19106","targetHints":{"allow":["GET"]}}],"collection":[{"href":"https:\/\/www.jornalcontato.com.br\/home\/index.php\/wp-json\/wp\/v2\/posts"}],"about":[{"href":"https:\/\/www.jornalcontato.com.br\/home\/index.php\/wp-json\/wp\/v2\/types\/post"}],"author":[{"embeddable":true,"href":"https:\/\/www.jornalcontato.com.br\/home\/index.php\/wp-json\/wp\/v2\/users\/1"}],"replies":[{"embeddable":true,"href":"https:\/\/www.jornalcontato.com.br\/home\/index.php\/wp-json\/wp\/v2\/comments?post=19106"}],"version-history":[{"count":1,"href":"https:\/\/www.jornalcontato.com.br\/home\/index.php\/wp-json\/wp\/v2\/posts\/19106\/revisions"}],"predecessor-version":[{"id":19109,"href":"https:\/\/www.jornalcontato.com.br\/home\/index.php\/wp-json\/wp\/v2\/posts\/19106\/revisions\/19109"}],"wp:featuredmedia":[{"embeddable":true,"href":"https:\/\/www.jornalcontato.com.br\/home\/index.php\/wp-json\/wp\/v2\/media\/19108"}],"wp:attachment":[{"href":"https:\/\/www.jornalcontato.com.br\/home\/index.php\/wp-json\/wp\/v2\/media?parent=19106"}],"wp:term":[{"taxonomy":"category","embeddable":true,"href":"https:\/\/www.jornalcontato.com.br\/home\/index.php\/wp-json\/wp\/v2\/categories?post=19106"},{"taxonomy":"post_tag","embeddable":true,"href":"https:\/\/www.jornalcontato.com.br\/home\/index.php\/wp-json\/wp\/v2\/tags?post=19106"}],"curies":[{"name":"wp","href":"https:\/\/api.w.org\/{rel}","templated":true}]}}