{"id":19099,"date":"2021-06-06T09:20:49","date_gmt":"2021-06-06T12:20:49","guid":{"rendered":"http:\/\/www.jornalcontato.com.br\/home\/?p=19099"},"modified":"2021-06-06T09:20:49","modified_gmt":"2021-06-06T12:20:49","slug":"breve-historia-do-nosso-desespero-jc-sebe-bom-meihy","status":"publish","type":"post","link":"https:\/\/www.jornalcontato.com.br\/home\/index.php\/breve-historia-do-nosso-desespero-jc-sebe-bom-meihy\/","title":{"rendered":"BREVE HIST\u00d3RIA DO NOSSO DESESPERO (JC Sebe Bom Meihy)"},"content":{"rendered":"<p>Eram dias dif\u00edceis. H\u00e1 pouco mais de um ano, viv\u00edamos um choque de realidade inimagin\u00e1vel. A pandemia definida ainda em 2019 se avultava em figura\u00e7\u00e3o gigantesca. Sustos. Desesperos. Agitos mundiais. O planeta se amedrontava com o progressivo n\u00famero de mortes lidas como amea\u00e7as apocal\u00edpticas. Temia-se, com evid\u00eancias, o inferno na Terra e os dem\u00f4nios, sem disfarces, estavam soltos, b\u00eabados e esfomeados, incontrolados, nos buscando. Sem medicamentos alcan\u00e7\u00e1veis, sem estruturas m\u00e9dico-hospitalares, com o notici\u00e1rio inflamado, restava o formid\u00e1vel abra\u00e7o do p\u00e2nico. O medo e a apreens\u00e3o eram regras: que ser\u00e1 de n\u00f3s? A j\u00e1 anunciada vacina estava distante e a cloroquina, mostrada como bala de prata, dava passagem para uma pol\u00edtica capaz de justificar a estrat\u00e9gia da imunidade de rebanho.<\/p>\n<p>As experi\u00eancias brasileiras eram demonstradas em registros horripilantes: sequ\u00eancias t\u00e9tricas de enterros, f\u00faria popular em busca de atendimentos, exaust\u00e3o do pessoal da sa\u00fade. Chorou-se muito, nossa! Viu-se logo que n\u00e3o se tratava de mera gripezinha. Ali\u00e1s, o que se notava era o resultado de um negacionismo integrado a um projeto de mudan\u00e7a de rumo da forma de governo. E come\u00e7ava uma guerra consequente contra o ambiente da ci\u00eancia, colocando-se no lugar uma religiosidade sem teologia sustent\u00e1vel, assentada no comportamento de seguidores fan\u00e1ticos. Se o mundo n\u00e3o seria o mesmo, no Brasil tudo se agravava ao ponto de logo termos uma das piores reputa\u00e7\u00f5es no quadrante universal. Jamais ser\u00edamos os mesmos. Jamais.<\/p>\n<p><a href=\"http:\/\/jornalcontato.com.br\/home\/wp-content\/uploads\/2021\/06\/Gripezinha-recortada.jpg\"><img loading=\"lazy\" decoding=\"async\" class=\"aligncenter size-full wp-image-19101\" src=\"http:\/\/jornalcontato.com.br\/home\/wp-content\/uploads\/2021\/06\/Gripezinha-recortada.jpg\" alt=\"\" width=\"267\" height=\"175\" \/><\/a><\/p>\n<p>Olavo de Carvalho, l\u00e1 de seu escrit\u00f3rio em Virginia, nos Estados Unidos, entre palavr\u00f5es e murros na mesa, destilava mandamentos seguidos por terraplanistas \u00e1vidos da desmontagem institucional. O neoliberalismo pululava em del\u00edrios quim\u00e9ricos, consagradores do progresso econ\u00f4mico acima de tudo e de todos. E nosso cotidiano era sufocado pelo destempero guiado pelo pavor do futuro mortal e galopante.<\/p>\n<p>A dic\u00e7\u00e3o mal resolvida do presidente da rep\u00fablica exarava improp\u00e9rios de repeti\u00e7\u00e3o desnecess\u00e1ria. De certa forma, as li\u00e7\u00f5es da Guerra Fria consubstanciadas na polariza\u00e7\u00e3o pol\u00edtica ecoavam confundindo esperan\u00e7as com alarmes. Entre um lado e outro, era dado o caminho para a desarmonia que, plantada no solo f\u00e9rtil da corrup\u00e7\u00e3o estrutural e da no\u00e7\u00e3o de falibilidade da utopia, fazia emergir um novo messias. Tosco. Inculto. Desrespeitoso, com filhos moldados em falcatruas nunca esclarecidas, est\u00e1vamos jogados \u00e0s tra\u00e7as que corro\u00edam nossas resist\u00eancias. Resultado: hoje quase quinhentas mil mortes, com promessas de muitas outras.<\/p>\n<p><a href=\"http:\/\/jornalcontato.com.br\/home\/wp-content\/uploads\/2021\/06\/Bozo-e-um-mau-militar.jpg\"><img loading=\"lazy\" decoding=\"async\" class=\"aligncenter size-large wp-image-19102\" src=\"http:\/\/jornalcontato.com.br\/home\/wp-content\/uploads\/2021\/06\/Bozo-e-um-mau-militar-450x236.jpg\" alt=\"\" width=\"450\" height=\"236\" srcset=\"https:\/\/jornalcontato.com.br\/home\/wp-content\/uploads\/2021\/06\/Bozo-e-um-mau-militar-450x236.jpg 450w, https:\/\/jornalcontato.com.br\/home\/wp-content\/uploads\/2021\/06\/Bozo-e-um-mau-militar-300x158.jpg 300w, https:\/\/jornalcontato.com.br\/home\/wp-content\/uploads\/2021\/06\/Bozo-e-um-mau-militar-768x403.jpg 768w, https:\/\/jornalcontato.com.br\/home\/wp-content\/uploads\/2021\/06\/Bozo-e-um-mau-militar.jpg 1200w\" sizes=\"auto, (max-width: 450px) 100vw, 450px\" \/><\/a><\/p>\n<p style=\"text-align: center;\"><em><strong>Um ex-capit\u00e3o chamado de mau militar por Ernesto Geisel<\/strong><\/em><\/p>\n<p>Populismo pelo avesso, em nome da renova\u00e7\u00e3o e da nova pol\u00edtica, um ex-capit\u00e3o, chamado de \u201cmau militar\u201d pelo ditador Ernesto Geisel, se arvorava redentor da ordem, da moral e dos bons costumes. Com ele empoderado, afiavam-se, em nome de novidades, as velhas garras da viol\u00eancia institucionalizada em nossa hist\u00f3ria. Se o processo de den\u00fancia das agress\u00f5es \u00e0s mulheres, aos negros, homossexuais, estava em marcha lenta, com a tomada do comando de um segmento hegem\u00f4nico branco, tudo ganhou vertigem de exterm\u00ednio. Naquele momento, o que era ruim virou p\u00e9ssimo, e ent\u00e3o o latente conservadorismo se mostrou sem alcance de corre\u00e7\u00e3o. Feminic\u00eddios, mortes de negros e favelados, ataques a gays se juntaram ao sufoco proposto \u00e0s comunidades ind\u00edgenas, quilombolas, comunidades pobres. Encerrados em lares, viramos espectadores de um programa metodicamente preparado para a destrui\u00e7\u00e3o.<\/p>\n<p><a href=\"http:\/\/jornalcontato.com.br\/home\/wp-content\/uploads\/2021\/06\/queimada-florestal.jpg\"><img loading=\"lazy\" decoding=\"async\" class=\"aligncenter size-large wp-image-19103\" src=\"http:\/\/jornalcontato.com.br\/home\/wp-content\/uploads\/2021\/06\/queimada-florestal-450x301.jpg\" alt=\"\" width=\"450\" height=\"301\" srcset=\"https:\/\/jornalcontato.com.br\/home\/wp-content\/uploads\/2021\/06\/queimada-florestal-450x301.jpg 450w, https:\/\/jornalcontato.com.br\/home\/wp-content\/uploads\/2021\/06\/queimada-florestal-300x201.jpg 300w, https:\/\/jornalcontato.com.br\/home\/wp-content\/uploads\/2021\/06\/queimada-florestal-768x514.jpg 768w, https:\/\/jornalcontato.com.br\/home\/wp-content\/uploads\/2021\/06\/queimada-florestal.jpg 800w\" sizes=\"auto, (max-width: 450px) 100vw, 450px\" \/><\/a><\/p>\n<p style=\"text-align: center;\"><em><strong>Todos os recordes de queimadas foram batidos nesse governo<\/strong><\/em><\/p>\n<p>Fogo. Muito fogo foi ateado nas florestas, matas, manguezais arrasados, animais mortos aos milhares. E a covid19 grassando a ponto nos colocar em segundo lugar no plantel de perdas de vida mundo afora. Faltava-nos tudo, al\u00e9m da constata\u00e7\u00e3o do governo que n\u00e3o ligava para os contingentes de arrependidos de votos creditados a favor de mudan\u00e7as necess\u00e1rias. A magnifica resposta dada pela ci\u00eancia, que em curto espa\u00e7o de tempo provou v\u00e1rias vacinas eficientes, alentou nosso viver. E desde ent\u00e3o come\u00e7amos respirar possibilidades melhores. Desponta assim a reflex\u00e3o necess\u00e1ria, capaz de iluminar perguntas que precisam de respostas: por que tanto se negou a efici\u00eancia vacinal? Qual a raz\u00e3o para a cole\u00e7\u00e3o de sinais trocados entre medicamentos comprovados e outros fartamente indicados ineficientes (e at\u00e9 danosos)? Se t\u00ednhamos o melhor sistema de vacina\u00e7\u00e3o do planeta, o SUS, por que n\u00e3o nos valemos dele para garantir que poder\u00edamos ser o primeiro pa\u00eds do mundo a produzi-la e imunizar a popula\u00e7\u00e3o? \u00c9 sim poss\u00edvel que estejamos agora entre os 5 pa\u00edses do mundo que mais vacinam, mas isso justifica a perda de cerca de 100 mil mortes causadas pela demora em se assumir a responsabilidade de vacina\u00e7\u00e3o?<\/p>\n<p>Mas sabem o que mais me preocupa? Fico imaginando os efeitos recalcados em nossa mem\u00f3ria social. Temo, muito, muito mesmo, que a cobran\u00e7a velha em forma de agravamento da polariza\u00e7\u00e3o e que ela nos leve para o caos. O luto que mal digerimos h\u00e1 de nos desafiar por muito tempo. N\u00e3o se passa impunimente pela experi\u00eancia traum\u00e1tica da perda de tanta gente e tanta inc\u00faria pol\u00edtica. Temos que passar por um doloroso processo de reflex\u00e3o antes das pr\u00f3ximas elei\u00e7\u00f5es e que ju\u00edzos cr\u00edticos nos ajudem a redimir de escolhas erradas.<\/p>\n","protected":false},"excerpt":{"rendered":"<p>Eram dias dif\u00edceis. H\u00e1 pouco mais de um ano, viv\u00edamos um choque de realidade inimagin\u00e1vel. A pandemia definida ainda em 2019 se avultava em figura\u00e7\u00e3o &#8230;<\/p>\n","protected":false},"author":1,"featured_media":19104,"comment_status":"open","ping_status":"open","sticky":false,"template":"","format":"standard","meta":{"footnotes":""},"categories":[1],"tags":[],"class_list":["post-19099","post","type-post","status-publish","format-standard","has-post-thumbnail","hentry","category-nacional"],"_links":{"self":[{"href":"https:\/\/www.jornalcontato.com.br\/home\/index.php\/wp-json\/wp\/v2\/posts\/19099","targetHints":{"allow":["GET"]}}],"collection":[{"href":"https:\/\/www.jornalcontato.com.br\/home\/index.php\/wp-json\/wp\/v2\/posts"}],"about":[{"href":"https:\/\/www.jornalcontato.com.br\/home\/index.php\/wp-json\/wp\/v2\/types\/post"}],"author":[{"embeddable":true,"href":"https:\/\/www.jornalcontato.com.br\/home\/index.php\/wp-json\/wp\/v2\/users\/1"}],"replies":[{"embeddable":true,"href":"https:\/\/www.jornalcontato.com.br\/home\/index.php\/wp-json\/wp\/v2\/comments?post=19099"}],"version-history":[{"count":1,"href":"https:\/\/www.jornalcontato.com.br\/home\/index.php\/wp-json\/wp\/v2\/posts\/19099\/revisions"}],"predecessor-version":[{"id":19105,"href":"https:\/\/www.jornalcontato.com.br\/home\/index.php\/wp-json\/wp\/v2\/posts\/19099\/revisions\/19105"}],"wp:featuredmedia":[{"embeddable":true,"href":"https:\/\/www.jornalcontato.com.br\/home\/index.php\/wp-json\/wp\/v2\/media\/19104"}],"wp:attachment":[{"href":"https:\/\/www.jornalcontato.com.br\/home\/index.php\/wp-json\/wp\/v2\/media?parent=19099"}],"wp:term":[{"taxonomy":"category","embeddable":true,"href":"https:\/\/www.jornalcontato.com.br\/home\/index.php\/wp-json\/wp\/v2\/categories?post=19099"},{"taxonomy":"post_tag","embeddable":true,"href":"https:\/\/www.jornalcontato.com.br\/home\/index.php\/wp-json\/wp\/v2\/tags?post=19099"}],"curies":[{"name":"wp","href":"https:\/\/api.w.org\/{rel}","templated":true}]}}