{"id":19092,"date":"2021-06-04T10:10:42","date_gmt":"2021-06-04T13:10:42","guid":{"rendered":"http:\/\/www.jornalcontato.com.br\/home\/?p=19092"},"modified":"2021-06-04T10:12:15","modified_gmt":"2021-06-04T13:12:15","slug":"o-capitao-dobrou-os-generais-o-proximo-passo-e-transformar-o-exercito-em-milicia-malu-gaspar-oglobo","status":"publish","type":"post","link":"https:\/\/www.jornalcontato.com.br\/home\/index.php\/o-capitao-dobrou-os-generais-o-proximo-passo-e-transformar-o-exercito-em-milicia-malu-gaspar-oglobo\/","title":{"rendered":"O capit\u00e3o dobrou os generais. O pr\u00f3ximo passo \u00e9 transformar o Ex\u00e9rcito em mil\u00edcia (Malu Gaspar &#8211; OGlobo)"},"content":{"rendered":"<p style=\"text-align: center;\"><em><strong>Depois de entrar no governo, o Ex\u00e9rcito vai se transformando em partido. A continuar assim, o pr\u00f3ximo passo \u00e9 se transformar em mil\u00edcia<\/strong><\/em><\/p>\n<p>Se havia alguma d\u00favida sobre a posi\u00e7\u00e3o do Ex\u00e9rcito em rela\u00e7\u00e3o a Jair Bolsonaro, foi eliminada na tarde desta quinta-feira. Com a decis\u00e3o de n\u00e3o punir o general Eduardo Pazuello por ter subido ao palanque de um ato de apoio ao presidente, no Rio de Janeiro, o comandante da principal for\u00e7a militar do pa\u00eds demonstra que os generais, afinal, n\u00e3o s\u00e3o capazes de conter o capit\u00e3o.<\/p>\n<p>Os regulamentos militares s\u00e3o clar\u00edssimos ao proibir a participa\u00e7\u00e3o de oficiais da ativa em &#8220;manifesta\u00e7\u00f5es coletivas, tanto sobre atos de superiores quanto as de car\u00e1ter reivindicat\u00f3rio ou pol\u00edtico.\u201d Portanto, ao consignar em nota oficial que &#8220;n\u00e3o restou caracterizada a pr\u00e1tica de transgress\u00e3o disciplinar por parte do general Pazuello&#8221;, o comando do Ex\u00e9rcito passa algumas mensagens \u00e0 pr\u00f3pria tropa e \u00e0 sociedade brasileira.<\/p>\n<p>Ao Brasil, que n\u00e3o espere do Ex\u00e9rcito nenhum esfor\u00e7o de prote\u00e7\u00e3o \u00e0 ordem democr\u00e1tica ou ao estado de direito se, do outro lado, for\u00e7ando os limites, estiver Jair Bolsonaro. Se n\u00e3o foi capaz de cont\u00ea-lo nem para proteger um pilar b\u00e1sico da for\u00e7a, o respeito a hierarquia e aos c\u00f3digos militares; se aceitou se humilhar diante do presidente num impasse em que tinha a seu favor uma regra cristalina e inequ\u00edvoca, n\u00e3o h\u00e1 por que supor que o comandante ter\u00e1 for\u00e7a para faz\u00ea-lo quando estiver em jogo alguma quest\u00e3o politicamente difusa, do tipo que se justifica pelas narrativas delirantes de Bolsonaro.<\/p>\n<p>\u00c0 tropa, o recado \u00e9 claro. Cabos, soldados, majores, tenentes, coron\u00e9is, est\u00e3o todos liberados para fazer reivindica\u00e7\u00f5es salariais, contestar as regras do comando ou mandar \u00e0s favas o regulamento disciplinar do Ex\u00e9rcito. A partir de agora \u00e9 l\u00edcito pensar que, se Pazuello pode, eles tamb\u00e9m podem. As pilhas de processos disciplinares que se acumulam nas mesas dos comandantes podem ser arquivadas ou jogadas no lixo, porque a partir de agora existe uma nova regra: quem tem costas quentes pode promover a anarquia, que est\u00e1 tudo bem.<\/p>\n<p>Era p\u00fablico e not\u00f3rio que Bolsonaro n\u00e3o aceitava nenhuma puni\u00e7\u00e3o para Pazuello. E bancou a aposta ao nome\u00e1-lo para um cargo no Pal\u00e1cio do Planalto.<\/p>\n<p>Em rea\u00e7\u00e3o a esses movimentos, h\u00e1 dias generais de v\u00e1rios segmentos vinham procurando a imprensa, diretamente ou por meio de interlocutores, para dizer que n\u00e3o havia hip\u00f3tese de Pazuello n\u00e3o ser punido. Podia at\u00e9 ser uma puni\u00e7\u00e3o branda. O que n\u00e3o podia era acabar tudo em &#8220;pizza&#8221;, como se apostava entre os recrutas.<\/p>\n<p>Mas as poucas informa\u00e7\u00f5es que vazaram sobre a reuni\u00e3o do Alto Comando do Ex\u00e9rcito, na \u00faltima quarta-feira, j\u00e1 indicavam que o desfecho do caso seria diferente. Quando um integrante do Alto Comando disse \u00e0 rep\u00f3rter Jussara Soares que a decis\u00e3o do comandante seria acatada por todos como uma \u201cdecis\u00e3o do Ex\u00e9rcito, independentemente da posi\u00e7\u00e3o pessoal de cada um\u201d, estava claro que os generais entendiam que teriam de se dobrar \u00e0 vontade de Bolsonaro.<\/p>\n<p><a href=\"http:\/\/jornalcontato.com.br\/home\/wp-content\/uploads\/2021\/06\/Sao-Pazuello.png\"><img loading=\"lazy\" decoding=\"async\" class=\"aligncenter size-large wp-image-19093\" src=\"http:\/\/jornalcontato.com.br\/home\/wp-content\/uploads\/2021\/06\/Sao-Pazuello-376x450.png\" alt=\"\" width=\"376\" height=\"450\" srcset=\"https:\/\/jornalcontato.com.br\/home\/wp-content\/uploads\/2021\/06\/Sao-Pazuello-376x450.png 376w, https:\/\/jornalcontato.com.br\/home\/wp-content\/uploads\/2021\/06\/Sao-Pazuello-251x300.png 251w, https:\/\/jornalcontato.com.br\/home\/wp-content\/uploads\/2021\/06\/Sao-Pazuello.png 393w\" sizes=\"auto, (max-width: 376px) 100vw, 376px\" \/><\/a><\/p>\n<p>Agora, n\u00e3o vai faltar quem se apresse a enviar a imprensa recados na dire\u00e7\u00e3o contr\u00e1ria. V\u00e3o dizer que Bolsonaro \u00e9, em \u00faltima inst\u00e2ncia, o comandante m\u00e1ximo das For\u00e7as Armadas. Dir\u00e3o ainda que, se ele decidisse revogar a decis\u00e3o de Paulo S\u00e9rgio, o preju\u00edzo \u00e0 imagem do Ex\u00e9rcito seria ainda maior.<\/p>\n<p>Tudo balela.<\/p>\n<p>O Ex\u00e9rcito j\u00e1 desafiou a autoridade de outros presidentes para se preservar, quando achou conveniente. Quando Dilma Rousseff exigiu uma puni\u00e7\u00e3o para o ent\u00e3o general Hamilton Mour\u00e3o, que em 2015 convocou militares para um &#8220;despertar patri\u00f3tico&#8221; e para a mudan\u00e7a do status quo, o comandante, general Villas Boas, negociou uma esp\u00e9cie de puni\u00e7\u00e3o branca e transferiu Mour\u00e3o de um comando militar para um setor burocr\u00e1tico, sem tropas.\u00a0 Em 2017, quando Mour\u00e3o novamente desafiou os militares a resolver &#8220;o problema pol\u00edtico&#8221; do pa\u00eds, o presidente da Rep\u00fablica era Michel Temer, e n\u00e3o houve nenhuma puni\u00e7\u00e3o.<\/p>\n<p>Um Ex\u00e9rcito que n\u00e3o obedece a um comando \u00fanico, em que cada um faz o que quer, j\u00e1 entra na guerra derrotado. Um Ex\u00e9rcito em que oficiais priorizam interesses pol\u00edticos e pessoais em detrimento do todo n\u00e3o serve mais ao pa\u00eds. Transforma-se em partido pol\u00edtico. E, armado, facilmente transmuta-se em mil\u00edcia.<\/p>\n<p>Em \u00faltima inst\u00e2ncia, \u00e9 esse o preocupante sinal enviado ao Brasil pelo desfecho do caso Pazuello. Depois de entrar no governo, o Ex\u00e9rcito vai se transformando em partido. A continuar assim, o pr\u00f3ximo passo \u00e9 se transformar em mil\u00edcia.<\/p>\n","protected":false},"excerpt":{"rendered":"<p>Depois de entrar no governo, o Ex\u00e9rcito vai se transformando em partido. A continuar assim, o pr\u00f3ximo passo \u00e9 se transformar em mil\u00edcia Se havia &#8230;<\/p>\n","protected":false},"author":1,"featured_media":19095,"comment_status":"open","ping_status":"open","sticky":false,"template":"","format":"standard","meta":{"footnotes":""},"categories":[1],"tags":[],"class_list":["post-19092","post","type-post","status-publish","format-standard","has-post-thumbnail","hentry","category-nacional"],"_links":{"self":[{"href":"https:\/\/www.jornalcontato.com.br\/home\/index.php\/wp-json\/wp\/v2\/posts\/19092","targetHints":{"allow":["GET"]}}],"collection":[{"href":"https:\/\/www.jornalcontato.com.br\/home\/index.php\/wp-json\/wp\/v2\/posts"}],"about":[{"href":"https:\/\/www.jornalcontato.com.br\/home\/index.php\/wp-json\/wp\/v2\/types\/post"}],"author":[{"embeddable":true,"href":"https:\/\/www.jornalcontato.com.br\/home\/index.php\/wp-json\/wp\/v2\/users\/1"}],"replies":[{"embeddable":true,"href":"https:\/\/www.jornalcontato.com.br\/home\/index.php\/wp-json\/wp\/v2\/comments?post=19092"}],"version-history":[{"count":3,"href":"https:\/\/www.jornalcontato.com.br\/home\/index.php\/wp-json\/wp\/v2\/posts\/19092\/revisions"}],"predecessor-version":[{"id":19098,"href":"https:\/\/www.jornalcontato.com.br\/home\/index.php\/wp-json\/wp\/v2\/posts\/19092\/revisions\/19098"}],"wp:featuredmedia":[{"embeddable":true,"href":"https:\/\/www.jornalcontato.com.br\/home\/index.php\/wp-json\/wp\/v2\/media\/19095"}],"wp:attachment":[{"href":"https:\/\/www.jornalcontato.com.br\/home\/index.php\/wp-json\/wp\/v2\/media?parent=19092"}],"wp:term":[{"taxonomy":"category","embeddable":true,"href":"https:\/\/www.jornalcontato.com.br\/home\/index.php\/wp-json\/wp\/v2\/categories?post=19092"},{"taxonomy":"post_tag","embeddable":true,"href":"https:\/\/www.jornalcontato.com.br\/home\/index.php\/wp-json\/wp\/v2\/tags?post=19092"}],"curies":[{"name":"wp","href":"https:\/\/api.w.org\/{rel}","templated":true}]}}