{"id":19088,"date":"2021-06-02T15:59:46","date_gmt":"2021-06-02T18:59:46","guid":{"rendered":"http:\/\/www.jornalcontato.com.br\/home\/?p=19088"},"modified":"2021-06-02T15:59:46","modified_gmt":"2021-06-02T18:59:46","slug":"alto-comando-quer-punicao-de-pazuello-que-opta-por-bolsonaro-e-a-politica-thais-oyama-uol","status":"publish","type":"post","link":"https:\/\/www.jornalcontato.com.br\/home\/index.php\/alto-comando-quer-punicao-de-pazuello-que-opta-por-bolsonaro-e-a-politica-thais-oyama-uol\/","title":{"rendered":"Alto Comando quer puni\u00e7\u00e3o de Pazuello, que opta por Bolsonaro e a pol\u00edtica (Thais Oyama &#8211; UOL)"},"content":{"rendered":"<p>O Alto Comando do Ex\u00e9rcito se re\u00fane hoje para discutir a situa\u00e7\u00e3o de Eduardo Pazuello e, segundo um general quatro estrelas que acompanha de perto as discuss\u00f5es da c\u00fapula da For\u00e7a, ela &#8220;nunca esteve t\u00e3o solidamente posicionada numa mesma dire\u00e7\u00e3o, que \u00e9 a de proteger a institui\u00e7\u00e3o&#8221;.<\/p>\n<p>Em outras palavras, o Alto Comando est\u00e1 fechado quanto \u00e0 necessidade de punir o general, nem que isso custe a cabe\u00e7a do seu n\u00famero 1, o comandante do Ex\u00e9rcito, Paulo S\u00e9rgio Nogueira de Oliveira, respons\u00e1vel pelo veredicto final.<\/p>\n<p>Bolsonaro j\u00e1 avisou que n\u00e3o quer que Pazuello, seu protegido, seja punido por ter comparecido a uma manifesta\u00e7\u00e3o em seu apoio. Mas, para o Ex\u00e9rcito, o que est\u00e1 em jogo suplanta os desejos do presidente: trata-se de reafirmar ou jogar por terra o princ\u00edpio da disciplina, um dos pilares de sustenta\u00e7\u00e3o da For\u00e7a.<\/p>\n<p>No que tange a Pazuello, ele j\u00e1 fez a sua op\u00e7\u00e3o: entre o Ex\u00e9rcito e Bolsonaro, ficou com o segundo.<\/p>\n<p>Agraciado ontem pelo ex-capit\u00e3o com uma sinecura na Secretaria de Assuntos Estrat\u00e9gicos da Presid\u00eancia, o general agora se prepara para ingressar em outra fileira: a dos militares insubordinados que, punidos ou expulsos de suas corpora\u00e7\u00f5es, enveredam pela pol\u00edtica.<\/p>\n<p><a href=\"http:\/\/jornalcontato.com.br\/home\/wp-content\/uploads\/2021\/06\/General-Paulo-Sergio.jpg\"><img loading=\"lazy\" decoding=\"async\" class=\"aligncenter size-large wp-image-19089\" src=\"http:\/\/jornalcontato.com.br\/home\/wp-content\/uploads\/2021\/06\/General-Paulo-Sergio-450x300.jpg\" alt=\"\" width=\"450\" height=\"300\" srcset=\"https:\/\/jornalcontato.com.br\/home\/wp-content\/uploads\/2021\/06\/General-Paulo-Sergio-450x300.jpg 450w, https:\/\/jornalcontato.com.br\/home\/wp-content\/uploads\/2021\/06\/General-Paulo-Sergio-300x200.jpg 300w, https:\/\/jornalcontato.com.br\/home\/wp-content\/uploads\/2021\/06\/General-Paulo-Sergio.jpg 600w\" sizes=\"auto, (max-width: 450px) 100vw, 450px\" \/><\/a><\/p>\n<p style=\"text-align: center;\"><strong>General Paulo S\u00e9rgio, rec\u00e9m nomeado comandante do Ex\u00e9rcito Brasileiro<\/strong><\/p>\n<p>A essa categoria pertencem o pr\u00f3prio Jair Bolsonaro e o vice-presidente Hamilton Mour\u00e3o, al\u00e9m do falecido senador Major Ol\u00edmpio e o deputado Daniel Silveira, ambos eleitos pelo PSL.<\/p>\n<p>Pazuello discute apenas qual o partido a que se filiar\u00e1 e o cargo que disputar\u00e1 em 2022 -cogita desde uma vaga no Senado (pelos estados do Rio de Janeiro, Amazonas ou Roraima) at\u00e9 o governo do Rio. No final, como sempre, ser\u00e1 Bolsonaro quem decidir\u00e1.<\/p>\n<p>O destino do general que envergonhou o Ex\u00e9rcito com suas a\u00e7\u00f5es e omiss\u00f5es no comando do minist\u00e9rio da Sa\u00fade far\u00e1 pouca diferen\u00e7a para o Brasil.<\/p>\n<p>J\u00e1 o estrago que ele causou \u00e0 j\u00e1 esgar\u00e7ada rela\u00e7\u00e3o entre o Ex\u00e9rcito e o Executivo ter\u00e1 efeito mais amplo &#8211; e poder\u00e1 ser medida at\u00e9 o fim da semana, a partir da rea\u00e7\u00e3o de Bolsonaro \u00e0 crucial decis\u00e3o do comandante Paulo S\u00e9rgio.<\/p>\n","protected":false},"excerpt":{"rendered":"<p>O Alto Comando do Ex\u00e9rcito se re\u00fane hoje para discutir a situa\u00e7\u00e3o de Eduardo Pazuello e, segundo um general quatro estrelas que acompanha de perto &#8230;<\/p>\n","protected":false},"author":1,"featured_media":19090,"comment_status":"open","ping_status":"open","sticky":false,"template":"","format":"standard","meta":{"footnotes":""},"categories":[1],"tags":[],"class_list":["post-19088","post","type-post","status-publish","format-standard","has-post-thumbnail","hentry","category-nacional"],"_links":{"self":[{"href":"https:\/\/www.jornalcontato.com.br\/home\/index.php\/wp-json\/wp\/v2\/posts\/19088","targetHints":{"allow":["GET"]}}],"collection":[{"href":"https:\/\/www.jornalcontato.com.br\/home\/index.php\/wp-json\/wp\/v2\/posts"}],"about":[{"href":"https:\/\/www.jornalcontato.com.br\/home\/index.php\/wp-json\/wp\/v2\/types\/post"}],"author":[{"embeddable":true,"href":"https:\/\/www.jornalcontato.com.br\/home\/index.php\/wp-json\/wp\/v2\/users\/1"}],"replies":[{"embeddable":true,"href":"https:\/\/www.jornalcontato.com.br\/home\/index.php\/wp-json\/wp\/v2\/comments?post=19088"}],"version-history":[{"count":1,"href":"https:\/\/www.jornalcontato.com.br\/home\/index.php\/wp-json\/wp\/v2\/posts\/19088\/revisions"}],"predecessor-version":[{"id":19091,"href":"https:\/\/www.jornalcontato.com.br\/home\/index.php\/wp-json\/wp\/v2\/posts\/19088\/revisions\/19091"}],"wp:featuredmedia":[{"embeddable":true,"href":"https:\/\/www.jornalcontato.com.br\/home\/index.php\/wp-json\/wp\/v2\/media\/19090"}],"wp:attachment":[{"href":"https:\/\/www.jornalcontato.com.br\/home\/index.php\/wp-json\/wp\/v2\/media?parent=19088"}],"wp:term":[{"taxonomy":"category","embeddable":true,"href":"https:\/\/www.jornalcontato.com.br\/home\/index.php\/wp-json\/wp\/v2\/categories?post=19088"},{"taxonomy":"post_tag","embeddable":true,"href":"https:\/\/www.jornalcontato.com.br\/home\/index.php\/wp-json\/wp\/v2\/tags?post=19088"}],"curies":[{"name":"wp","href":"https:\/\/api.w.org\/{rel}","templated":true}]}}