{"id":19084,"date":"2021-06-01T20:29:49","date_gmt":"2021-06-01T23:29:49","guid":{"rendered":"http:\/\/www.jornalcontato.com.br\/home\/?p=19084"},"modified":"2021-06-01T20:30:52","modified_gmt":"2021-06-01T23:30:52","slug":"negacionismo-na-pandemia-bernardo-mello-franco-o-globo","status":"publish","type":"post","link":"https:\/\/www.jornalcontato.com.br\/home\/index.php\/negacionismo-na-pandemia-bernardo-mello-franco-o-globo\/","title":{"rendered":"NEGACIONISMO NA PANDEMIA (Bernardo Mello Franco &#8211; O Globo)"},"content":{"rendered":"<p style=\"text-align: center;\"><strong><em>Mortes dispararam ap\u00f3s Nise Yamaguchi prever imunidade de rebanho \u201csem traumas\u201d<\/em><\/strong><\/p>\n<p>No in\u00edcio de julho de 2020, a m\u00e9dica Nise Yamaguchi disse \u00e0 TV Brasil que a imunidade de rebanho seria atingida \u201csem muitos traumas\u201d.<\/p>\n<p>No dia da entrevista, o pa\u00eds registrava 61.990 mortes pela Covid. Depois disso, o n\u00famero disparou. Ontem chegou a 462.966.<\/p>\n<p>Nise dep\u00f5e \u00e0 CPI como integrante do chamado \u201cgabinete paralelo\u201d, que aconselhava o presidente Jair Bolsonaro na contram\u00e3o das diretrizes da Organiza\u00e7\u00e3o Mundial da Sa\u00fade.<\/p>\n<p>Questionada pelo senador Renan Calheiros, Nise agora tenta explicar a defesa da tese macabra.<\/p>\n<p>\u2014 N\u00f3s t\u00ednhamos uma realidade diferente. Para aquele momento, a discuss\u00e3o era pertinente \u2014 justificou-se.<\/p>\n<p>Mesmo assim n\u00e3o escapou \u00e0 humilha\u00e7\u00e3o imposta pelo senador baiano Otto de Alencar (PSD) pol\u00edtico, m\u00e9dico e ex-professor na faculdade de Medicina, brasileiro, ex-Governador e ex-vice governador da Bahia. Confira em <em>https:\/\/www.instagram.com\/tv\/CPlgz7WnILa\/?utm_medium=share_sheet<\/em><\/p>\n","protected":false},"excerpt":{"rendered":"<p>Mortes dispararam ap\u00f3s Nise Yamaguchi prever imunidade de rebanho \u201csem traumas\u201d No in\u00edcio de julho de 2020, a m\u00e9dica Nise Yamaguchi disse \u00e0 TV Brasil &#8230;<\/p>\n","protected":false},"author":1,"featured_media":19085,"comment_status":"open","ping_status":"open","sticky":false,"template":"","format":"standard","meta":{"footnotes":""},"categories":[1],"tags":[],"class_list":["post-19084","post","type-post","status-publish","format-standard","has-post-thumbnail","hentry","category-nacional"],"_links":{"self":[{"href":"https:\/\/www.jornalcontato.com.br\/home\/index.php\/wp-json\/wp\/v2\/posts\/19084","targetHints":{"allow":["GET"]}}],"collection":[{"href":"https:\/\/www.jornalcontato.com.br\/home\/index.php\/wp-json\/wp\/v2\/posts"}],"about":[{"href":"https:\/\/www.jornalcontato.com.br\/home\/index.php\/wp-json\/wp\/v2\/types\/post"}],"author":[{"embeddable":true,"href":"https:\/\/www.jornalcontato.com.br\/home\/index.php\/wp-json\/wp\/v2\/users\/1"}],"replies":[{"embeddable":true,"href":"https:\/\/www.jornalcontato.com.br\/home\/index.php\/wp-json\/wp\/v2\/comments?post=19084"}],"version-history":[{"count":2,"href":"https:\/\/www.jornalcontato.com.br\/home\/index.php\/wp-json\/wp\/v2\/posts\/19084\/revisions"}],"predecessor-version":[{"id":19087,"href":"https:\/\/www.jornalcontato.com.br\/home\/index.php\/wp-json\/wp\/v2\/posts\/19084\/revisions\/19087"}],"wp:featuredmedia":[{"embeddable":true,"href":"https:\/\/www.jornalcontato.com.br\/home\/index.php\/wp-json\/wp\/v2\/media\/19085"}],"wp:attachment":[{"href":"https:\/\/www.jornalcontato.com.br\/home\/index.php\/wp-json\/wp\/v2\/media?parent=19084"}],"wp:term":[{"taxonomy":"category","embeddable":true,"href":"https:\/\/www.jornalcontato.com.br\/home\/index.php\/wp-json\/wp\/v2\/categories?post=19084"},{"taxonomy":"post_tag","embeddable":true,"href":"https:\/\/www.jornalcontato.com.br\/home\/index.php\/wp-json\/wp\/v2\/tags?post=19084"}],"curies":[{"name":"wp","href":"https:\/\/api.w.org\/{rel}","templated":true}]}}