{"id":19047,"date":"2021-05-16T20:15:06","date_gmt":"2021-05-16T23:15:06","guid":{"rendered":"http:\/\/www.jornalcontato.com.br\/home\/?p=19047"},"modified":"2021-05-16T20:15:06","modified_gmt":"2021-05-16T23:15:06","slug":"o-silencio-do-general-bernardo-mello-franco-oglobo","status":"publish","type":"post","link":"https:\/\/www.jornalcontato.com.br\/home\/index.php\/o-silencio-do-general-bernardo-mello-franco-oglobo\/","title":{"rendered":"O sil\u00eancio do general (Bernardo Mello Franco &#8211; OGlobo)"},"content":{"rendered":"<p>H\u00e1 dez anos, o estamento militar se uniu para combater a Comiss\u00e3o Nacional da Verdade. Os generais temiam que a revela\u00e7\u00e3o de crimes da ditadura causasse dano \u00e0 imagem das For\u00e7as Armadas. Faltou vis\u00e3o estrat\u00e9gica: o pior estava por vir com Eduardo Pazuello.<\/p>\n<p>A passagem do general pelo Minist\u00e9rio da Sa\u00fade implodiu o mito da efici\u00eancia dos militares. O oficial afastou t\u00e9cnicos e aparelhou a pasta com coron\u00e9is, majores e capit\u00e3es. O resultado foi uma gest\u00e3o ca\u00f3tica, que abra\u00e7ou o negacionismo, atrasou a compra de vacinas e deixou faltar oxig\u00eanio em hospitais.<\/p>\n<p>Pazuello tamb\u00e9m desmontou o marketing da bravura dos homens de farda. Para n\u00e3o perder o cargo, o general se humilhou publicamente diante do capit\u00e3o. \u201c\u00c9 simples assim: um manda, e o outro obedece\u201d, explicou, ao ser desautorizado na negocia\u00e7\u00e3o com o Instituto Butantan.<\/p>\n<p><a href=\"http:\/\/jornalcontato.com.br\/home\/wp-content\/uploads\/2021\/05\/Puxao-de-orelha.jpg\"><img loading=\"lazy\" decoding=\"async\" class=\"aligncenter size-large wp-image-19048\" src=\"http:\/\/jornalcontato.com.br\/home\/wp-content\/uploads\/2021\/05\/Puxao-de-orelha-450x326.jpg\" alt=\"\" width=\"450\" height=\"326\" srcset=\"https:\/\/jornalcontato.com.br\/home\/wp-content\/uploads\/2021\/05\/Puxao-de-orelha-450x326.jpg 450w, https:\/\/jornalcontato.com.br\/home\/wp-content\/uploads\/2021\/05\/Puxao-de-orelha-300x218.jpg 300w, https:\/\/jornalcontato.com.br\/home\/wp-content\/uploads\/2021\/05\/Puxao-de-orelha.jpg 600w\" sizes=\"auto, (max-width: 450px) 100vw, 450px\" \/><\/a><\/p>\n<p style=\"text-align: center;\"><em><strong>Pazuello compromete sua imagem e a do Ex\u00e9rcito Brasileiro<\/strong><\/em><\/p>\n<p>A CPI da Covid j\u00e1 causou novos desgastes a Pazuello e ao Ex\u00e9rcito. Depois de usar uma desculpa esfarrapada para adiar seu depoimento, o ex-ministro apelou ao Supremo pelo direito de permanecer calado.<\/p>\n<p>O habeas corpus concedido pelo ministro Ricardo Lewandowski segue a jurisprud\u00eancia do tribunal. A Constitui\u00e7\u00e3o tamb\u00e9m \u00e9 clara: ningu\u00e9m \u00e9 obrigado a produzir prova contra si mesmo. No entanto, a blindagem jur\u00eddica ter\u00e1 efeitos adversos. O sil\u00eancio do general deve agravar sua desmoraliza\u00e7\u00e3o diante dos senadores e da opini\u00e3o p\u00fablica.<\/p>\n<p>Ainda que compare\u00e7a em trajes civis, Pazuello representar\u00e1 o Ex\u00e9rcito na CPI. Ele \u00e9 general da ativa, loteou o minist\u00e9rio entre colegas da caserna e agora \u00e9 defendido pela Advocacia-Geral da Uni\u00e3o. \u00c9 imposs\u00edvel separar o personagem da institui\u00e7\u00e3o que o abriga e acoberta.<\/p>\n<p>H\u00e1 outros riscos \u00e0 vista para o general fuj\u00e3o. Apesar de ter garantido seu direito ao sil\u00eancio, Lewandowski ressaltou que ele precisar\u00e1 responder a perguntas que envolvam \u201cfatos e condutas relativas a terceiros\u201d. Nesses casos, valer\u00e1 o compromisso de dizer a verdade. Se mentir aos senadores, o ex-ministro poder\u00e1 ser responsabilizado por falso testemunho.<\/p>\n<p>O relator Renan Calheiros deixou claro que o habeas corpus n\u00e3o resolve todos os problemas de Pazuello. \u201cInterrogat\u00f3rio bom n\u00e3o busca confiss\u00f5es, quer acusa\u00e7\u00f5es sobre terceiros. Com rela\u00e7\u00e3o a ele, outros falar\u00e3o\u201d, avisou.<\/p>\n","protected":false},"excerpt":{"rendered":"<p>H\u00e1 dez anos, o estamento militar se uniu para combater a Comiss\u00e3o Nacional da Verdade. Os generais temiam que a revela\u00e7\u00e3o de crimes da ditadura &#8230;<\/p>\n","protected":false},"author":1,"featured_media":19049,"comment_status":"open","ping_status":"open","sticky":false,"template":"","format":"standard","meta":{"footnotes":""},"categories":[1],"tags":[],"class_list":["post-19047","post","type-post","status-publish","format-standard","has-post-thumbnail","hentry","category-nacional"],"_links":{"self":[{"href":"https:\/\/www.jornalcontato.com.br\/home\/index.php\/wp-json\/wp\/v2\/posts\/19047","targetHints":{"allow":["GET"]}}],"collection":[{"href":"https:\/\/www.jornalcontato.com.br\/home\/index.php\/wp-json\/wp\/v2\/posts"}],"about":[{"href":"https:\/\/www.jornalcontato.com.br\/home\/index.php\/wp-json\/wp\/v2\/types\/post"}],"author":[{"embeddable":true,"href":"https:\/\/www.jornalcontato.com.br\/home\/index.php\/wp-json\/wp\/v2\/users\/1"}],"replies":[{"embeddable":true,"href":"https:\/\/www.jornalcontato.com.br\/home\/index.php\/wp-json\/wp\/v2\/comments?post=19047"}],"version-history":[{"count":1,"href":"https:\/\/www.jornalcontato.com.br\/home\/index.php\/wp-json\/wp\/v2\/posts\/19047\/revisions"}],"predecessor-version":[{"id":19050,"href":"https:\/\/www.jornalcontato.com.br\/home\/index.php\/wp-json\/wp\/v2\/posts\/19047\/revisions\/19050"}],"wp:featuredmedia":[{"embeddable":true,"href":"https:\/\/www.jornalcontato.com.br\/home\/index.php\/wp-json\/wp\/v2\/media\/19049"}],"wp:attachment":[{"href":"https:\/\/www.jornalcontato.com.br\/home\/index.php\/wp-json\/wp\/v2\/media?parent=19047"}],"wp:term":[{"taxonomy":"category","embeddable":true,"href":"https:\/\/www.jornalcontato.com.br\/home\/index.php\/wp-json\/wp\/v2\/categories?post=19047"},{"taxonomy":"post_tag","embeddable":true,"href":"https:\/\/www.jornalcontato.com.br\/home\/index.php\/wp-json\/wp\/v2\/tags?post=19047"}],"curies":[{"name":"wp","href":"https:\/\/api.w.org\/{rel}","templated":true}]}}