{"id":19041,"date":"2021-05-16T11:18:30","date_gmt":"2021-05-16T14:18:30","guid":{"rendered":"http:\/\/www.jornalcontato.com.br\/home\/?p=19041"},"modified":"2021-05-16T11:31:33","modified_gmt":"2021-05-16T14:31:33","slug":"terrorismo-canino-historias-de-pescadores-jc-sebe-bom-meihy","status":"publish","type":"post","link":"https:\/\/www.jornalcontato.com.br\/home\/index.php\/terrorismo-canino-historias-de-pescadores-jc-sebe-bom-meihy\/","title":{"rendered":"TERRORISMO CANINO \u2013 hist\u00f3rias de pescadores (JC Sebe Bom Meihy)"},"content":{"rendered":"<p>Em minhas andan\u00e7as dominicais, a orla da Urca tem ocupado lugar especial. Linda demais&#8230; Ver o Rio daquele \u00e2ngulo \u00e9 privil\u00e9gio pouco explorado, condi\u00e7\u00e3o que permite certa exclusividade. Semanas depois de semanas, por fim a gente acaba acompanhando um pouco a rotina dos usu\u00e1rios, sempre os mesmos. Os bares que servem caf\u00e9 da manh\u00e3, os frequentadores da missa na Nossa Senhora do Brasil, os deliciosos restaurantes dos \u201cportugas\u201d e at\u00e9 os inef\u00e1veis pescadores de fim de semana. Costumo tomar uma \u00e1gua de coco, sempre no mesmo ponto onde de longe ou\u00e7o os causos de quantos jogam iscas que ati\u00e7am peixes. E rolam hist\u00f3rias, nossa!&#8230;<\/p>\n<p>No \u00faltimo fim de semana, depois de dias chuvosos, cumpri minha sina de andarilho potencial: bermuda, t\u00eanis confort\u00e1vel, protetor solar, soltei meus passos. No lugar previsto, estrategicamente disponibilizei meus ouvidos dispostos para relatos sempre expressos no modo exagero. Como chego tarde, as preliminares j\u00e1 haviam desfilado e restava, como sempre, um tema preferencial. Dessa feita o papo era sobre cachorros. Antes devo dizer que h\u00e1 uma esp\u00e9cie de acordo dissertativo onde, apesar da dist\u00e2ncia, cada um fala por seu turno e de maneira a todos participarem. E foi assim dessa vez.<\/p>\n<p><a href=\"http:\/\/jornalcontato.com.br\/home\/wp-content\/uploads\/2021\/05\/Praia-da-Urca.jpg\"><img loading=\"lazy\" decoding=\"async\" class=\"aligncenter size-large wp-image-19042\" src=\"http:\/\/jornalcontato.com.br\/home\/wp-content\/uploads\/2021\/05\/Praia-da-Urca-450x290.jpg\" alt=\"\" width=\"450\" height=\"290\" srcset=\"https:\/\/jornalcontato.com.br\/home\/wp-content\/uploads\/2021\/05\/Praia-da-Urca-450x290.jpg 450w, https:\/\/jornalcontato.com.br\/home\/wp-content\/uploads\/2021\/05\/Praia-da-Urca-300x194.jpg 300w, https:\/\/jornalcontato.com.br\/home\/wp-content\/uploads\/2021\/05\/Praia-da-Urca.jpg 620w\" sizes=\"auto, (max-width: 450px) 100vw, 450px\" \/><\/a><\/p>\n<p style=\"text-align: center;\"><em><strong>Praia da Urca tem uma vista privilegiada da cidade do Rio de Janeiro<\/strong><\/em><\/p>\n<p>Parecendo impaciente com o peixe que n\u00e3o vinha, fiquei chocado com o primeiro caso que versava sobre uma senhora que tinha em seu apartamento um chiuauazinho que perturbava a vizinhan\u00e7a. Intimada pelo s\u00edndico, sem querer se desfazer do pet, a dona, imagine, resolveu o problema cortando as cordas vocais do baixinho que nunca mais emitiu um au au. Engoli seco, mais ainda quando um outro relatou o espantoso caso de uma pessoa que entregou seu boxer para ter o rabo cortado e por engano cortaram as orelhas. N\u00e3o satisfeito, um pescador mais distante se fez ouvir mostrando indigna\u00e7\u00e3o ao contar de um suicida que ficou meses pensando o que fazer com o c\u00e3ozinho depois de sua premeditada autoimola\u00e7\u00e3o e, sem solu\u00e7\u00f5es, resolveu que tamb\u00e9m \u201csuicidaria\u201d o animalzinho num ritual anterior ao pr\u00f3prio. Fiquei perplexo e ainda mais quando os detalhes versaram sobre o uso de estricnina dilu\u00edda na comida especial feita para o c\u00e3ozinho. A surpresa veio quando os efeitos come\u00e7aram e o tot\u00f3 passou a se enrijecer de maneira horripilante. Vendo a cena, o arrependido dono, apavorado, chamou o zelador e juntos foram a um canil onde o animal foi reanimado e o suicida resolveu que deveria continuar vivo para sanar a crueldade planejada. Suic\u00eddio adiado eternamente.<\/p>\n<p>N\u00e3o satisfeito com esses relatos como se fora uma competi\u00e7\u00e3o, o primeiro narrador recobrou a vez e disse saber de uma hist\u00f3ria onde um conhecido, depois de ingerir algum alucin\u00f3geno forte, viu nos seus dois cachorros a incorpora\u00e7\u00e3o dos odiados chefes de trabalho e do nono andar de seu apartamento jogou os dois pela janela que, milagrosamente, ca\u00edram em um toldo que mesmo rasgando os protegeu amortizando a queda. O surpreendente, por\u00e9m, decorreu do desequil\u00edbrio do dono que, tonto, minutos depois se desequilibrou e pumba, caiu sem a prote\u00e7\u00e3o e morreu.<\/p>\n<p><a href=\"http:\/\/jornalcontato.com.br\/home\/wp-content\/uploads\/2021\/05\/macumba-cachorro.jpg\"><img loading=\"lazy\" decoding=\"async\" class=\"aligncenter size-large wp-image-19043\" src=\"http:\/\/jornalcontato.com.br\/home\/wp-content\/uploads\/2021\/05\/macumba-cachorro-338x450.jpg\" alt=\"\" width=\"338\" height=\"450\" srcset=\"https:\/\/jornalcontato.com.br\/home\/wp-content\/uploads\/2021\/05\/macumba-cachorro-338x450.jpg 338w, https:\/\/jornalcontato.com.br\/home\/wp-content\/uploads\/2021\/05\/macumba-cachorro-225x300.jpg 225w, https:\/\/jornalcontato.com.br\/home\/wp-content\/uploads\/2021\/05\/macumba-cachorro.jpg 540w\" sizes=\"auto, (max-width: 338px) 100vw, 338px\" \/><\/a><\/p>\n<p style=\"text-align: center;\"><em><strong>Ser\u00e1 que santo baixou nesse c\u00e3ozinho no terreiro de macumba?<\/strong><\/em><\/p>\n<p>Em nova rodada, o narrador da vez contou que um b\u00eabado, voltando de uma noitada, ao chegar em casa, com fome, abriu a geladeira, tirou uma lasanha para coloca-la no micro-ondas. Atrapalhado pelo latido infernal de seu c\u00e3ozinho, trocou as bolas e ligou o forno com o bichinho dentro.<\/p>\n<p>Eletrizado, j\u00e1 sem energia para continuar meu passeio, ouvi mais um caso estranho. Tratava-se de um pescador que sabia de um c\u00e3o fiel, mas t\u00e3o fiel que nunca largava o dono, nem na hora de ir ao terreiro de umbanda. Pois bem, este senhor um dia foi ao terreiro seguido pelo \u201cmelhor amigo\u201d. Ao entrar na roda viu seu animalzinho possu\u00eddo. Quanto mais gira se fazia, mais o cachorro expressava esp\u00edritos. E ningu\u00e9m estranhava nada&#8230;<\/p>\n<p>Houve, por\u00e9m, um protesto vindo do mar. Um peixe foi fisgado. Alegria geral do grupo, mas eu fiquei imaginando se n\u00e3o seria manifesta\u00e7\u00e3o de algum esp\u00edrito animal tentando p\u00f4r fim \u00e0quelas hist\u00f3rias de terror canino. Ou seria um cachorro peixe dando continuidade a tudo?<\/p>\n","protected":false},"excerpt":{"rendered":"<p>Em minhas andan\u00e7as dominicais, a orla da Urca tem ocupado lugar especial. Linda demais&#8230; Ver o Rio daquele \u00e2ngulo \u00e9 privil\u00e9gio pouco explorado, condi\u00e7\u00e3o que &#8230;<\/p>\n","protected":false},"author":1,"featured_media":19046,"comment_status":"open","ping_status":"open","sticky":false,"template":"","format":"standard","meta":{"footnotes":""},"categories":[1],"tags":[],"class_list":["post-19041","post","type-post","status-publish","format-standard","has-post-thumbnail","hentry","category-nacional"],"_links":{"self":[{"href":"https:\/\/www.jornalcontato.com.br\/home\/index.php\/wp-json\/wp\/v2\/posts\/19041","targetHints":{"allow":["GET"]}}],"collection":[{"href":"https:\/\/www.jornalcontato.com.br\/home\/index.php\/wp-json\/wp\/v2\/posts"}],"about":[{"href":"https:\/\/www.jornalcontato.com.br\/home\/index.php\/wp-json\/wp\/v2\/types\/post"}],"author":[{"embeddable":true,"href":"https:\/\/www.jornalcontato.com.br\/home\/index.php\/wp-json\/wp\/v2\/users\/1"}],"replies":[{"embeddable":true,"href":"https:\/\/www.jornalcontato.com.br\/home\/index.php\/wp-json\/wp\/v2\/comments?post=19041"}],"version-history":[{"count":1,"href":"https:\/\/www.jornalcontato.com.br\/home\/index.php\/wp-json\/wp\/v2\/posts\/19041\/revisions"}],"predecessor-version":[{"id":19045,"href":"https:\/\/www.jornalcontato.com.br\/home\/index.php\/wp-json\/wp\/v2\/posts\/19041\/revisions\/19045"}],"wp:featuredmedia":[{"embeddable":true,"href":"https:\/\/www.jornalcontato.com.br\/home\/index.php\/wp-json\/wp\/v2\/media\/19046"}],"wp:attachment":[{"href":"https:\/\/www.jornalcontato.com.br\/home\/index.php\/wp-json\/wp\/v2\/media?parent=19041"}],"wp:term":[{"taxonomy":"category","embeddable":true,"href":"https:\/\/www.jornalcontato.com.br\/home\/index.php\/wp-json\/wp\/v2\/categories?post=19041"},{"taxonomy":"post_tag","embeddable":true,"href":"https:\/\/www.jornalcontato.com.br\/home\/index.php\/wp-json\/wp\/v2\/tags?post=19041"}],"curies":[{"name":"wp","href":"https:\/\/api.w.org\/{rel}","templated":true}]}}